{"id":6027,"date":"2019-01-14T10:23:20","date_gmt":"2019-01-14T09:23:20","guid":{"rendered":"http:\/\/gallican-montbrison.fr\/wp\/?p=6027"},"modified":"2019-01-14T10:47:28","modified_gmt":"2019-01-14T09:47:28","slug":"unite-des-chretiens-2019","status":"publish","type":"post","link":"https:\/\/gallican-montbrison.fr\/wp\/?p=6027","title":{"rendered":"Unit\u00e9 des Chr\u00e9tiens 2019"},"content":{"rendered":"<h3><em><strong><span style=\"color: #ff6600;\">C\u00e9l\u00e9bration Oecum\u00e9nique <\/span><\/strong><\/em><\/h3>\n<h3><strong><em><span style=\"color: #ff6600;\">le samedi 19 Janvier \u00e0 19h au Temple de Montbrison<\/span><\/em><br \/>\n<\/strong><\/h3>\n<p>Les communaut\u00e9s chr\u00e9tiennes de Montbrison: Catholique, Protestante unie de France, Gallicane et Orthodoxe roumaine<\/p>\n<p>vous invitent \u00e0 les rejoindre pour prier cette <span style=\"color: #ff6600;\">c\u00e9l\u00e9bration commune propos\u00e9e par les Chr\u00e9tiens d&rsquo;Indon\u00e9sie pour cette semaine 2019 de pri\u00e8res pour l&rsquo;Unit\u00e9 de tous les Chr\u00e9tiens.<\/span><\/p>\n<p><a href=\"http:\/\/gallican-montbrison.fr\/wp\/wp-content\/uploads\/2019\/01\/logo-unite\u0301-chretiens.jpeg\"><img loading=\"lazy\" decoding=\"async\" class=\"alignleft size-full wp-image-6029\" src=\"http:\/\/gallican-montbrison.fr\/wp\/wp-content\/uploads\/2019\/01\/logo-unite\u0301-chretiens.jpeg\" alt=\"\" width=\"840\" height=\"924\" srcset=\"https:\/\/gallican-montbrison.fr\/wp\/wp-content\/uploads\/2019\/01\/logo-unite\u0301-chretiens.jpeg 840w, https:\/\/gallican-montbrison.fr\/wp\/wp-content\/uploads\/2019\/01\/logo-unite\u0301-chretiens-273x300.jpeg 273w, https:\/\/gallican-montbrison.fr\/wp\/wp-content\/uploads\/2019\/01\/logo-unite\u0301-chretiens-768x845.jpeg 768w\" sizes=\"(max-width: 840px) 100vw, 840px\" \/><\/a>Pour la pr\u00e9paration de cette c\u00e9l\u00e9bration nous avons mis \u00e0 disposition notre chapelle.<\/p>\n<p>Ensemble, nous avons relu la c\u00e9l\u00e9bration pour que chaque communaut\u00e9 se sente bien dans cette pri\u00e8re commune mais en amont de notre rencontre \u00ab\u00a0Unit\u00e9 Chr\u00e9tienne\u00a0\u00bb et le COE (Conseil Oecum\u00e9nique des Eglises) font d\u00e9j\u00e0 un \u00e9norme travail de traduction et d\u2019adaptation dans le respect de la proposition initiale et des communaut\u00e9s auxquelles elles s\u2019adressent.<\/p>\n<p>La chorale oecum\u00e9nique accompagnera de ses chants la c\u00e9l\u00e9bration<\/p>\n<p>&nbsp;<\/p>\n","protected":false},"excerpt":{"rendered":"<p>C\u00e9l\u00e9bration Oecum\u00e9nique le samedi 19 Janvier \u00e0 19h au Temple de Montbrison Les communaut\u00e9s chr\u00e9tiennes de Montbrison: Catholique, Protestante unie de France, Gallicane et Orthodoxe roumaine vous invitent \u00e0 les rejoindre pour prier cette c\u00e9l\u00e9bration commune propos\u00e9e par les Chr\u00e9tiens &hellip; <a href=\"https:\/\/gallican-montbrison.fr\/wp\/?p=6027\">Continuer la lecture <span class=\"meta-nav\">&rarr;<\/span><\/a><\/p>\n","protected":false},"author":3,"featured_media":0,"comment_status":"closed","ping_status":"open","sticky":false,"template":"","format":"standard","meta":{"footnotes":""},"categories":[5],"tags":[],"class_list":["post-6027","post","type-post","status-publish","format-standard","hentry","category-vie-de-la-chapelle"],"yoast_head":"<!-- This site is optimized with the Yoast SEO plugin v25.6 - https:\/\/yoast.com\/wordpress\/plugins\/seo\/ -->\n<title>Unit\u00e9 des Chr\u00e9tiens 2019 - Chapelle Saint Michel Archange Montbrison<\/title>\n<meta name=\"robots\" content=\"index, follow, max-snippet:-1, max-image-preview:large, max-video-preview:-1\" \/>\n<link rel=\"canonical\" href=\"https:\/\/gallican-montbrison.fr\/wp\/?p=6027\" \/>\n<meta property=\"og:locale\" content=\"fr_FR\" \/>\n<meta property=\"og:type\" content=\"article\" \/>\n<meta property=\"og:title\" content=\"Unit\u00e9 des Chr\u00e9tiens 2019 - Chapelle Saint Michel Archange Montbrison\" \/>\n<meta property=\"og:description\" content=\"C\u00e9l\u00e9bration Oecum\u00e9nique le samedi 19 Janvier \u00e0 19h au Temple de Montbrison Les communaut\u00e9s chr\u00e9tiennes de Montbrison: Catholique, Protestante unie de France, Gallicane et Orthodoxe roumaine vous invitent \u00e0 les rejoindre pour prier cette c\u00e9l\u00e9bration commune propos\u00e9e par les Chr\u00e9tiens &hellip; Continuer la lecture &rarr;\" \/>\n<meta property=\"og:url\" content=\"https:\/\/gallican-montbrison.fr\/wp\/?p=6027\" \/>\n<meta property=\"og:site_name\" content=\"Chapelle Saint Michel Archange Montbrison\" \/>\n<meta property=\"article:publisher\" content=\"https:\/\/www.facebook.com\/people\/Eglise-Gallicane-Chapelle-Saint-Michel-Archange\/100064564306693\/\" \/>\n<meta property=\"article:published_time\" content=\"2019-01-14T09:23:20+00:00\" \/>\n<meta property=\"article:modified_time\" content=\"2019-01-14T09:47:28+00:00\" \/>\n<meta name=\"author\" content=\"Colette\" \/>\n<meta name=\"twitter:card\" content=\"summary_large_image\" \/>\n<meta name=\"twitter:label1\" content=\"\u00c9crit par\" \/>\n\t<meta name=\"twitter:data1\" content=\"Colette\" \/>\n\t<meta name=\"twitter:label2\" content=\"Dur\u00e9e de lecture estim\u00e9e\" \/>\n\t<meta name=\"twitter:data2\" content=\"1 minute\" \/>\n<script type=\"application\/ld+json\" class=\"yoast-schema-graph\">{\"@context\":\"https:\/\/schema.org\",\"@graph\":[{\"@type\":\"WebPage\",\"@id\":\"https:\/\/gallican-montbrison.fr\/wp\/?p=6027\",\"url\":\"https:\/\/gallican-montbrison.fr\/wp\/?p=6027\",\"name\":\"Unit\u00e9 des Chr\u00e9tiens 2019 - Chapelle Saint Michel Archange Montbrison\",\"isPartOf\":{\"@id\":\"https:\/\/gallican-montbrison.fr\/wp\/#website\"},\"datePublished\":\"2019-01-14T09:23:20+00:00\",\"dateModified\":\"2019-01-14T09:47:28+00:00\",\"author\":{\"@id\":\"https:\/\/gallican-montbrison.fr\/wp\/#\/schema\/person\/fc5571a40f7c79de2fb1b0cf72c089a4\"},\"breadcrumb\":{\"@id\":\"https:\/\/gallican-montbrison.fr\/wp\/?p=6027#breadcrumb\"},\"inLanguage\":\"fr-FR\",\"potentialAction\":[{\"@type\":\"ReadAction\",\"target\":[\"https:\/\/gallican-montbrison.fr\/wp\/?p=6027\"]}]},{\"@type\":\"BreadcrumbList\",\"@id\":\"https:\/\/gallican-montbrison.fr\/wp\/?p=6027#breadcrumb\",\"itemListElement\":[{\"@type\":\"ListItem\",\"position\":1,\"name\":\"Accueil\",\"item\":\"https:\/\/gallican-montbrison.fr\/wp\"},{\"@type\":\"ListItem\",\"position\":2,\"name\":\"Unit\u00e9 des Chr\u00e9tiens 2019\"}]},{\"@type\":\"WebSite\",\"@id\":\"https:\/\/gallican-montbrison.fr\/wp\/#website\",\"url\":\"https:\/\/gallican-montbrison.fr\/wp\/\",\"name\":\"Chapelle Saint Michel Archange Montbrison\",\"description\":\"Eglise Gallicane, Tradition Apostolique de Gazinet\",\"potentialAction\":[{\"@type\":\"SearchAction\",\"target\":{\"@type\":\"EntryPoint\",\"urlTemplate\":\"https:\/\/gallican-montbrison.fr\/wp\/?s={search_term_string}\"},\"query-input\":{\"@type\":\"PropertyValueSpecification\",\"valueRequired\":true,\"valueName\":\"search_term_string\"}}],\"inLanguage\":\"fr-FR\"},{\"@type\":\"Person\",\"@id\":\"https:\/\/gallican-montbrison.fr\/wp\/#\/schema\/person\/fc5571a40f7c79de2fb1b0cf72c089a4\",\"name\":\"Colette\",\"url\":\"https:\/\/gallican-montbrison.fr\/wp\/?author=3\"}]}<\/script>\n<!-- \/ Yoast SEO plugin. -->","yoast_head_json":{"title":"Unit\u00e9 des Chr\u00e9tiens 2019 - Chapelle Saint Michel Archange Montbrison","robots":{"index":"index","follow":"follow","max-snippet":"max-snippet:-1","max-image-preview":"max-image-preview:large","max-video-preview":"max-video-preview:-1"},"canonical":"https:\/\/gallican-montbrison.fr\/wp\/?p=6027","og_locale":"fr_FR","og_type":"article","og_title":"Unit\u00e9 des Chr\u00e9tiens 2019 - Chapelle Saint Michel Archange Montbrison","og_description":"C\u00e9l\u00e9bration Oecum\u00e9nique le samedi 19 Janvier \u00e0 19h au Temple de Montbrison Les communaut\u00e9s chr\u00e9tiennes de Montbrison: Catholique, Protestante unie de France, Gallicane et Orthodoxe roumaine vous invitent \u00e0 les rejoindre pour prier cette c\u00e9l\u00e9bration commune propos\u00e9e par les Chr\u00e9tiens &hellip; Continuer la lecture &rarr;","og_url":"https:\/\/gallican-montbrison.fr\/wp\/?p=6027","og_site_name":"Chapelle Saint Michel Archange Montbrison","article_publisher":"https:\/\/www.facebook.com\/people\/Eglise-Gallicane-Chapelle-Saint-Michel-Archange\/100064564306693\/","article_published_time":"2019-01-14T09:23:20+00:00","article_modified_time":"2019-01-14T09:47:28+00:00","author":"Colette","twitter_card":"summary_large_image","twitter_misc":{"\u00c9crit par":"Colette","Dur\u00e9e de lecture estim\u00e9e":"1 minute"},"schema":{"@context":"https:\/\/schema.org","@graph":[{"@type":"WebPage","@id":"https:\/\/gallican-montbrison.fr\/wp\/?p=6027","url":"https:\/\/gallican-montbrison.fr\/wp\/?p=6027","name":"Unit\u00e9 des Chr\u00e9tiens 2019 - Chapelle Saint Michel Archange Montbrison","isPartOf":{"@id":"https:\/\/gallican-montbrison.fr\/wp\/#website"},"datePublished":"2019-01-14T09:23:20+00:00","dateModified":"2019-01-14T09:47:28+00:00","author":{"@id":"https:\/\/gallican-montbrison.fr\/wp\/#\/schema\/person\/fc5571a40f7c79de2fb1b0cf72c089a4"},"breadcrumb":{"@id":"https:\/\/gallican-montbrison.fr\/wp\/?p=6027#breadcrumb"},"inLanguage":"fr-FR","potentialAction":[{"@type":"ReadAction","target":["https:\/\/gallican-montbrison.fr\/wp\/?p=6027"]}]},{"@type":"BreadcrumbList","@id":"https:\/\/gallican-montbrison.fr\/wp\/?p=6027#breadcrumb","itemListElement":[{"@type":"ListItem","position":1,"name":"Accueil","item":"https:\/\/gallican-montbrison.fr\/wp"},{"@type":"ListItem","position":2,"name":"Unit\u00e9 des Chr\u00e9tiens 2019"}]},{"@type":"WebSite","@id":"https:\/\/gallican-montbrison.fr\/wp\/#website","url":"https:\/\/gallican-montbrison.fr\/wp\/","name":"Chapelle Saint Michel Archange Montbrison","description":"Eglise Gallicane, Tradition Apostolique de Gazinet","potentialAction":[{"@type":"SearchAction","target":{"@type":"EntryPoint","urlTemplate":"https:\/\/gallican-montbrison.fr\/wp\/?s={search_term_string}"},"query-input":{"@type":"PropertyValueSpecification","valueRequired":true,"valueName":"search_term_string"}}],"inLanguage":"fr-FR"},{"@type":"Person","@id":"https:\/\/gallican-montbrison.fr\/wp\/#\/schema\/person\/fc5571a40f7c79de2fb1b0cf72c089a4","name":"Colette","url":"https:\/\/gallican-montbrison.fr\/wp\/?author=3"}]}},"_links":{"self":[{"href":"https:\/\/gallican-montbrison.fr\/wp\/index.php?rest_route=\/wp\/v2\/posts\/6027"}],"collection":[{"href":"https:\/\/gallican-montbrison.fr\/wp\/index.php?rest_route=\/wp\/v2\/posts"}],"about":[{"href":"https:\/\/gallican-montbrison.fr\/wp\/index.php?rest_route=\/wp\/v2\/types\/post"}],"author":[{"embeddable":true,"href":"https:\/\/gallican-montbrison.fr\/wp\/index.php?rest_route=\/wp\/v2\/users\/3"}],"replies":[{"embeddable":true,"href":"https:\/\/gallican-montbrison.fr\/wp\/index.php?rest_route=%2Fwp%2Fv2%2Fcomments&post=6027"}],"version-history":[{"count":6,"href":"https:\/\/gallican-montbrison.fr\/wp\/index.php?rest_route=\/wp\/v2\/posts\/6027\/revisions"}],"predecessor-version":[{"id":6035,"href":"https:\/\/gallican-montbrison.fr\/wp\/index.php?rest_route=\/wp\/v2\/posts\/6027\/revisions\/6035"}],"wp:attachment":[{"href":"https:\/\/gallican-montbrison.fr\/wp\/index.php?rest_route=%2Fwp%2Fv2%2Fmedia&parent=6027"}],"wp:term":[{"taxonomy":"category","embeddable":true,"href":"https:\/\/gallican-montbrison.fr\/wp\/index.php?rest_route=%2Fwp%2Fv2%2Fcategories&post=6027"},{"taxonomy":"post_tag","embeddable":true,"href":"https:\/\/gallican-montbrison.fr\/wp\/index.php?rest_route=%2Fwp%2Fv2%2Ftags&post=6027"}],"curies":[{"name":"wp","href":"https:\/\/api.w.org\/{rel}","templated":true}]}}