{"id":6036,"date":"2019-01-14T07:48:21","date_gmt":"2019-01-14T06:48:21","guid":{"rendered":"http:\/\/gallican-montbrison.fr\/wp\/?p=6036"},"modified":"2019-04-02T11:10:23","modified_gmt":"2019-04-02T09:10:23","slug":"bapteme-enya-13-01-19","status":"publish","type":"post","link":"https:\/\/gallican-montbrison.fr\/wp\/?p=6036","title":{"rendered":"Bapt\u00eame Enya (01.2019)"},"content":{"rendered":"<p><a href=\"http:\/\/gallican-montbrison.fr\/wp\/wp-content\/uploads\/2019\/01\/P1080489-e1547463606410.jpg\"><img loading=\"lazy\" decoding=\"async\" class=\"alignleft size-medium wp-image-6046\" src=\"http:\/\/gallican-montbrison.fr\/wp\/wp-content\/uploads\/2019\/01\/P1080489-e1547463606410-225x300.jpg\" alt=\"\" width=\"225\" height=\"300\" srcset=\"https:\/\/gallican-montbrison.fr\/wp\/wp-content\/uploads\/2019\/01\/P1080489-e1547463606410-225x300.jpg 225w, https:\/\/gallican-montbrison.fr\/wp\/wp-content\/uploads\/2019\/01\/P1080489-e1547463606410-768x1024.jpg 768w\" sizes=\"(max-width: 225px) 100vw, 225px\" \/><\/a><a href=\"http:\/\/gallican-montbrison.fr\/wp\/wp-content\/uploads\/2019\/01\/P1080494.jpg\"><img loading=\"lazy\" decoding=\"async\" class=\"alignleft size-medium wp-image-6044\" src=\"http:\/\/gallican-montbrison.fr\/wp\/wp-content\/uploads\/2019\/01\/P1080494-300x225.jpg\" alt=\"\" width=\"300\" height=\"225\" srcset=\"https:\/\/gallican-montbrison.fr\/wp\/wp-content\/uploads\/2019\/01\/P1080494-300x225.jpg 300w, https:\/\/gallican-montbrison.fr\/wp\/wp-content\/uploads\/2019\/01\/P1080494-768x576.jpg 768w, https:\/\/gallican-montbrison.fr\/wp\/wp-content\/uploads\/2019\/01\/P1080494-1024x768.jpg 1024w\" sizes=\"(max-width: 300px) 100vw, 300px\" \/><\/a><a href=\"http:\/\/gallican-montbrison.fr\/wp\/wp-content\/uploads\/2019\/01\/P1080496.jpg\"><img loading=\"lazy\" decoding=\"async\" class=\"alignleft size-large wp-image-6045\" src=\"http:\/\/gallican-montbrison.fr\/wp\/wp-content\/uploads\/2019\/01\/P1080496-1024x768.jpg\" alt=\"\" width=\"640\" height=\"480\" srcset=\"https:\/\/gallican-montbrison.fr\/wp\/wp-content\/uploads\/2019\/01\/P1080496-1024x768.jpg 1024w, https:\/\/gallican-montbrison.fr\/wp\/wp-content\/uploads\/2019\/01\/P1080496-300x225.jpg 300w, https:\/\/gallican-montbrison.fr\/wp\/wp-content\/uploads\/2019\/01\/P1080496-768x576.jpg 768w\" sizes=\"(max-width: 640px) 100vw, 640px\" \/><\/a><\/p>\n<p>&nbsp;<\/p>\n<p>&nbsp;<\/p>\n<p>&nbsp;<\/p>\n<p>&nbsp;<\/p>\n<p>&nbsp;<\/p>\n<p>&nbsp;<\/p>\n<p>Dimanche 13 Janvier nous avons eu le bonheur de donner \u00e0 Enya le sacrement du Bapt\u00eame et ainsi de la faire entrer dans la grande famille des chr\u00e9tiens. La Foi de ses parents et l&rsquo;amour de ses parrain, marraine et de toute sa famille \u00e9taient l\u00e0 pour l&rsquo;entourer et l&rsquo;accompagner dans ce beau moment.<\/p>\n<p>Joie aussi pour nous religieux de voir continuer le chemin avec notre Eglise puisque nous avions mari\u00e9s C\u00e9cile et Kevin, ses parents, en 2016.<\/p>\n","protected":false},"excerpt":{"rendered":"<p>&nbsp; &nbsp; &nbsp; &nbsp; &nbsp; &nbsp; Dimanche 13 Janvier nous avons eu le bonheur de donner \u00e0 Enya le sacrement du Bapt\u00eame et ainsi de la faire entrer dans la grande famille des chr\u00e9tiens. La Foi de ses parents et &hellip; <a href=\"https:\/\/gallican-montbrison.fr\/wp\/?p=6036\">Continuer la lecture <span class=\"meta-nav\">&rarr;<\/span><\/a><\/p>\n","protected":false},"author":3,"featured_media":0,"comment_status":"closed","ping_status":"open","sticky":false,"template":"","format":"standard","meta":{"footnotes":""},"categories":[249,5],"tags":[],"class_list":["post-6036","post","type-post","status-publish","format-standard","hentry","category-sacrements","category-vie-de-la-chapelle"],"yoast_head":"<!-- This site is optimized with the Yoast SEO plugin v25.6 - https:\/\/yoast.com\/wordpress\/plugins\/seo\/ -->\n<title>Bapt\u00eame Enya (01.2019) - Chapelle Saint Michel Archange Montbrison<\/title>\n<meta name=\"robots\" content=\"index, follow, max-snippet:-1, max-image-preview:large, max-video-preview:-1\" \/>\n<link rel=\"canonical\" href=\"https:\/\/gallican-montbrison.fr\/wp\/?p=6036\" \/>\n<meta property=\"og:locale\" content=\"fr_FR\" \/>\n<meta property=\"og:type\" content=\"article\" \/>\n<meta property=\"og:title\" content=\"Bapt\u00eame Enya (01.2019) - Chapelle Saint Michel Archange Montbrison\" \/>\n<meta property=\"og:description\" content=\"&nbsp; &nbsp; &nbsp; &nbsp; &nbsp; &nbsp; Dimanche 13 Janvier nous avons eu le bonheur de donner \u00e0 Enya le sacrement du Bapt\u00eame et ainsi de la faire entrer dans la grande famille des chr\u00e9tiens. La Foi de ses parents et &hellip; Continuer la lecture &rarr;\" \/>\n<meta property=\"og:url\" content=\"https:\/\/gallican-montbrison.fr\/wp\/?p=6036\" \/>\n<meta property=\"og:site_name\" content=\"Chapelle Saint Michel Archange Montbrison\" \/>\n<meta property=\"article:publisher\" content=\"https:\/\/www.facebook.com\/people\/Eglise-Gallicane-Chapelle-Saint-Michel-Archange\/100064564306693\/\" \/>\n<meta property=\"article:published_time\" content=\"2019-01-14T06:48:21+00:00\" \/>\n<meta property=\"article:modified_time\" content=\"2019-04-02T09:10:23+00:00\" \/>\n<meta property=\"og:image\" content=\"http:\/\/gallican-montbrison.fr\/wp\/wp-content\/uploads\/2019\/01\/P1080489-e1547463606410-225x300.jpg\" \/>\n<meta name=\"author\" content=\"Colette\" \/>\n<meta name=\"twitter:card\" content=\"summary_large_image\" \/>\n<meta name=\"twitter:label1\" content=\"\u00c9crit par\" \/>\n\t<meta name=\"twitter:data1\" content=\"Colette\" \/>\n<script type=\"application\/ld+json\" class=\"yoast-schema-graph\">{\"@context\":\"https:\/\/schema.org\",\"@graph\":[{\"@type\":\"WebPage\",\"@id\":\"https:\/\/gallican-montbrison.fr\/wp\/?p=6036\",\"url\":\"https:\/\/gallican-montbrison.fr\/wp\/?p=6036\",\"name\":\"Bapt\u00eame Enya (01.2019) - Chapelle Saint Michel Archange Montbrison\",\"isPartOf\":{\"@id\":\"https:\/\/gallican-montbrison.fr\/wp\/#website\"},\"primaryImageOfPage\":{\"@id\":\"https:\/\/gallican-montbrison.fr\/wp\/?p=6036#primaryimage\"},\"image\":{\"@id\":\"https:\/\/gallican-montbrison.fr\/wp\/?p=6036#primaryimage\"},\"thumbnailUrl\":\"http:\/\/gallican-montbrison.fr\/wp\/wp-content\/uploads\/2019\/01\/P1080489-e1547463606410-225x300.jpg\",\"datePublished\":\"2019-01-14T06:48:21+00:00\",\"dateModified\":\"2019-04-02T09:10:23+00:00\",\"author\":{\"@id\":\"https:\/\/gallican-montbrison.fr\/wp\/#\/schema\/person\/fc5571a40f7c79de2fb1b0cf72c089a4\"},\"breadcrumb\":{\"@id\":\"https:\/\/gallican-montbrison.fr\/wp\/?p=6036#breadcrumb\"},\"inLanguage\":\"fr-FR\",\"potentialAction\":[{\"@type\":\"ReadAction\",\"target\":[\"https:\/\/gallican-montbrison.fr\/wp\/?p=6036\"]}]},{\"@type\":\"ImageObject\",\"inLanguage\":\"fr-FR\",\"@id\":\"https:\/\/gallican-montbrison.fr\/wp\/?p=6036#primaryimage\",\"url\":\"https:\/\/gallican-montbrison.fr\/wp\/wp-content\/uploads\/2019\/01\/P1080489-e1547463606410.jpg\",\"contentUrl\":\"https:\/\/gallican-montbrison.fr\/wp\/wp-content\/uploads\/2019\/01\/P1080489-e1547463606410.jpg\",\"width\":2448,\"height\":3264},{\"@type\":\"BreadcrumbList\",\"@id\":\"https:\/\/gallican-montbrison.fr\/wp\/?p=6036#breadcrumb\",\"itemListElement\":[{\"@type\":\"ListItem\",\"position\":1,\"name\":\"Accueil\",\"item\":\"https:\/\/gallican-montbrison.fr\/wp\"},{\"@type\":\"ListItem\",\"position\":2,\"name\":\"Bapt\u00eame Enya (01.2019)\"}]},{\"@type\":\"WebSite\",\"@id\":\"https:\/\/gallican-montbrison.fr\/wp\/#website\",\"url\":\"https:\/\/gallican-montbrison.fr\/wp\/\",\"name\":\"Chapelle Saint Michel Archange Montbrison\",\"description\":\"Eglise Gallicane, Tradition Apostolique de Gazinet\",\"potentialAction\":[{\"@type\":\"SearchAction\",\"target\":{\"@type\":\"EntryPoint\",\"urlTemplate\":\"https:\/\/gallican-montbrison.fr\/wp\/?s={search_term_string}\"},\"query-input\":{\"@type\":\"PropertyValueSpecification\",\"valueRequired\":true,\"valueName\":\"search_term_string\"}}],\"inLanguage\":\"fr-FR\"},{\"@type\":\"Person\",\"@id\":\"https:\/\/gallican-montbrison.fr\/wp\/#\/schema\/person\/fc5571a40f7c79de2fb1b0cf72c089a4\",\"name\":\"Colette\",\"url\":\"https:\/\/gallican-montbrison.fr\/wp\/?author=3\"}]}<\/script>\n<!-- \/ Yoast SEO plugin. -->","yoast_head_json":{"title":"Bapt\u00eame Enya (01.2019) - Chapelle Saint Michel Archange Montbrison","robots":{"index":"index","follow":"follow","max-snippet":"max-snippet:-1","max-image-preview":"max-image-preview:large","max-video-preview":"max-video-preview:-1"},"canonical":"https:\/\/gallican-montbrison.fr\/wp\/?p=6036","og_locale":"fr_FR","og_type":"article","og_title":"Bapt\u00eame Enya (01.2019) - Chapelle Saint Michel Archange Montbrison","og_description":"&nbsp; &nbsp; &nbsp; &nbsp; &nbsp; &nbsp; Dimanche 13 Janvier nous avons eu le bonheur de donner \u00e0 Enya le sacrement du Bapt\u00eame et ainsi de la faire entrer dans la grande famille des chr\u00e9tiens. La Foi de ses parents et &hellip; Continuer la lecture &rarr;","og_url":"https:\/\/gallican-montbrison.fr\/wp\/?p=6036","og_site_name":"Chapelle Saint Michel Archange Montbrison","article_publisher":"https:\/\/www.facebook.com\/people\/Eglise-Gallicane-Chapelle-Saint-Michel-Archange\/100064564306693\/","article_published_time":"2019-01-14T06:48:21+00:00","article_modified_time":"2019-04-02T09:10:23+00:00","og_image":[{"url":"http:\/\/gallican-montbrison.fr\/wp\/wp-content\/uploads\/2019\/01\/P1080489-e1547463606410-225x300.jpg","type":"","width":"","height":""}],"author":"Colette","twitter_card":"summary_large_image","twitter_misc":{"\u00c9crit par":"Colette"},"schema":{"@context":"https:\/\/schema.org","@graph":[{"@type":"WebPage","@id":"https:\/\/gallican-montbrison.fr\/wp\/?p=6036","url":"https:\/\/gallican-montbrison.fr\/wp\/?p=6036","name":"Bapt\u00eame Enya (01.2019) - Chapelle Saint Michel Archange Montbrison","isPartOf":{"@id":"https:\/\/gallican-montbrison.fr\/wp\/#website"},"primaryImageOfPage":{"@id":"https:\/\/gallican-montbrison.fr\/wp\/?p=6036#primaryimage"},"image":{"@id":"https:\/\/gallican-montbrison.fr\/wp\/?p=6036#primaryimage"},"thumbnailUrl":"http:\/\/gallican-montbrison.fr\/wp\/wp-content\/uploads\/2019\/01\/P1080489-e1547463606410-225x300.jpg","datePublished":"2019-01-14T06:48:21+00:00","dateModified":"2019-04-02T09:10:23+00:00","author":{"@id":"https:\/\/gallican-montbrison.fr\/wp\/#\/schema\/person\/fc5571a40f7c79de2fb1b0cf72c089a4"},"breadcrumb":{"@id":"https:\/\/gallican-montbrison.fr\/wp\/?p=6036#breadcrumb"},"inLanguage":"fr-FR","potentialAction":[{"@type":"ReadAction","target":["https:\/\/gallican-montbrison.fr\/wp\/?p=6036"]}]},{"@type":"ImageObject","inLanguage":"fr-FR","@id":"https:\/\/gallican-montbrison.fr\/wp\/?p=6036#primaryimage","url":"https:\/\/gallican-montbrison.fr\/wp\/wp-content\/uploads\/2019\/01\/P1080489-e1547463606410.jpg","contentUrl":"https:\/\/gallican-montbrison.fr\/wp\/wp-content\/uploads\/2019\/01\/P1080489-e1547463606410.jpg","width":2448,"height":3264},{"@type":"BreadcrumbList","@id":"https:\/\/gallican-montbrison.fr\/wp\/?p=6036#breadcrumb","itemListElement":[{"@type":"ListItem","position":1,"name":"Accueil","item":"https:\/\/gallican-montbrison.fr\/wp"},{"@type":"ListItem","position":2,"name":"Bapt\u00eame Enya (01.2019)"}]},{"@type":"WebSite","@id":"https:\/\/gallican-montbrison.fr\/wp\/#website","url":"https:\/\/gallican-montbrison.fr\/wp\/","name":"Chapelle Saint Michel Archange Montbrison","description":"Eglise Gallicane, Tradition Apostolique de Gazinet","potentialAction":[{"@type":"SearchAction","target":{"@type":"EntryPoint","urlTemplate":"https:\/\/gallican-montbrison.fr\/wp\/?s={search_term_string}"},"query-input":{"@type":"PropertyValueSpecification","valueRequired":true,"valueName":"search_term_string"}}],"inLanguage":"fr-FR"},{"@type":"Person","@id":"https:\/\/gallican-montbrison.fr\/wp\/#\/schema\/person\/fc5571a40f7c79de2fb1b0cf72c089a4","name":"Colette","url":"https:\/\/gallican-montbrison.fr\/wp\/?author=3"}]}},"_links":{"self":[{"href":"https:\/\/gallican-montbrison.fr\/wp\/index.php?rest_route=\/wp\/v2\/posts\/6036"}],"collection":[{"href":"https:\/\/gallican-montbrison.fr\/wp\/index.php?rest_route=\/wp\/v2\/posts"}],"about":[{"href":"https:\/\/gallican-montbrison.fr\/wp\/index.php?rest_route=\/wp\/v2\/types\/post"}],"author":[{"embeddable":true,"href":"https:\/\/gallican-montbrison.fr\/wp\/index.php?rest_route=\/wp\/v2\/users\/3"}],"replies":[{"embeddable":true,"href":"https:\/\/gallican-montbrison.fr\/wp\/index.php?rest_route=%2Fwp%2Fv2%2Fcomments&post=6036"}],"version-history":[{"count":7,"href":"https:\/\/gallican-montbrison.fr\/wp\/index.php?rest_route=\/wp\/v2\/posts\/6036\/revisions"}],"predecessor-version":[{"id":6190,"href":"https:\/\/gallican-montbrison.fr\/wp\/index.php?rest_route=\/wp\/v2\/posts\/6036\/revisions\/6190"}],"wp:attachment":[{"href":"https:\/\/gallican-montbrison.fr\/wp\/index.php?rest_route=%2Fwp%2Fv2%2Fmedia&parent=6036"}],"wp:term":[{"taxonomy":"category","embeddable":true,"href":"https:\/\/gallican-montbrison.fr\/wp\/index.php?rest_route=%2Fwp%2Fv2%2Fcategories&post=6036"},{"taxonomy":"post_tag","embeddable":true,"href":"https:\/\/gallican-montbrison.fr\/wp\/index.php?rest_route=%2Fwp%2Fv2%2Ftags&post=6036"}],"curies":[{"name":"wp","href":"https:\/\/api.w.org\/{rel}","templated":true}]}}