{"id":6142,"date":"2019-03-18T15:02:58","date_gmt":"2019-03-18T14:02:58","guid":{"rendered":"http:\/\/gallican-montbrison.fr\/wp\/?p=6142"},"modified":"2019-04-02T14:19:49","modified_gmt":"2019-04-02T12:19:49","slug":"messe-du-premier-dimanche-de-careme","status":"publish","type":"post","link":"https:\/\/gallican-montbrison.fr\/wp\/?p=6142","title":{"rendered":"Messe du premier dimanche de car\u00eame"},"content":{"rendered":"\n<figure class=\"wp-block-audio\"><audio controls src=\"http:\/\/gallican-montbrison.fr\/wp\/wp-content\/uploads\/2019\/03\/7-Homelie-1e-dim-careme2019-.mp3\"><\/audio><figcaption>Ecouter l&rsquo;hom\u00e9lie du 1er Dimanche de car\u00eame 2019<\/figcaption><\/figure>\n\n\n\n<div class=\"wp-block-image\"><figure class=\"alignleft\"><a href=\"http:\/\/gallican-montbrison.fr\/wp\/wp-content\/uploads\/2017\/03\/tentation.jpeg\"><img loading=\"lazy\" decoding=\"async\" width=\"300\" height=\"278\" src=\"http:\/\/gallican-montbrison.fr\/wp\/wp-content\/uploads\/2017\/03\/tentation-300x278.jpeg\" alt=\"\" class=\"wp-image-5038\" srcset=\"https:\/\/gallican-montbrison.fr\/wp\/wp-content\/uploads\/2017\/03\/tentation-300x278.jpeg 300w, https:\/\/gallican-montbrison.fr\/wp\/wp-content\/uploads\/2017\/03\/tentation-768x711.jpeg 768w, https:\/\/gallican-montbrison.fr\/wp\/wp-content\/uploads\/2017\/03\/tentation-1024x947.jpeg 1024w, https:\/\/gallican-montbrison.fr\/wp\/wp-content\/uploads\/2017\/03\/tentation.jpeg 1070w\" sizes=\"(max-width: 300px) 100vw, 300px\" \/><\/a><\/figure><\/div>\n\n\n\n<p style=\"color:#a3007a\" class=\"has-text-color\"><strong>Ep\u00eetre : St Paul aux Corinthiens (2 Cor. 6,1-10)<\/strong><\/p>\n\n\n\n<p>Ainsi, puisque nous collaborons avec \nDieu, nous vous en supplions&nbsp;: ne n\u00e9gligez pas la gr\u00e2ce que vous avez \nre\u00e7ue de lui.&nbsp;Dieu d\u00e9clare en effet&nbsp;:<\/p>\n\n\n\n<p>\u00ab&nbsp;Au moment o\u00f9 se manifestait ma faveur, je t\u2019ai \u00e9cout\u00e9,&nbsp;au jour du salut, je suis venu \u00e0 ton secours&nbsp;<sup>z<\/sup>&nbsp;.&nbsp;\u00bb<\/p>\n\n\n\n<p>Eh bien, voici maintenant le moment d\u2019accepter la faveur de Dieu&nbsp;; voici le jour du salut.<\/p>\n\n\n\n<p>&nbsp;Il ne faut pas que l\u2019on puisse \ncritiquer notre fonction, c\u2019est pourquoi nous ne voulons scandaliser \npersonne en quoi que ce soit.&nbsp;Au contraire, nous cherchons en toutes \ncirconstances \u00e0 nous pr\u00e9senter comme de vrais serviteurs de Dieu&nbsp;: nous \nsupportons avec beaucoup de patience les souffrances, les d\u00e9tresses et \nles angoisses.&nbsp;On nous a battus et mis en prison, on a soulev\u00e9 le peuple\n contre nous&nbsp;; accabl\u00e9s de travail, nous avons \u00e9t\u00e9 priv\u00e9s de sommeil et \nde nourriture.&nbsp;Nous nous montrons serviteurs de Dieu par notre puret\u00e9, \nnotre connaissance, notre patience et notre bont\u00e9, par l\u2019action du \nSaint-Esprit, par notre amour sinc\u00e8re,&nbsp;par notre pr\u00e9dication de la \nv\u00e9rit\u00e9 et gr\u00e2ce \u00e0 la puissance de Dieu. Nos armes offensives et \nd\u00e9fensives, c\u2019est de faire ce qui est juste aux yeux de Dieu.&nbsp;On nous \nhonore ou on nous couvre de m\u00e9pris&nbsp;; on nous insulte ou on nous \nrespecte. On nous regarde comme des menteurs alors que nous disons la \nv\u00e9rit\u00e9,&nbsp;comme des inconnus alors que nous sommes bien connus, comme des \nmourants alors que nous sommes bien vivants. On nous punit, sans \npourtant nous ex\u00e9cuter&nbsp;;&nbsp;on nous attriste et pourtant nous sommes \ntoujours joyeux&nbsp;; nous sommes pauvres, mais nous enrichissons beaucoup \nde gens&nbsp;; nous paraissons ne rien avoir, nous qui, en r\u00e9alit\u00e9, poss\u00e9dons\n tout.<\/p>\n\n\n\n<p style=\"color:#a30076\" class=\"has-text-color\"><strong>&nbsp;Evangile : St Matthieu 4, 1-11<\/strong><\/p>\n\n\n\n<p>Ensuite l\u2019Esprit de Dieu conduisit \nJ\u00e9sus dans le d\u00e9sert pour qu\u2019il y soit tent\u00e9 par le diable.&nbsp;Apr\u00e8s avoir \npass\u00e9 quarante jours et quarante nuits sans manger, J\u00e9sus eut faim.&nbsp;Le \ndiable, le tentateur, s\u2019approcha et lui dit&nbsp;:<\/p>\n\n\n\n<p>\u00ab&nbsp;Si&nbsp;tu es le Fils de Dieu, ordonne \u00e0 \nces pierres de se changer en pains.&nbsp;\u00bb&nbsp;J\u00e9sus r\u00e9pondit&nbsp;: L\u2019\u00c9criture \nd\u00e9clare&nbsp;: \u00abL\u2019homme ne vivra pas de pain seulement, mais de toute parole \nque Dieu prononce&nbsp;.\u00bb&nbsp;<\/p>\n\n\n\n<p>Alors le diable l\u2019emmena jusqu\u2019\u00e0 \nJ\u00e9rusalem, la ville sainte, le pla\u00e7a au sommet du temple&nbsp;et lui dit&nbsp;: \n\u00ab&nbsp;Si tu es le Fils de Dieu, jette-toi en bas&nbsp;; car l\u2019\u00c9criture d\u00e9clare&nbsp;: \nDieu donnera pour toi des ordres \u00e0 ses anges&nbsp;et ils te porteront sur \nleurs mains&nbsp;pour \u00e9viter que ton pied ne heurte une pierre \u00bb.&nbsp;J\u00e9sus lui \nr\u00e9pondit: L\u2019\u00c9criture d\u00e9clare aussi&nbsp;: \u00abNe mets pas \u00e0 l\u2019\u00e9preuve le \nSeigneur ton Dieu.\u00bb<\/p>\n\n\n\n<p>Le diable l\u2019emmena encore sur une tr\u00e8s \nhaute montagne, lui fit voir tous les royaumes du monde et leur \nsplendeur,&nbsp;et lui dit&nbsp;: \u00ab&nbsp;Je te donnerai tout cela, si tu te mets \u00e0 \ngenoux devant moi pour m\u2019adorer.&nbsp;\u00bb&nbsp;Alors J\u00e9sus lui dit&nbsp;: \u00ab&nbsp;Va-t\u2019en, \nSatan&nbsp;! Car l\u2019\u00c9criture d\u00e9clare&nbsp;: Adore le Seigneur ton Dieu et ne rends \nde culte qu\u2019\u00e0 lui seul\u00bb.&nbsp;Cette fois le diable le laissa.<\/p>\n\n\n\n<p>Des anges vinrent alors aupr\u00e8s de J\u00e9sus et se mirent \u00e0 le servir.<\/p>\n","protected":false},"excerpt":{"rendered":"<p>Ep\u00eetre : St Paul aux Corinthiens (2 Cor. 6,1-10) Ainsi, puisque nous collaborons avec Dieu, nous vous en supplions&nbsp;: ne n\u00e9gligez pas la gr\u00e2ce que vous avez re\u00e7ue de lui.&nbsp;Dieu d\u00e9clare en effet&nbsp;: \u00ab&nbsp;Au moment o\u00f9 se manifestait ma faveur, &hellip; <a href=\"https:\/\/gallican-montbrison.fr\/wp\/?p=6142\">Continuer la lecture <span class=\"meta-nav\">&rarr;<\/span><\/a><\/p>\n","protected":false},"author":3,"featured_media":0,"comment_status":"closed","ping_status":"open","sticky":false,"template":"","format":"standard","meta":{"footnotes":""},"categories":[4],"tags":[],"class_list":["post-6142","post","type-post","status-publish","format-standard","hentry","category-homelies"],"yoast_head":"<!-- This site is optimized with the Yoast SEO plugin v25.6 - https:\/\/yoast.com\/wordpress\/plugins\/seo\/ -->\n<title>Messe du premier dimanche de car\u00eame - Chapelle Saint Michel Archange Montbrison<\/title>\n<meta name=\"robots\" content=\"index, follow, max-snippet:-1, max-image-preview:large, max-video-preview:-1\" \/>\n<link rel=\"canonical\" href=\"https:\/\/gallican-montbrison.fr\/wp\/?p=6142\" \/>\n<meta property=\"og:locale\" content=\"fr_FR\" \/>\n<meta property=\"og:type\" content=\"article\" \/>\n<meta property=\"og:title\" content=\"Messe du premier dimanche de car\u00eame - Chapelle Saint Michel Archange Montbrison\" \/>\n<meta property=\"og:description\" content=\"Ep\u00eetre : St Paul aux Corinthiens (2 Cor. 6,1-10) Ainsi, puisque nous collaborons avec Dieu, nous vous en supplions&nbsp;: ne n\u00e9gligez pas la gr\u00e2ce que vous avez re\u00e7ue de lui.&nbsp;Dieu d\u00e9clare en effet&nbsp;: \u00ab&nbsp;Au moment o\u00f9 se manifestait ma faveur, &hellip; Continuer la lecture &rarr;\" \/>\n<meta property=\"og:url\" content=\"https:\/\/gallican-montbrison.fr\/wp\/?p=6142\" \/>\n<meta property=\"og:site_name\" content=\"Chapelle Saint Michel Archange Montbrison\" \/>\n<meta property=\"article:publisher\" content=\"https:\/\/www.facebook.com\/people\/Eglise-Gallicane-Chapelle-Saint-Michel-Archange\/100064564306693\/\" \/>\n<meta property=\"article:published_time\" content=\"2019-03-18T14:02:58+00:00\" \/>\n<meta property=\"article:modified_time\" content=\"2019-04-02T12:19:49+00:00\" \/>\n<meta property=\"og:image\" content=\"http:\/\/gallican-montbrison.fr\/wp\/wp-content\/uploads\/2017\/03\/tentation-300x278.jpeg\" \/>\n<meta name=\"author\" content=\"Colette\" \/>\n<meta name=\"twitter:card\" content=\"summary_large_image\" \/>\n<meta name=\"twitter:label1\" content=\"\u00c9crit par\" \/>\n\t<meta name=\"twitter:data1\" content=\"Colette\" \/>\n\t<meta name=\"twitter:label2\" content=\"Dur\u00e9e de lecture estim\u00e9e\" \/>\n\t<meta name=\"twitter:data2\" content=\"3 minutes\" \/>\n<script type=\"application\/ld+json\" class=\"yoast-schema-graph\">{\"@context\":\"https:\/\/schema.org\",\"@graph\":[{\"@type\":\"WebPage\",\"@id\":\"https:\/\/gallican-montbrison.fr\/wp\/?p=6142\",\"url\":\"https:\/\/gallican-montbrison.fr\/wp\/?p=6142\",\"name\":\"Messe du premier dimanche de car\u00eame - Chapelle Saint Michel Archange Montbrison\",\"isPartOf\":{\"@id\":\"https:\/\/gallican-montbrison.fr\/wp\/#website\"},\"primaryImageOfPage\":{\"@id\":\"https:\/\/gallican-montbrison.fr\/wp\/?p=6142#primaryimage\"},\"image\":{\"@id\":\"https:\/\/gallican-montbrison.fr\/wp\/?p=6142#primaryimage\"},\"thumbnailUrl\":\"http:\/\/gallican-montbrison.fr\/wp\/wp-content\/uploads\/2017\/03\/tentation-300x278.jpeg\",\"datePublished\":\"2019-03-18T14:02:58+00:00\",\"dateModified\":\"2019-04-02T12:19:49+00:00\",\"author\":{\"@id\":\"https:\/\/gallican-montbrison.fr\/wp\/#\/schema\/person\/fc5571a40f7c79de2fb1b0cf72c089a4\"},\"breadcrumb\":{\"@id\":\"https:\/\/gallican-montbrison.fr\/wp\/?p=6142#breadcrumb\"},\"inLanguage\":\"fr-FR\",\"potentialAction\":[{\"@type\":\"ReadAction\",\"target\":[\"https:\/\/gallican-montbrison.fr\/wp\/?p=6142\"]}]},{\"@type\":\"ImageObject\",\"inLanguage\":\"fr-FR\",\"@id\":\"https:\/\/gallican-montbrison.fr\/wp\/?p=6142#primaryimage\",\"url\":\"https:\/\/gallican-montbrison.fr\/wp\/wp-content\/uploads\/2017\/03\/tentation.jpeg\",\"contentUrl\":\"https:\/\/gallican-montbrison.fr\/wp\/wp-content\/uploads\/2017\/03\/tentation.jpeg\",\"width\":1070,\"height\":990},{\"@type\":\"BreadcrumbList\",\"@id\":\"https:\/\/gallican-montbrison.fr\/wp\/?p=6142#breadcrumb\",\"itemListElement\":[{\"@type\":\"ListItem\",\"position\":1,\"name\":\"Accueil\",\"item\":\"https:\/\/gallican-montbrison.fr\/wp\"},{\"@type\":\"ListItem\",\"position\":2,\"name\":\"Messe du premier dimanche de car\u00eame\"}]},{\"@type\":\"WebSite\",\"@id\":\"https:\/\/gallican-montbrison.fr\/wp\/#website\",\"url\":\"https:\/\/gallican-montbrison.fr\/wp\/\",\"name\":\"Chapelle Saint Michel Archange Montbrison\",\"description\":\"Eglise Gallicane, Tradition Apostolique de Gazinet\",\"potentialAction\":[{\"@type\":\"SearchAction\",\"target\":{\"@type\":\"EntryPoint\",\"urlTemplate\":\"https:\/\/gallican-montbrison.fr\/wp\/?s={search_term_string}\"},\"query-input\":{\"@type\":\"PropertyValueSpecification\",\"valueRequired\":true,\"valueName\":\"search_term_string\"}}],\"inLanguage\":\"fr-FR\"},{\"@type\":\"Person\",\"@id\":\"https:\/\/gallican-montbrison.fr\/wp\/#\/schema\/person\/fc5571a40f7c79de2fb1b0cf72c089a4\",\"name\":\"Colette\",\"url\":\"https:\/\/gallican-montbrison.fr\/wp\/?author=3\"}]}<\/script>\n<!-- \/ Yoast SEO plugin. -->","yoast_head_json":{"title":"Messe du premier dimanche de car\u00eame - Chapelle Saint Michel Archange Montbrison","robots":{"index":"index","follow":"follow","max-snippet":"max-snippet:-1","max-image-preview":"max-image-preview:large","max-video-preview":"max-video-preview:-1"},"canonical":"https:\/\/gallican-montbrison.fr\/wp\/?p=6142","og_locale":"fr_FR","og_type":"article","og_title":"Messe du premier dimanche de car\u00eame - Chapelle Saint Michel Archange Montbrison","og_description":"Ep\u00eetre : St Paul aux Corinthiens (2 Cor. 6,1-10) Ainsi, puisque nous collaborons avec Dieu, nous vous en supplions&nbsp;: ne n\u00e9gligez pas la gr\u00e2ce que vous avez re\u00e7ue de lui.&nbsp;Dieu d\u00e9clare en effet&nbsp;: \u00ab&nbsp;Au moment o\u00f9 se manifestait ma faveur, &hellip; Continuer la lecture &rarr;","og_url":"https:\/\/gallican-montbrison.fr\/wp\/?p=6142","og_site_name":"Chapelle Saint Michel Archange Montbrison","article_publisher":"https:\/\/www.facebook.com\/people\/Eglise-Gallicane-Chapelle-Saint-Michel-Archange\/100064564306693\/","article_published_time":"2019-03-18T14:02:58+00:00","article_modified_time":"2019-04-02T12:19:49+00:00","og_image":[{"url":"http:\/\/gallican-montbrison.fr\/wp\/wp-content\/uploads\/2017\/03\/tentation-300x278.jpeg","type":"","width":"","height":""}],"author":"Colette","twitter_card":"summary_large_image","twitter_misc":{"\u00c9crit par":"Colette","Dur\u00e9e de lecture estim\u00e9e":"3 minutes"},"schema":{"@context":"https:\/\/schema.org","@graph":[{"@type":"WebPage","@id":"https:\/\/gallican-montbrison.fr\/wp\/?p=6142","url":"https:\/\/gallican-montbrison.fr\/wp\/?p=6142","name":"Messe du premier dimanche de car\u00eame - Chapelle Saint Michel Archange Montbrison","isPartOf":{"@id":"https:\/\/gallican-montbrison.fr\/wp\/#website"},"primaryImageOfPage":{"@id":"https:\/\/gallican-montbrison.fr\/wp\/?p=6142#primaryimage"},"image":{"@id":"https:\/\/gallican-montbrison.fr\/wp\/?p=6142#primaryimage"},"thumbnailUrl":"http:\/\/gallican-montbrison.fr\/wp\/wp-content\/uploads\/2017\/03\/tentation-300x278.jpeg","datePublished":"2019-03-18T14:02:58+00:00","dateModified":"2019-04-02T12:19:49+00:00","author":{"@id":"https:\/\/gallican-montbrison.fr\/wp\/#\/schema\/person\/fc5571a40f7c79de2fb1b0cf72c089a4"},"breadcrumb":{"@id":"https:\/\/gallican-montbrison.fr\/wp\/?p=6142#breadcrumb"},"inLanguage":"fr-FR","potentialAction":[{"@type":"ReadAction","target":["https:\/\/gallican-montbrison.fr\/wp\/?p=6142"]}]},{"@type":"ImageObject","inLanguage":"fr-FR","@id":"https:\/\/gallican-montbrison.fr\/wp\/?p=6142#primaryimage","url":"https:\/\/gallican-montbrison.fr\/wp\/wp-content\/uploads\/2017\/03\/tentation.jpeg","contentUrl":"https:\/\/gallican-montbrison.fr\/wp\/wp-content\/uploads\/2017\/03\/tentation.jpeg","width":1070,"height":990},{"@type":"BreadcrumbList","@id":"https:\/\/gallican-montbrison.fr\/wp\/?p=6142#breadcrumb","itemListElement":[{"@type":"ListItem","position":1,"name":"Accueil","item":"https:\/\/gallican-montbrison.fr\/wp"},{"@type":"ListItem","position":2,"name":"Messe du premier dimanche de car\u00eame"}]},{"@type":"WebSite","@id":"https:\/\/gallican-montbrison.fr\/wp\/#website","url":"https:\/\/gallican-montbrison.fr\/wp\/","name":"Chapelle Saint Michel Archange Montbrison","description":"Eglise Gallicane, Tradition Apostolique de Gazinet","potentialAction":[{"@type":"SearchAction","target":{"@type":"EntryPoint","urlTemplate":"https:\/\/gallican-montbrison.fr\/wp\/?s={search_term_string}"},"query-input":{"@type":"PropertyValueSpecification","valueRequired":true,"valueName":"search_term_string"}}],"inLanguage":"fr-FR"},{"@type":"Person","@id":"https:\/\/gallican-montbrison.fr\/wp\/#\/schema\/person\/fc5571a40f7c79de2fb1b0cf72c089a4","name":"Colette","url":"https:\/\/gallican-montbrison.fr\/wp\/?author=3"}]}},"_links":{"self":[{"href":"https:\/\/gallican-montbrison.fr\/wp\/index.php?rest_route=\/wp\/v2\/posts\/6142"}],"collection":[{"href":"https:\/\/gallican-montbrison.fr\/wp\/index.php?rest_route=\/wp\/v2\/posts"}],"about":[{"href":"https:\/\/gallican-montbrison.fr\/wp\/index.php?rest_route=\/wp\/v2\/types\/post"}],"author":[{"embeddable":true,"href":"https:\/\/gallican-montbrison.fr\/wp\/index.php?rest_route=\/wp\/v2\/users\/3"}],"replies":[{"embeddable":true,"href":"https:\/\/gallican-montbrison.fr\/wp\/index.php?rest_route=%2Fwp%2Fv2%2Fcomments&post=6142"}],"version-history":[{"count":4,"href":"https:\/\/gallican-montbrison.fr\/wp\/index.php?rest_route=\/wp\/v2\/posts\/6142\/revisions"}],"predecessor-version":[{"id":6201,"href":"https:\/\/gallican-montbrison.fr\/wp\/index.php?rest_route=\/wp\/v2\/posts\/6142\/revisions\/6201"}],"wp:attachment":[{"href":"https:\/\/gallican-montbrison.fr\/wp\/index.php?rest_route=%2Fwp%2Fv2%2Fmedia&parent=6142"}],"wp:term":[{"taxonomy":"category","embeddable":true,"href":"https:\/\/gallican-montbrison.fr\/wp\/index.php?rest_route=%2Fwp%2Fv2%2Fcategories&post=6142"},{"taxonomy":"post_tag","embeddable":true,"href":"https:\/\/gallican-montbrison.fr\/wp\/index.php?rest_route=%2Fwp%2Fv2%2Ftags&post=6142"}],"curies":[{"name":"wp","href":"https:\/\/api.w.org\/{rel}","templated":true}]}}