{"id":6423,"date":"2019-07-08T15:49:17","date_gmt":"2019-07-08T13:49:17","guid":{"rendered":"https:\/\/gallican-montbrison.fr\/wp\/?p=6423"},"modified":"2019-07-08T18:31:16","modified_gmt":"2019-07-08T16:31:16","slug":"rcf-acat-eglise-gallicane-chapelle-st-michel-archange","status":"publish","type":"post","link":"https:\/\/gallican-montbrison.fr\/wp\/?p=6423","title":{"rendered":"RCF  &#8211;  ACAT  &#8211;  Eglise Gallicane, Chapelle St Michel Archange"},"content":{"rendered":"\n<p>l\u2019ACAT, Action des Chr\u00e9tiens  pour l\u2019Abolition de la Torture et nous m\u00eame avons pr\u00e9sent\u00e9 la \u00ab&nbsp;Pri\u00e8re du matin&nbsp;\u00bb lors de \u00ab&nbsp;la Matinale&nbsp;\u00bb \u00e0  8H45 sur les ondes RCF de la Loire du Lundi 24 au 28 Juin 2019.Nous avons, comme l\u2019ann\u00e9e derni\u00e8re, assur\u00e9 les commentaires des Evangiles pour ces 5 jours. <\/p>\n\n\n\n<p>Vous les retrouverez par ce lien: <a href=\"https:\/\/gallican-montbrison.fr\/wp\/?p=6447\">https:\/\/gallican-montbrison.fr\/wp\/?p=6447<\/a><\/p>\n\n\n\n<p>Joie de partager avec<strong> l\u2019ACAT <\/strong>un moment de pri\u00e8re commune et joie de faire entendre sur les ondes de notre d\u00e9partement la Parole de Dieu.<\/p>\n\n\n\n<p>Dame Colette<\/p>\n\n\n\n<ul class=\"wp-block-gallery columns-2 is-cropped wp-block-gallery-1 is-layout-flex wp-block-gallery-is-layout-flex\"><li class=\"blocks-gallery-item\"><figure><a href=\"https:\/\/gallican-montbrison.fr\/wp\/wp-content\/uploads\/2019\/07\/IMG_7570-e1562594458639-768x1024.jpg\"><img loading=\"lazy\" decoding=\"async\" width=\"768\" height=\"1024\" src=\"https:\/\/gallican-montbrison.fr\/wp\/wp-content\/uploads\/2019\/07\/IMG_7570-e1562594458639-768x1024.jpg\" alt=\"\" data-id=\"6429\" data-link=\"https:\/\/gallican-montbrison.fr\/wp\/?attachment_id=6429\" class=\"wp-image-6429\" srcset=\"https:\/\/gallican-montbrison.fr\/wp\/wp-content\/uploads\/2019\/07\/IMG_7570-e1562594458639-768x1024.jpg 768w, https:\/\/gallican-montbrison.fr\/wp\/wp-content\/uploads\/2019\/07\/IMG_7570-e1562594458639-225x300.jpg 225w\" sizes=\"(max-width: 768px) 100vw, 768px\" \/><\/a><\/figure><\/li><li class=\"blocks-gallery-item\"><figure><a href=\"https:\/\/gallican-montbrison.fr\/wp\/wp-content\/uploads\/2019\/07\/IMG_7568-1024x768.jpg\"><img loading=\"lazy\" decoding=\"async\" width=\"1024\" height=\"768\" src=\"https:\/\/gallican-montbrison.fr\/wp\/wp-content\/uploads\/2019\/07\/IMG_7568-1024x768.jpg\" alt=\"\" data-id=\"6468\" data-link=\"https:\/\/gallican-montbrison.fr\/wp\/?attachment_id=6468\" class=\"wp-image-6468\" srcset=\"https:\/\/gallican-montbrison.fr\/wp\/wp-content\/uploads\/2019\/07\/IMG_7568-1024x768.jpg 1024w, https:\/\/gallican-montbrison.fr\/wp\/wp-content\/uploads\/2019\/07\/IMG_7568-300x225.jpg 300w, https:\/\/gallican-montbrison.fr\/wp\/wp-content\/uploads\/2019\/07\/IMG_7568-768x576.jpg 768w\" sizes=\"(max-width: 1024px) 100vw, 1024px\" \/><\/a><\/figure><\/li><\/ul>\n\n\n\n<ul class=\"wp-block-gallery columns-2 is-cropped wp-block-gallery-2 is-layout-flex wp-block-gallery-is-layout-flex\"><li class=\"blocks-gallery-item\"><figure><img loading=\"lazy\" decoding=\"async\" width=\"1024\" height=\"768\" src=\"https:\/\/gallican-montbrison.fr\/wp\/wp-content\/uploads\/2019\/07\/IMG_7583-2-1024x768.jpg\" alt=\"\" data-id=\"6437\" data-link=\"https:\/\/gallican-montbrison.fr\/wp\/?attachment_id=6437\" class=\"wp-image-6437\" srcset=\"https:\/\/gallican-montbrison.fr\/wp\/wp-content\/uploads\/2019\/07\/IMG_7583-2-1024x768.jpg 1024w, https:\/\/gallican-montbrison.fr\/wp\/wp-content\/uploads\/2019\/07\/IMG_7583-2-300x225.jpg 300w, https:\/\/gallican-montbrison.fr\/wp\/wp-content\/uploads\/2019\/07\/IMG_7583-2-768x576.jpg 768w\" sizes=\"(max-width: 1024px) 100vw, 1024px\" \/><\/figure><\/li><li class=\"blocks-gallery-item\"><figure><img loading=\"lazy\" decoding=\"async\" width=\"1024\" height=\"768\" src=\"https:\/\/gallican-montbrison.fr\/wp\/wp-content\/uploads\/2019\/07\/IMG_20190529_171455-1024x768.jpg\" alt=\"\" data-id=\"6444\" data-link=\"https:\/\/gallican-montbrison.fr\/wp\/?attachment_id=6444\" class=\"wp-image-6444\" srcset=\"https:\/\/gallican-montbrison.fr\/wp\/wp-content\/uploads\/2019\/07\/IMG_20190529_171455-1024x768.jpg 1024w, https:\/\/gallican-montbrison.fr\/wp\/wp-content\/uploads\/2019\/07\/IMG_20190529_171455-300x225.jpg 300w, https:\/\/gallican-montbrison.fr\/wp\/wp-content\/uploads\/2019\/07\/IMG_20190529_171455-768x576.jpg 768w\" sizes=\"(max-width: 1024px) 100vw, 1024px\" \/><\/figure><\/li><\/ul>\n\n\n\n<figure class=\"wp-block-image is-resized\"><img loading=\"lazy\" decoding=\"async\" src=\"https:\/\/gallican-montbrison.fr\/wp\/wp-content\/uploads\/2019\/07\/1prie\u0300re-du-matin-RCF-1-2-1024x583.jpg\" alt=\"\" class=\"wp-image-6445\" width=\"640\" height=\"364\" srcset=\"https:\/\/gallican-montbrison.fr\/wp\/wp-content\/uploads\/2019\/07\/1prie\u0300re-du-matin-RCF-1-2-1024x583.jpg 1024w, https:\/\/gallican-montbrison.fr\/wp\/wp-content\/uploads\/2019\/07\/1prie\u0300re-du-matin-RCF-1-2-300x171.jpg 300w, https:\/\/gallican-montbrison.fr\/wp\/wp-content\/uploads\/2019\/07\/1prie\u0300re-du-matin-RCF-1-2-768x437.jpg 768w, https:\/\/gallican-montbrison.fr\/wp\/wp-content\/uploads\/2019\/07\/1prie\u0300re-du-matin-RCF-1-2.jpg 1269w\" sizes=\"(max-width: 640px) 100vw, 640px\" \/><figcaption>ACAT et Eglise Gallicane main dans la main pour La Parole de Dieu sur RCF<\/figcaption><\/figure>\n\n\n","protected":false},"excerpt":{"rendered":"<p>l\u2019ACAT, Action des Chr\u00e9tiens pour l\u2019Abolition de la Torture et nous m\u00eame avons pr\u00e9sent\u00e9 la \u00ab&nbsp;Pri\u00e8re du matin&nbsp;\u00bb lors de \u00ab&nbsp;la Matinale&nbsp;\u00bb \u00e0 8H45 sur les ondes RCF de la Loire du Lundi 24 au 28 Juin 2019.Nous avons, comme &hellip; <a href=\"https:\/\/gallican-montbrison.fr\/wp\/?p=6423\">Continuer la lecture <span class=\"meta-nav\">&rarr;<\/span><\/a><\/p>\n","protected":false},"author":3,"featured_media":0,"comment_status":"closed","ping_status":"open","sticky":false,"template":"","format":"standard","meta":{"footnotes":""},"categories":[3,5],"tags":[],"class_list":["post-6423","post","type-post","status-publish","format-standard","hentry","category-oecumenisme","category-vie-de-la-chapelle"],"yoast_head":"<!-- This site is optimized with the Yoast SEO plugin v25.6 - https:\/\/yoast.com\/wordpress\/plugins\/seo\/ -->\n<title>RCF - ACAT - Eglise Gallicane, Chapelle St Michel Archange - Chapelle Saint Michel Archange Montbrison<\/title>\n<meta name=\"robots\" content=\"index, follow, max-snippet:-1, max-image-preview:large, max-video-preview:-1\" \/>\n<link rel=\"canonical\" href=\"https:\/\/gallican-montbrison.fr\/wp\/?p=6423\" \/>\n<meta property=\"og:locale\" content=\"fr_FR\" \/>\n<meta property=\"og:type\" content=\"article\" \/>\n<meta property=\"og:title\" content=\"RCF - ACAT - Eglise Gallicane, Chapelle St Michel Archange - Chapelle Saint Michel Archange Montbrison\" \/>\n<meta property=\"og:description\" content=\"l\u2019ACAT, Action des Chr\u00e9tiens pour l\u2019Abolition de la Torture et nous m\u00eame avons pr\u00e9sent\u00e9 la \u00ab&nbsp;Pri\u00e8re du matin&nbsp;\u00bb lors de \u00ab&nbsp;la Matinale&nbsp;\u00bb \u00e0 8H45 sur les ondes RCF de la Loire du Lundi 24 au 28 Juin 2019.Nous avons, comme &hellip; Continuer la lecture &rarr;\" \/>\n<meta property=\"og:url\" content=\"https:\/\/gallican-montbrison.fr\/wp\/?p=6423\" \/>\n<meta property=\"og:site_name\" content=\"Chapelle Saint Michel Archange Montbrison\" \/>\n<meta property=\"article:publisher\" content=\"https:\/\/www.facebook.com\/people\/Eglise-Gallicane-Chapelle-Saint-Michel-Archange\/100064564306693\/\" \/>\n<meta property=\"article:published_time\" content=\"2019-07-08T13:49:17+00:00\" \/>\n<meta property=\"article:modified_time\" content=\"2019-07-08T16:31:16+00:00\" \/>\n<meta property=\"og:image\" content=\"https:\/\/gallican-montbrison.fr\/wp\/wp-content\/uploads\/2019\/07\/IMG_7570-e1562594458639-768x1024.jpg\" \/>\n<meta name=\"author\" content=\"Colette\" \/>\n<meta name=\"twitter:card\" content=\"summary_large_image\" \/>\n<meta name=\"twitter:label1\" content=\"\u00c9crit par\" \/>\n\t<meta name=\"twitter:data1\" content=\"Colette\" \/>\n\t<meta name=\"twitter:label2\" content=\"Dur\u00e9e de lecture estim\u00e9e\" \/>\n\t<meta name=\"twitter:data2\" content=\"1 minute\" \/>\n<script type=\"application\/ld+json\" class=\"yoast-schema-graph\">{\"@context\":\"https:\/\/schema.org\",\"@graph\":[{\"@type\":\"WebPage\",\"@id\":\"https:\/\/gallican-montbrison.fr\/wp\/?p=6423\",\"url\":\"https:\/\/gallican-montbrison.fr\/wp\/?p=6423\",\"name\":\"RCF - ACAT - Eglise Gallicane, Chapelle St Michel Archange - Chapelle Saint Michel Archange Montbrison\",\"isPartOf\":{\"@id\":\"https:\/\/gallican-montbrison.fr\/wp\/#website\"},\"primaryImageOfPage\":{\"@id\":\"https:\/\/gallican-montbrison.fr\/wp\/?p=6423#primaryimage\"},\"image\":{\"@id\":\"https:\/\/gallican-montbrison.fr\/wp\/?p=6423#primaryimage\"},\"thumbnailUrl\":\"https:\/\/gallican-montbrison.fr\/wp\/wp-content\/uploads\/2019\/07\/IMG_7570-e1562594458639-768x1024.jpg\",\"datePublished\":\"2019-07-08T13:49:17+00:00\",\"dateModified\":\"2019-07-08T16:31:16+00:00\",\"author\":{\"@id\":\"https:\/\/gallican-montbrison.fr\/wp\/#\/schema\/person\/fc5571a40f7c79de2fb1b0cf72c089a4\"},\"breadcrumb\":{\"@id\":\"https:\/\/gallican-montbrison.fr\/wp\/?p=6423#breadcrumb\"},\"inLanguage\":\"fr-FR\",\"potentialAction\":[{\"@type\":\"ReadAction\",\"target\":[\"https:\/\/gallican-montbrison.fr\/wp\/?p=6423\"]}]},{\"@type\":\"ImageObject\",\"inLanguage\":\"fr-FR\",\"@id\":\"https:\/\/gallican-montbrison.fr\/wp\/?p=6423#primaryimage\",\"url\":\"https:\/\/gallican-montbrison.fr\/wp\/wp-content\/uploads\/2019\/07\/IMG_7570-e1562594458639-768x1024.jpg\",\"contentUrl\":\"https:\/\/gallican-montbrison.fr\/wp\/wp-content\/uploads\/2019\/07\/IMG_7570-e1562594458639-768x1024.jpg\"},{\"@type\":\"BreadcrumbList\",\"@id\":\"https:\/\/gallican-montbrison.fr\/wp\/?p=6423#breadcrumb\",\"itemListElement\":[{\"@type\":\"ListItem\",\"position\":1,\"name\":\"Accueil\",\"item\":\"https:\/\/gallican-montbrison.fr\/wp\"},{\"@type\":\"ListItem\",\"position\":2,\"name\":\"RCF &#8211; ACAT &#8211; Eglise Gallicane, Chapelle St Michel Archange\"}]},{\"@type\":\"WebSite\",\"@id\":\"https:\/\/gallican-montbrison.fr\/wp\/#website\",\"url\":\"https:\/\/gallican-montbrison.fr\/wp\/\",\"name\":\"Chapelle Saint Michel Archange Montbrison\",\"description\":\"Eglise Gallicane, Tradition Apostolique de Gazinet\",\"potentialAction\":[{\"@type\":\"SearchAction\",\"target\":{\"@type\":\"EntryPoint\",\"urlTemplate\":\"https:\/\/gallican-montbrison.fr\/wp\/?s={search_term_string}\"},\"query-input\":{\"@type\":\"PropertyValueSpecification\",\"valueRequired\":true,\"valueName\":\"search_term_string\"}}],\"inLanguage\":\"fr-FR\"},{\"@type\":\"Person\",\"@id\":\"https:\/\/gallican-montbrison.fr\/wp\/#\/schema\/person\/fc5571a40f7c79de2fb1b0cf72c089a4\",\"name\":\"Colette\",\"url\":\"https:\/\/gallican-montbrison.fr\/wp\/?author=3\"}]}<\/script>\n<!-- \/ Yoast SEO plugin. -->","yoast_head_json":{"title":"RCF - ACAT - Eglise Gallicane, Chapelle St Michel Archange - Chapelle Saint Michel Archange Montbrison","robots":{"index":"index","follow":"follow","max-snippet":"max-snippet:-1","max-image-preview":"max-image-preview:large","max-video-preview":"max-video-preview:-1"},"canonical":"https:\/\/gallican-montbrison.fr\/wp\/?p=6423","og_locale":"fr_FR","og_type":"article","og_title":"RCF - ACAT - Eglise Gallicane, Chapelle St Michel Archange - Chapelle Saint Michel Archange Montbrison","og_description":"l\u2019ACAT, Action des Chr\u00e9tiens pour l\u2019Abolition de la Torture et nous m\u00eame avons pr\u00e9sent\u00e9 la \u00ab&nbsp;Pri\u00e8re du matin&nbsp;\u00bb lors de \u00ab&nbsp;la Matinale&nbsp;\u00bb \u00e0 8H45 sur les ondes RCF de la Loire du Lundi 24 au 28 Juin 2019.Nous avons, comme &hellip; Continuer la lecture &rarr;","og_url":"https:\/\/gallican-montbrison.fr\/wp\/?p=6423","og_site_name":"Chapelle Saint Michel Archange Montbrison","article_publisher":"https:\/\/www.facebook.com\/people\/Eglise-Gallicane-Chapelle-Saint-Michel-Archange\/100064564306693\/","article_published_time":"2019-07-08T13:49:17+00:00","article_modified_time":"2019-07-08T16:31:16+00:00","og_image":[{"url":"https:\/\/gallican-montbrison.fr\/wp\/wp-content\/uploads\/2019\/07\/IMG_7570-e1562594458639-768x1024.jpg","type":"","width":"","height":""}],"author":"Colette","twitter_card":"summary_large_image","twitter_misc":{"\u00c9crit par":"Colette","Dur\u00e9e de lecture estim\u00e9e":"1 minute"},"schema":{"@context":"https:\/\/schema.org","@graph":[{"@type":"WebPage","@id":"https:\/\/gallican-montbrison.fr\/wp\/?p=6423","url":"https:\/\/gallican-montbrison.fr\/wp\/?p=6423","name":"RCF - ACAT - Eglise Gallicane, Chapelle St Michel Archange - Chapelle Saint Michel Archange Montbrison","isPartOf":{"@id":"https:\/\/gallican-montbrison.fr\/wp\/#website"},"primaryImageOfPage":{"@id":"https:\/\/gallican-montbrison.fr\/wp\/?p=6423#primaryimage"},"image":{"@id":"https:\/\/gallican-montbrison.fr\/wp\/?p=6423#primaryimage"},"thumbnailUrl":"https:\/\/gallican-montbrison.fr\/wp\/wp-content\/uploads\/2019\/07\/IMG_7570-e1562594458639-768x1024.jpg","datePublished":"2019-07-08T13:49:17+00:00","dateModified":"2019-07-08T16:31:16+00:00","author":{"@id":"https:\/\/gallican-montbrison.fr\/wp\/#\/schema\/person\/fc5571a40f7c79de2fb1b0cf72c089a4"},"breadcrumb":{"@id":"https:\/\/gallican-montbrison.fr\/wp\/?p=6423#breadcrumb"},"inLanguage":"fr-FR","potentialAction":[{"@type":"ReadAction","target":["https:\/\/gallican-montbrison.fr\/wp\/?p=6423"]}]},{"@type":"ImageObject","inLanguage":"fr-FR","@id":"https:\/\/gallican-montbrison.fr\/wp\/?p=6423#primaryimage","url":"https:\/\/gallican-montbrison.fr\/wp\/wp-content\/uploads\/2019\/07\/IMG_7570-e1562594458639-768x1024.jpg","contentUrl":"https:\/\/gallican-montbrison.fr\/wp\/wp-content\/uploads\/2019\/07\/IMG_7570-e1562594458639-768x1024.jpg"},{"@type":"BreadcrumbList","@id":"https:\/\/gallican-montbrison.fr\/wp\/?p=6423#breadcrumb","itemListElement":[{"@type":"ListItem","position":1,"name":"Accueil","item":"https:\/\/gallican-montbrison.fr\/wp"},{"@type":"ListItem","position":2,"name":"RCF &#8211; ACAT &#8211; Eglise Gallicane, Chapelle St Michel Archange"}]},{"@type":"WebSite","@id":"https:\/\/gallican-montbrison.fr\/wp\/#website","url":"https:\/\/gallican-montbrison.fr\/wp\/","name":"Chapelle Saint Michel Archange Montbrison","description":"Eglise Gallicane, Tradition Apostolique de Gazinet","potentialAction":[{"@type":"SearchAction","target":{"@type":"EntryPoint","urlTemplate":"https:\/\/gallican-montbrison.fr\/wp\/?s={search_term_string}"},"query-input":{"@type":"PropertyValueSpecification","valueRequired":true,"valueName":"search_term_string"}}],"inLanguage":"fr-FR"},{"@type":"Person","@id":"https:\/\/gallican-montbrison.fr\/wp\/#\/schema\/person\/fc5571a40f7c79de2fb1b0cf72c089a4","name":"Colette","url":"https:\/\/gallican-montbrison.fr\/wp\/?author=3"}]}},"_links":{"self":[{"href":"https:\/\/gallican-montbrison.fr\/wp\/index.php?rest_route=\/wp\/v2\/posts\/6423"}],"collection":[{"href":"https:\/\/gallican-montbrison.fr\/wp\/index.php?rest_route=\/wp\/v2\/posts"}],"about":[{"href":"https:\/\/gallican-montbrison.fr\/wp\/index.php?rest_route=\/wp\/v2\/types\/post"}],"author":[{"embeddable":true,"href":"https:\/\/gallican-montbrison.fr\/wp\/index.php?rest_route=\/wp\/v2\/users\/3"}],"replies":[{"embeddable":true,"href":"https:\/\/gallican-montbrison.fr\/wp\/index.php?rest_route=%2Fwp%2Fv2%2Fcomments&post=6423"}],"version-history":[{"count":9,"href":"https:\/\/gallican-montbrison.fr\/wp\/index.php?rest_route=\/wp\/v2\/posts\/6423\/revisions"}],"predecessor-version":[{"id":6472,"href":"https:\/\/gallican-montbrison.fr\/wp\/index.php?rest_route=\/wp\/v2\/posts\/6423\/revisions\/6472"}],"wp:attachment":[{"href":"https:\/\/gallican-montbrison.fr\/wp\/index.php?rest_route=%2Fwp%2Fv2%2Fmedia&parent=6423"}],"wp:term":[{"taxonomy":"category","embeddable":true,"href":"https:\/\/gallican-montbrison.fr\/wp\/index.php?rest_route=%2Fwp%2Fv2%2Fcategories&post=6423"},{"taxonomy":"post_tag","embeddable":true,"href":"https:\/\/gallican-montbrison.fr\/wp\/index.php?rest_route=%2Fwp%2Fv2%2Ftags&post=6423"}],"curies":[{"name":"wp","href":"https:\/\/api.w.org\/{rel}","templated":true}]}}