{"id":6515,"date":"2019-07-22T11:49:01","date_gmt":"2019-07-22T09:49:01","guid":{"rendered":"https:\/\/gallican-montbrison.fr\/wp\/?p=6515"},"modified":"2019-07-22T19:08:06","modified_gmt":"2019-07-22T17:08:06","slug":"mariage-amandine-et-vincent-07-2019","status":"publish","type":"post","link":"https:\/\/gallican-montbrison.fr\/wp\/?p=6515","title":{"rendered":"Mariage Amandine &#038; Vincent (07.2019)"},"content":{"rendered":"\n<div class=\"wp-block-media-text alignwide\"><figure class=\"wp-block-media-text__media\"><img loading=\"lazy\" decoding=\"async\" width=\"768\" height=\"1024\" src=\"https:\/\/gallican-montbrison.fr\/wp\/wp-content\/uploads\/2019\/07\/P1080855-e1563790242510-768x1024.jpg\" alt=\"\" class=\"wp-image-6522\" srcset=\"https:\/\/gallican-montbrison.fr\/wp\/wp-content\/uploads\/2019\/07\/P1080855-e1563790242510-768x1024.jpg 768w, https:\/\/gallican-montbrison.fr\/wp\/wp-content\/uploads\/2019\/07\/P1080855-e1563790242510-225x300.jpg 225w, https:\/\/gallican-montbrison.fr\/wp\/wp-content\/uploads\/2019\/07\/P1080855-e1563790242510.jpg 1920w\" sizes=\"(max-width: 768px) 100vw, 768px\" \/><\/figure><div class=\"wp-block-media-text__content\">\n<p>Mariage de Amandine et Vincent, Samedi 20 Juillet, dans un cadre magnifique et sous un beau soleil. Nous les remercions d&rsquo;avoir fait confiance \u00e0 l&rsquo;Eglise Gallicane pour les accompagner dans ce beau moment de leur vie.<\/p>\n\n\n\n<p>La joie et l&rsquo;\u00e9motion \u00e9taient palpables au cours de la c\u00e9r\u00e9monie et le vin d&rsquo;honneur qui a suivi permit de parler des valeurs de notre Eglise aux personnes int\u00e9ress\u00e9es.<\/p>\n\n\n\n<p>Tous nos voeux de bonheur \u00e0 ses nouveaux mari\u00e9s.<\/p>\n<\/div><\/div>\n\n\n\n<figure class=\"wp-block-image\"><img loading=\"lazy\" decoding=\"async\" width=\"1024\" height=\"338\" src=\"https:\/\/gallican-montbrison.fr\/wp\/wp-content\/uploads\/2019\/07\/P1080861-1024x338.jpg\" alt=\"\" class=\"wp-image-6521\" srcset=\"https:\/\/gallican-montbrison.fr\/wp\/wp-content\/uploads\/2019\/07\/P1080861-1024x338.jpg 1024w, https:\/\/gallican-montbrison.fr\/wp\/wp-content\/uploads\/2019\/07\/P1080861-300x99.jpg 300w, https:\/\/gallican-montbrison.fr\/wp\/wp-content\/uploads\/2019\/07\/P1080861-768x254.jpg 768w\" sizes=\"(max-width: 1024px) 100vw, 1024px\" \/><\/figure>\n\n\n\n<ul class=\"wp-block-gallery columns-2 is-cropped wp-block-gallery-1 is-layout-flex wp-block-gallery-is-layout-flex\"><li class=\"blocks-gallery-item\"><figure><img loading=\"lazy\" decoding=\"async\" width=\"768\" height=\"1024\" src=\"https:\/\/gallican-montbrison.fr\/wp\/wp-content\/uploads\/2019\/07\/IMG_20190720_171305-1-768x1024.jpg\" alt=\"\" data-id=\"6532\" data-link=\"https:\/\/gallican-montbrison.fr\/wp\/?attachment_id=6532\" class=\"wp-image-6532\" srcset=\"https:\/\/gallican-montbrison.fr\/wp\/wp-content\/uploads\/2019\/07\/IMG_20190720_171305-1-768x1024.jpg 768w, https:\/\/gallican-montbrison.fr\/wp\/wp-content\/uploads\/2019\/07\/IMG_20190720_171305-1-225x300.jpg 225w\" sizes=\"(max-width: 768px) 100vw, 768px\" \/><\/figure><\/li><li class=\"blocks-gallery-item\"><figure><img loading=\"lazy\" decoding=\"async\" width=\"768\" height=\"1024\" src=\"https:\/\/gallican-montbrison.fr\/wp\/wp-content\/uploads\/2019\/07\/IMG_20190720_171516-1-768x1024.jpg\" alt=\"\" data-id=\"6542\" data-link=\"https:\/\/gallican-montbrison.fr\/wp\/?attachment_id=6542\" class=\"wp-image-6542\" srcset=\"https:\/\/gallican-montbrison.fr\/wp\/wp-content\/uploads\/2019\/07\/IMG_20190720_171516-1-768x1024.jpg 768w, https:\/\/gallican-montbrison.fr\/wp\/wp-content\/uploads\/2019\/07\/IMG_20190720_171516-1-225x300.jpg 225w\" sizes=\"(max-width: 768px) 100vw, 768px\" \/><figcaption>dig<\/figcaption><\/figure><\/li><\/ul>\n","protected":false},"excerpt":{"rendered":"<p>Mariage de Amandine et Vincent, Samedi 20 Juillet, dans un cadre magnifique et sous un beau soleil. Nous les remercions d&rsquo;avoir fait confiance \u00e0 l&rsquo;Eglise Gallicane pour les accompagner dans ce beau moment de leur vie. La joie et l&rsquo;\u00e9motion &hellip; <a href=\"https:\/\/gallican-montbrison.fr\/wp\/?p=6515\">Continuer la lecture <span class=\"meta-nav\">&rarr;<\/span><\/a><\/p>\n","protected":false},"author":3,"featured_media":0,"comment_status":"closed","ping_status":"open","sticky":false,"template":"","format":"standard","meta":{"footnotes":""},"categories":[249,5],"tags":[],"class_list":["post-6515","post","type-post","status-publish","format-standard","hentry","category-sacrements","category-vie-de-la-chapelle"],"yoast_head":"<!-- This site is optimized with the Yoast SEO plugin v25.6 - https:\/\/yoast.com\/wordpress\/plugins\/seo\/ -->\n<title>Mariage Amandine &amp; Vincent (07.2019) - Chapelle Saint Michel Archange Montbrison<\/title>\n<meta name=\"robots\" content=\"index, follow, max-snippet:-1, max-image-preview:large, max-video-preview:-1\" \/>\n<link rel=\"canonical\" href=\"https:\/\/gallican-montbrison.fr\/wp\/?p=6515\" \/>\n<meta property=\"og:locale\" content=\"fr_FR\" \/>\n<meta property=\"og:type\" content=\"article\" \/>\n<meta property=\"og:title\" content=\"Mariage Amandine &amp; Vincent (07.2019) - Chapelle Saint Michel Archange Montbrison\" \/>\n<meta property=\"og:description\" content=\"Mariage de Amandine et Vincent, Samedi 20 Juillet, dans un cadre magnifique et sous un beau soleil. Nous les remercions d&rsquo;avoir fait confiance \u00e0 l&rsquo;Eglise Gallicane pour les accompagner dans ce beau moment de leur vie. La joie et l&rsquo;\u00e9motion &hellip; Continuer la lecture &rarr;\" \/>\n<meta property=\"og:url\" content=\"https:\/\/gallican-montbrison.fr\/wp\/?p=6515\" \/>\n<meta property=\"og:site_name\" content=\"Chapelle Saint Michel Archange Montbrison\" \/>\n<meta property=\"article:publisher\" content=\"https:\/\/www.facebook.com\/people\/Eglise-Gallicane-Chapelle-Saint-Michel-Archange\/100064564306693\/\" \/>\n<meta property=\"article:published_time\" content=\"2019-07-22T09:49:01+00:00\" \/>\n<meta property=\"article:modified_time\" content=\"2019-07-22T17:08:06+00:00\" \/>\n<meta property=\"og:image\" content=\"https:\/\/gallican-montbrison.fr\/wp\/wp-content\/uploads\/2019\/07\/P1080855-e1563790242510-768x1024.jpg\" \/>\n<meta name=\"author\" content=\"Colette\" \/>\n<meta name=\"twitter:card\" content=\"summary_large_image\" \/>\n<meta name=\"twitter:label1\" content=\"\u00c9crit par\" \/>\n\t<meta name=\"twitter:data1\" content=\"Colette\" \/>\n<script type=\"application\/ld+json\" class=\"yoast-schema-graph\">{\"@context\":\"https:\/\/schema.org\",\"@graph\":[{\"@type\":\"WebPage\",\"@id\":\"https:\/\/gallican-montbrison.fr\/wp\/?p=6515\",\"url\":\"https:\/\/gallican-montbrison.fr\/wp\/?p=6515\",\"name\":\"Mariage Amandine & Vincent (07.2019) - Chapelle Saint Michel Archange Montbrison\",\"isPartOf\":{\"@id\":\"https:\/\/gallican-montbrison.fr\/wp\/#website\"},\"primaryImageOfPage\":{\"@id\":\"https:\/\/gallican-montbrison.fr\/wp\/?p=6515#primaryimage\"},\"image\":{\"@id\":\"https:\/\/gallican-montbrison.fr\/wp\/?p=6515#primaryimage\"},\"thumbnailUrl\":\"https:\/\/gallican-montbrison.fr\/wp\/wp-content\/uploads\/2019\/07\/P1080855-e1563790242510-768x1024.jpg\",\"datePublished\":\"2019-07-22T09:49:01+00:00\",\"dateModified\":\"2019-07-22T17:08:06+00:00\",\"author\":{\"@id\":\"https:\/\/gallican-montbrison.fr\/wp\/#\/schema\/person\/fc5571a40f7c79de2fb1b0cf72c089a4\"},\"breadcrumb\":{\"@id\":\"https:\/\/gallican-montbrison.fr\/wp\/?p=6515#breadcrumb\"},\"inLanguage\":\"fr-FR\",\"potentialAction\":[{\"@type\":\"ReadAction\",\"target\":[\"https:\/\/gallican-montbrison.fr\/wp\/?p=6515\"]}]},{\"@type\":\"ImageObject\",\"inLanguage\":\"fr-FR\",\"@id\":\"https:\/\/gallican-montbrison.fr\/wp\/?p=6515#primaryimage\",\"url\":\"https:\/\/gallican-montbrison.fr\/wp\/wp-content\/uploads\/2019\/07\/P1080855-e1563790242510.jpg\",\"contentUrl\":\"https:\/\/gallican-montbrison.fr\/wp\/wp-content\/uploads\/2019\/07\/P1080855-e1563790242510.jpg\",\"width\":1920,\"height\":2560},{\"@type\":\"BreadcrumbList\",\"@id\":\"https:\/\/gallican-montbrison.fr\/wp\/?p=6515#breadcrumb\",\"itemListElement\":[{\"@type\":\"ListItem\",\"position\":1,\"name\":\"Accueil\",\"item\":\"https:\/\/gallican-montbrison.fr\/wp\"},{\"@type\":\"ListItem\",\"position\":2,\"name\":\"Mariage Amandine &#038; Vincent (07.2019)\"}]},{\"@type\":\"WebSite\",\"@id\":\"https:\/\/gallican-montbrison.fr\/wp\/#website\",\"url\":\"https:\/\/gallican-montbrison.fr\/wp\/\",\"name\":\"Chapelle Saint Michel Archange Montbrison\",\"description\":\"Eglise Gallicane, Tradition Apostolique de Gazinet\",\"potentialAction\":[{\"@type\":\"SearchAction\",\"target\":{\"@type\":\"EntryPoint\",\"urlTemplate\":\"https:\/\/gallican-montbrison.fr\/wp\/?s={search_term_string}\"},\"query-input\":{\"@type\":\"PropertyValueSpecification\",\"valueRequired\":true,\"valueName\":\"search_term_string\"}}],\"inLanguage\":\"fr-FR\"},{\"@type\":\"Person\",\"@id\":\"https:\/\/gallican-montbrison.fr\/wp\/#\/schema\/person\/fc5571a40f7c79de2fb1b0cf72c089a4\",\"name\":\"Colette\",\"url\":\"https:\/\/gallican-montbrison.fr\/wp\/?author=3\"}]}<\/script>\n<!-- \/ Yoast SEO plugin. -->","yoast_head_json":{"title":"Mariage Amandine & Vincent (07.2019) - Chapelle Saint Michel Archange Montbrison","robots":{"index":"index","follow":"follow","max-snippet":"max-snippet:-1","max-image-preview":"max-image-preview:large","max-video-preview":"max-video-preview:-1"},"canonical":"https:\/\/gallican-montbrison.fr\/wp\/?p=6515","og_locale":"fr_FR","og_type":"article","og_title":"Mariage Amandine & Vincent (07.2019) - Chapelle Saint Michel Archange Montbrison","og_description":"Mariage de Amandine et Vincent, Samedi 20 Juillet, dans un cadre magnifique et sous un beau soleil. Nous les remercions d&rsquo;avoir fait confiance \u00e0 l&rsquo;Eglise Gallicane pour les accompagner dans ce beau moment de leur vie. La joie et l&rsquo;\u00e9motion &hellip; Continuer la lecture &rarr;","og_url":"https:\/\/gallican-montbrison.fr\/wp\/?p=6515","og_site_name":"Chapelle Saint Michel Archange Montbrison","article_publisher":"https:\/\/www.facebook.com\/people\/Eglise-Gallicane-Chapelle-Saint-Michel-Archange\/100064564306693\/","article_published_time":"2019-07-22T09:49:01+00:00","article_modified_time":"2019-07-22T17:08:06+00:00","og_image":[{"url":"https:\/\/gallican-montbrison.fr\/wp\/wp-content\/uploads\/2019\/07\/P1080855-e1563790242510-768x1024.jpg","type":"","width":"","height":""}],"author":"Colette","twitter_card":"summary_large_image","twitter_misc":{"\u00c9crit par":"Colette"},"schema":{"@context":"https:\/\/schema.org","@graph":[{"@type":"WebPage","@id":"https:\/\/gallican-montbrison.fr\/wp\/?p=6515","url":"https:\/\/gallican-montbrison.fr\/wp\/?p=6515","name":"Mariage Amandine & Vincent (07.2019) - Chapelle Saint Michel Archange Montbrison","isPartOf":{"@id":"https:\/\/gallican-montbrison.fr\/wp\/#website"},"primaryImageOfPage":{"@id":"https:\/\/gallican-montbrison.fr\/wp\/?p=6515#primaryimage"},"image":{"@id":"https:\/\/gallican-montbrison.fr\/wp\/?p=6515#primaryimage"},"thumbnailUrl":"https:\/\/gallican-montbrison.fr\/wp\/wp-content\/uploads\/2019\/07\/P1080855-e1563790242510-768x1024.jpg","datePublished":"2019-07-22T09:49:01+00:00","dateModified":"2019-07-22T17:08:06+00:00","author":{"@id":"https:\/\/gallican-montbrison.fr\/wp\/#\/schema\/person\/fc5571a40f7c79de2fb1b0cf72c089a4"},"breadcrumb":{"@id":"https:\/\/gallican-montbrison.fr\/wp\/?p=6515#breadcrumb"},"inLanguage":"fr-FR","potentialAction":[{"@type":"ReadAction","target":["https:\/\/gallican-montbrison.fr\/wp\/?p=6515"]}]},{"@type":"ImageObject","inLanguage":"fr-FR","@id":"https:\/\/gallican-montbrison.fr\/wp\/?p=6515#primaryimage","url":"https:\/\/gallican-montbrison.fr\/wp\/wp-content\/uploads\/2019\/07\/P1080855-e1563790242510.jpg","contentUrl":"https:\/\/gallican-montbrison.fr\/wp\/wp-content\/uploads\/2019\/07\/P1080855-e1563790242510.jpg","width":1920,"height":2560},{"@type":"BreadcrumbList","@id":"https:\/\/gallican-montbrison.fr\/wp\/?p=6515#breadcrumb","itemListElement":[{"@type":"ListItem","position":1,"name":"Accueil","item":"https:\/\/gallican-montbrison.fr\/wp"},{"@type":"ListItem","position":2,"name":"Mariage Amandine &#038; Vincent (07.2019)"}]},{"@type":"WebSite","@id":"https:\/\/gallican-montbrison.fr\/wp\/#website","url":"https:\/\/gallican-montbrison.fr\/wp\/","name":"Chapelle Saint Michel Archange Montbrison","description":"Eglise Gallicane, Tradition Apostolique de Gazinet","potentialAction":[{"@type":"SearchAction","target":{"@type":"EntryPoint","urlTemplate":"https:\/\/gallican-montbrison.fr\/wp\/?s={search_term_string}"},"query-input":{"@type":"PropertyValueSpecification","valueRequired":true,"valueName":"search_term_string"}}],"inLanguage":"fr-FR"},{"@type":"Person","@id":"https:\/\/gallican-montbrison.fr\/wp\/#\/schema\/person\/fc5571a40f7c79de2fb1b0cf72c089a4","name":"Colette","url":"https:\/\/gallican-montbrison.fr\/wp\/?author=3"}]}},"_links":{"self":[{"href":"https:\/\/gallican-montbrison.fr\/wp\/index.php?rest_route=\/wp\/v2\/posts\/6515"}],"collection":[{"href":"https:\/\/gallican-montbrison.fr\/wp\/index.php?rest_route=\/wp\/v2\/posts"}],"about":[{"href":"https:\/\/gallican-montbrison.fr\/wp\/index.php?rest_route=\/wp\/v2\/types\/post"}],"author":[{"embeddable":true,"href":"https:\/\/gallican-montbrison.fr\/wp\/index.php?rest_route=\/wp\/v2\/users\/3"}],"replies":[{"embeddable":true,"href":"https:\/\/gallican-montbrison.fr\/wp\/index.php?rest_route=%2Fwp%2Fv2%2Fcomments&post=6515"}],"version-history":[{"count":12,"href":"https:\/\/gallican-montbrison.fr\/wp\/index.php?rest_route=\/wp\/v2\/posts\/6515\/revisions"}],"predecessor-version":[{"id":6544,"href":"https:\/\/gallican-montbrison.fr\/wp\/index.php?rest_route=\/wp\/v2\/posts\/6515\/revisions\/6544"}],"wp:attachment":[{"href":"https:\/\/gallican-montbrison.fr\/wp\/index.php?rest_route=%2Fwp%2Fv2%2Fmedia&parent=6515"}],"wp:term":[{"taxonomy":"category","embeddable":true,"href":"https:\/\/gallican-montbrison.fr\/wp\/index.php?rest_route=%2Fwp%2Fv2%2Fcategories&post=6515"},{"taxonomy":"post_tag","embeddable":true,"href":"https:\/\/gallican-montbrison.fr\/wp\/index.php?rest_route=%2Fwp%2Fv2%2Ftags&post=6515"}],"curies":[{"name":"wp","href":"https:\/\/api.w.org\/{rel}","templated":true}]}}