{"id":6567,"date":"2019-09-06T12:23:56","date_gmt":"2019-09-06T10:23:56","guid":{"rendered":"https:\/\/gallican-montbrison.fr\/wp\/?p=6567"},"modified":"2019-09-06T12:35:54","modified_gmt":"2019-09-06T10:35:54","slug":"dimanche-25-aout-2019","status":"publish","type":"post","link":"https:\/\/gallican-montbrison.fr\/wp\/?p=6567","title":{"rendered":"Le Seigneur nous gu\u00e9rit   \u00ab\u00a0ouvre nos coeurs \u00e0 ta pr\u00e9sence !\u00a0\u00bb"},"content":{"rendered":"\n<figure class=\"wp-block-audio\"><audio controls src=\"https:\/\/gallican-montbrison.fr\/wp\/wp-content\/uploads\/2019\/09\/Homelie-11-dim-apres-Pentecote2019.mp3\"><\/audio><figcaption>Ecouter l&rsquo;hom\u00e9lie du 11e Dimanche apr\u00e8s Pentec\u00f4te 2019<\/figcaption><\/figure>\n\n\n\n<div class=\"wp-block-image\"><figure class=\"alignleft is-resized\"><img loading=\"lazy\" decoding=\"async\" src=\"https:\/\/gallican-montbrison.fr\/wp\/wp-content\/uploads\/2019\/09\/parler-1024x886.jpeg\" alt=\"\" class=\"wp-image-6571\" width=\"181\" height=\"155\" srcset=\"https:\/\/gallican-montbrison.fr\/wp\/wp-content\/uploads\/2019\/09\/parler-300x259.jpeg 300w, https:\/\/gallican-montbrison.fr\/wp\/wp-content\/uploads\/2019\/09\/parler-768x664.jpeg 768w\" sizes=\"(max-width: 181px) 100vw, 181px\" \/><\/figure><\/div>\n\n\n\n<p><strong>Ep\u00eetre de St Paul: 1 Co 15, 1-10<\/strong><\/p>\n\n\n\n<p>Fr\u00e8res, je d\u00e9sire vous rappeler \nmaintenant la Bonne Nouvelle que je vous ai annonc\u00e9e, que vous avez \nre\u00e7ue et \u00e0 laquelle vous \u00eates fermement attach\u00e9s. C\u2019est par elle que \nvous \u00eates sauv\u00e9s, si vous la retenez telle que je vous l\u2019ai annonc\u00e9e&nbsp;; \nautrement, vous auriez cru inutilement.<\/p>\n\n\n\n<p>Je vous ai transmis avant tout cet \nenseignement que j\u2019ai re\u00e7u moi-m\u00eame&nbsp;: le Christ est mort pour nos \np\u00e9ch\u00e9s, comme l\u2019avaient annonc\u00e9 les \u00c9critures&nbsp;; il a \u00e9t\u00e9 mis au tombeau \net il est revenu \u00e0 la vie le troisi\u00e8me jour, comme l\u2019avaient annonc\u00e9 les\n \u00c9critures&nbsp;; il est apparu \u00e0 Pierre, puis aux douze ap\u00f4tres. Ensuite, il\n est apparu \u00e0 plus de cinq cents de ses disciples \u00e0 la fois, la plupart \nd\u2019entre eux sont encore vivants, mais quelques-uns sont morts. Ensuite, \nil est apparu \u00e0 Jacques, puis \u00e0 tous les ap\u00f4tres.<\/p>\n\n\n\n<p>Enfin, apr\u00e8s eux tous, il m\u2019est aussi \napparu \u00e0 moi, bien que je sois pareil \u00e0 un \u00eatre n\u00e9 avant terme. Je suis \nen effet le moindre des ap\u00f4tres; \u00e0 vrai dire, je ne m\u00e9rite m\u00eame pas \nd\u2019\u00eatre appel\u00e9 ap\u00f4tre, car j\u2019ai pers\u00e9cut\u00e9 l\u2019\u00c9glise de Dieu. Mais par la \ngr\u00e2ce de Dieu je suis ce que je suis, et la gr\u00e2ce qu\u2019il m\u2019a accord\u00e9e n\u2019a\n pas \u00e9t\u00e9 inefficace&nbsp;: au contraire, j\u2019ai travaill\u00e9 plus que tous les \nautres ap\u00f4tres, non pas moi, en r\u00e9alit\u00e9, mais la gr\u00e2ce de Dieu qui agit \nen moi.<\/p>\n\n\n\n<p><strong>Evangile de St Marc 7, 31-37<\/strong><\/p>\n\n\n\n<p>J\u00e9sus quitta ensuite le territoire de \nTyr, passa par Sidon et revint vers le lac de Galil\u00e9e \u00e0 travers le \nterritoire des Dix Villes. On lui amena un homme qui \u00e9tait sourd et \navait de la peine \u00e0 parler, et on le supplia de poser la main sur lui. \nAlors J\u00e9sus l\u2019emmena seul avec lui, loin de la foule&nbsp;; il mit ses doigts\n dans les oreilles de l\u2019homme et lui toucha la langue avec sa propre \nsalive. Puis il leva les yeux vers le ciel, soupira et dit \u00e0 l\u2019homme&nbsp;: \n\u00ab&nbsp; <em>Effata !<\/em>&nbsp;\u00bb ce qui signifie \u00ab&nbsp;Ouvre-toi&nbsp;!&nbsp;\u00bb. Aussit\u00f4t, les \noreilles de l\u2019homme s\u2019ouvrirent, sa langue fut lib\u00e9r\u00e9e et il se mit \u00e0 \nparler normalement. J\u00e9sus recommanda \u00e0 tous de n\u2019en parler \u00e0 personne&nbsp;; \nmais plus il le leur recommandait, plus ils r\u00e9pandaient la nouvelle. Et \nles gens \u00e9taient impressionn\u00e9s au plus haut point&nbsp;; ils disaient&nbsp;: \n\u00ab&nbsp;Tout ce qu\u2019il fait est vraiment bien&nbsp;! Il fait m\u00eame entendre les \nsourds et parler les muets&nbsp;!&nbsp;\u00bb<\/p>\n","protected":false},"excerpt":{"rendered":"<p>Ep\u00eetre de St Paul: 1 Co 15, 1-10 Fr\u00e8res, je d\u00e9sire vous rappeler maintenant la Bonne Nouvelle que je vous ai annonc\u00e9e, que vous avez re\u00e7ue et \u00e0 laquelle vous \u00eates fermement attach\u00e9s. C\u2019est par elle que vous \u00eates sauv\u00e9s, &hellip; <a href=\"https:\/\/gallican-montbrison.fr\/wp\/?p=6567\">Continuer la lecture <span class=\"meta-nav\">&rarr;<\/span><\/a><\/p>\n","protected":false},"author":3,"featured_media":0,"comment_status":"closed","ping_status":"open","sticky":false,"template":"","format":"standard","meta":{"footnotes":""},"categories":[4],"tags":[],"class_list":["post-6567","post","type-post","status-publish","format-standard","hentry","category-homelies"],"yoast_head":"<!-- This site is optimized with the Yoast SEO plugin v25.6 - https:\/\/yoast.com\/wordpress\/plugins\/seo\/ -->\n<title>Le Seigneur nous gu\u00e9rit  &quot;ouvre nos coeurs \u00e0 ta pr\u00e9sence !&quot; - Chapelle Saint Michel Archange Montbrison<\/title>\n<meta name=\"robots\" content=\"index, follow, max-snippet:-1, max-image-preview:large, max-video-preview:-1\" \/>\n<link rel=\"canonical\" href=\"https:\/\/gallican-montbrison.fr\/wp\/?p=6567\" \/>\n<meta property=\"og:locale\" content=\"fr_FR\" \/>\n<meta property=\"og:type\" content=\"article\" \/>\n<meta property=\"og:title\" content=\"Le Seigneur nous gu\u00e9rit  &quot;ouvre nos coeurs \u00e0 ta pr\u00e9sence !&quot; - Chapelle Saint Michel Archange Montbrison\" \/>\n<meta property=\"og:description\" content=\"Ep\u00eetre de St Paul: 1 Co 15, 1-10 Fr\u00e8res, je d\u00e9sire vous rappeler maintenant la Bonne Nouvelle que je vous ai annonc\u00e9e, que vous avez re\u00e7ue et \u00e0 laquelle vous \u00eates fermement attach\u00e9s. C\u2019est par elle que vous \u00eates sauv\u00e9s, &hellip; Continuer la lecture &rarr;\" \/>\n<meta property=\"og:url\" content=\"https:\/\/gallican-montbrison.fr\/wp\/?p=6567\" \/>\n<meta property=\"og:site_name\" content=\"Chapelle Saint Michel Archange Montbrison\" \/>\n<meta property=\"article:publisher\" content=\"https:\/\/www.facebook.com\/people\/Eglise-Gallicane-Chapelle-Saint-Michel-Archange\/100064564306693\/\" \/>\n<meta property=\"article:published_time\" content=\"2019-09-06T10:23:56+00:00\" \/>\n<meta property=\"article:modified_time\" content=\"2019-09-06T10:35:54+00:00\" \/>\n<meta property=\"og:image\" content=\"https:\/\/gallican-montbrison.fr\/wp\/wp-content\/uploads\/2019\/09\/parler-1024x886.jpeg\" \/>\n<meta name=\"author\" content=\"Colette\" \/>\n<meta name=\"twitter:card\" content=\"summary_large_image\" \/>\n<meta name=\"twitter:label1\" content=\"\u00c9crit par\" \/>\n\t<meta name=\"twitter:data1\" content=\"Colette\" \/>\n\t<meta name=\"twitter:label2\" content=\"Dur\u00e9e de lecture estim\u00e9e\" \/>\n\t<meta name=\"twitter:data2\" content=\"2 minutes\" \/>\n<script type=\"application\/ld+json\" class=\"yoast-schema-graph\">{\"@context\":\"https:\/\/schema.org\",\"@graph\":[{\"@type\":\"WebPage\",\"@id\":\"https:\/\/gallican-montbrison.fr\/wp\/?p=6567\",\"url\":\"https:\/\/gallican-montbrison.fr\/wp\/?p=6567\",\"name\":\"Le Seigneur nous gu\u00e9rit \\\"ouvre nos coeurs \u00e0 ta pr\u00e9sence !\\\" - Chapelle Saint Michel Archange Montbrison\",\"isPartOf\":{\"@id\":\"https:\/\/gallican-montbrison.fr\/wp\/#website\"},\"primaryImageOfPage\":{\"@id\":\"https:\/\/gallican-montbrison.fr\/wp\/?p=6567#primaryimage\"},\"image\":{\"@id\":\"https:\/\/gallican-montbrison.fr\/wp\/?p=6567#primaryimage\"},\"thumbnailUrl\":\"https:\/\/gallican-montbrison.fr\/wp\/wp-content\/uploads\/2019\/09\/parler-1024x886.jpeg\",\"datePublished\":\"2019-09-06T10:23:56+00:00\",\"dateModified\":\"2019-09-06T10:35:54+00:00\",\"author\":{\"@id\":\"https:\/\/gallican-montbrison.fr\/wp\/#\/schema\/person\/fc5571a40f7c79de2fb1b0cf72c089a4\"},\"breadcrumb\":{\"@id\":\"https:\/\/gallican-montbrison.fr\/wp\/?p=6567#breadcrumb\"},\"inLanguage\":\"fr-FR\",\"potentialAction\":[{\"@type\":\"ReadAction\",\"target\":[\"https:\/\/gallican-montbrison.fr\/wp\/?p=6567\"]}]},{\"@type\":\"ImageObject\",\"inLanguage\":\"fr-FR\",\"@id\":\"https:\/\/gallican-montbrison.fr\/wp\/?p=6567#primaryimage\",\"url\":\"https:\/\/gallican-montbrison.fr\/wp\/wp-content\/uploads\/2019\/09\/parler.jpeg\",\"contentUrl\":\"https:\/\/gallican-montbrison.fr\/wp\/wp-content\/uploads\/2019\/09\/parler.jpeg\",\"width\":1036,\"height\":896},{\"@type\":\"BreadcrumbList\",\"@id\":\"https:\/\/gallican-montbrison.fr\/wp\/?p=6567#breadcrumb\",\"itemListElement\":[{\"@type\":\"ListItem\",\"position\":1,\"name\":\"Accueil\",\"item\":\"https:\/\/gallican-montbrison.fr\/wp\"},{\"@type\":\"ListItem\",\"position\":2,\"name\":\"Le Seigneur nous gu\u00e9rit \u00ab\u00a0ouvre nos coeurs \u00e0 ta pr\u00e9sence !\u00a0\u00bb\"}]},{\"@type\":\"WebSite\",\"@id\":\"https:\/\/gallican-montbrison.fr\/wp\/#website\",\"url\":\"https:\/\/gallican-montbrison.fr\/wp\/\",\"name\":\"Chapelle Saint Michel Archange Montbrison\",\"description\":\"Eglise Gallicane, Tradition Apostolique de Gazinet\",\"potentialAction\":[{\"@type\":\"SearchAction\",\"target\":{\"@type\":\"EntryPoint\",\"urlTemplate\":\"https:\/\/gallican-montbrison.fr\/wp\/?s={search_term_string}\"},\"query-input\":{\"@type\":\"PropertyValueSpecification\",\"valueRequired\":true,\"valueName\":\"search_term_string\"}}],\"inLanguage\":\"fr-FR\"},{\"@type\":\"Person\",\"@id\":\"https:\/\/gallican-montbrison.fr\/wp\/#\/schema\/person\/fc5571a40f7c79de2fb1b0cf72c089a4\",\"name\":\"Colette\",\"url\":\"https:\/\/gallican-montbrison.fr\/wp\/?author=3\"}]}<\/script>\n<!-- \/ Yoast SEO plugin. -->","yoast_head_json":{"title":"Le Seigneur nous gu\u00e9rit  \"ouvre nos coeurs \u00e0 ta pr\u00e9sence !\" - Chapelle Saint Michel Archange Montbrison","robots":{"index":"index","follow":"follow","max-snippet":"max-snippet:-1","max-image-preview":"max-image-preview:large","max-video-preview":"max-video-preview:-1"},"canonical":"https:\/\/gallican-montbrison.fr\/wp\/?p=6567","og_locale":"fr_FR","og_type":"article","og_title":"Le Seigneur nous gu\u00e9rit  \"ouvre nos coeurs \u00e0 ta pr\u00e9sence !\" - Chapelle Saint Michel Archange Montbrison","og_description":"Ep\u00eetre de St Paul: 1 Co 15, 1-10 Fr\u00e8res, je d\u00e9sire vous rappeler maintenant la Bonne Nouvelle que je vous ai annonc\u00e9e, que vous avez re\u00e7ue et \u00e0 laquelle vous \u00eates fermement attach\u00e9s. C\u2019est par elle que vous \u00eates sauv\u00e9s, &hellip; Continuer la lecture &rarr;","og_url":"https:\/\/gallican-montbrison.fr\/wp\/?p=6567","og_site_name":"Chapelle Saint Michel Archange Montbrison","article_publisher":"https:\/\/www.facebook.com\/people\/Eglise-Gallicane-Chapelle-Saint-Michel-Archange\/100064564306693\/","article_published_time":"2019-09-06T10:23:56+00:00","article_modified_time":"2019-09-06T10:35:54+00:00","og_image":[{"url":"https:\/\/gallican-montbrison.fr\/wp\/wp-content\/uploads\/2019\/09\/parler-1024x886.jpeg","type":"","width":"","height":""}],"author":"Colette","twitter_card":"summary_large_image","twitter_misc":{"\u00c9crit par":"Colette","Dur\u00e9e de lecture estim\u00e9e":"2 minutes"},"schema":{"@context":"https:\/\/schema.org","@graph":[{"@type":"WebPage","@id":"https:\/\/gallican-montbrison.fr\/wp\/?p=6567","url":"https:\/\/gallican-montbrison.fr\/wp\/?p=6567","name":"Le Seigneur nous gu\u00e9rit \"ouvre nos coeurs \u00e0 ta pr\u00e9sence !\" - Chapelle Saint Michel Archange Montbrison","isPartOf":{"@id":"https:\/\/gallican-montbrison.fr\/wp\/#website"},"primaryImageOfPage":{"@id":"https:\/\/gallican-montbrison.fr\/wp\/?p=6567#primaryimage"},"image":{"@id":"https:\/\/gallican-montbrison.fr\/wp\/?p=6567#primaryimage"},"thumbnailUrl":"https:\/\/gallican-montbrison.fr\/wp\/wp-content\/uploads\/2019\/09\/parler-1024x886.jpeg","datePublished":"2019-09-06T10:23:56+00:00","dateModified":"2019-09-06T10:35:54+00:00","author":{"@id":"https:\/\/gallican-montbrison.fr\/wp\/#\/schema\/person\/fc5571a40f7c79de2fb1b0cf72c089a4"},"breadcrumb":{"@id":"https:\/\/gallican-montbrison.fr\/wp\/?p=6567#breadcrumb"},"inLanguage":"fr-FR","potentialAction":[{"@type":"ReadAction","target":["https:\/\/gallican-montbrison.fr\/wp\/?p=6567"]}]},{"@type":"ImageObject","inLanguage":"fr-FR","@id":"https:\/\/gallican-montbrison.fr\/wp\/?p=6567#primaryimage","url":"https:\/\/gallican-montbrison.fr\/wp\/wp-content\/uploads\/2019\/09\/parler.jpeg","contentUrl":"https:\/\/gallican-montbrison.fr\/wp\/wp-content\/uploads\/2019\/09\/parler.jpeg","width":1036,"height":896},{"@type":"BreadcrumbList","@id":"https:\/\/gallican-montbrison.fr\/wp\/?p=6567#breadcrumb","itemListElement":[{"@type":"ListItem","position":1,"name":"Accueil","item":"https:\/\/gallican-montbrison.fr\/wp"},{"@type":"ListItem","position":2,"name":"Le Seigneur nous gu\u00e9rit \u00ab\u00a0ouvre nos coeurs \u00e0 ta pr\u00e9sence !\u00a0\u00bb"}]},{"@type":"WebSite","@id":"https:\/\/gallican-montbrison.fr\/wp\/#website","url":"https:\/\/gallican-montbrison.fr\/wp\/","name":"Chapelle Saint Michel Archange Montbrison","description":"Eglise Gallicane, Tradition Apostolique de Gazinet","potentialAction":[{"@type":"SearchAction","target":{"@type":"EntryPoint","urlTemplate":"https:\/\/gallican-montbrison.fr\/wp\/?s={search_term_string}"},"query-input":{"@type":"PropertyValueSpecification","valueRequired":true,"valueName":"search_term_string"}}],"inLanguage":"fr-FR"},{"@type":"Person","@id":"https:\/\/gallican-montbrison.fr\/wp\/#\/schema\/person\/fc5571a40f7c79de2fb1b0cf72c089a4","name":"Colette","url":"https:\/\/gallican-montbrison.fr\/wp\/?author=3"}]}},"_links":{"self":[{"href":"https:\/\/gallican-montbrison.fr\/wp\/index.php?rest_route=\/wp\/v2\/posts\/6567"}],"collection":[{"href":"https:\/\/gallican-montbrison.fr\/wp\/index.php?rest_route=\/wp\/v2\/posts"}],"about":[{"href":"https:\/\/gallican-montbrison.fr\/wp\/index.php?rest_route=\/wp\/v2\/types\/post"}],"author":[{"embeddable":true,"href":"https:\/\/gallican-montbrison.fr\/wp\/index.php?rest_route=\/wp\/v2\/users\/3"}],"replies":[{"embeddable":true,"href":"https:\/\/gallican-montbrison.fr\/wp\/index.php?rest_route=%2Fwp%2Fv2%2Fcomments&post=6567"}],"version-history":[{"count":4,"href":"https:\/\/gallican-montbrison.fr\/wp\/index.php?rest_route=\/wp\/v2\/posts\/6567\/revisions"}],"predecessor-version":[{"id":6574,"href":"https:\/\/gallican-montbrison.fr\/wp\/index.php?rest_route=\/wp\/v2\/posts\/6567\/revisions\/6574"}],"wp:attachment":[{"href":"https:\/\/gallican-montbrison.fr\/wp\/index.php?rest_route=%2Fwp%2Fv2%2Fmedia&parent=6567"}],"wp:term":[{"taxonomy":"category","embeddable":true,"href":"https:\/\/gallican-montbrison.fr\/wp\/index.php?rest_route=%2Fwp%2Fv2%2Fcategories&post=6567"},{"taxonomy":"post_tag","embeddable":true,"href":"https:\/\/gallican-montbrison.fr\/wp\/index.php?rest_route=%2Fwp%2Fv2%2Ftags&post=6567"}],"curies":[{"name":"wp","href":"https:\/\/api.w.org\/{rel}","templated":true}]}}