{"id":6615,"date":"2019-09-28T20:41:28","date_gmt":"2019-09-28T18:41:28","guid":{"rendered":"https:\/\/gallican-montbrison.fr\/wp\/?p=6615"},"modified":"2019-10-07T09:21:00","modified_gmt":"2019-10-07T07:21:00","slug":"toussaint-2019-reflexion","status":"publish","type":"post","link":"https:\/\/gallican-montbrison.fr\/wp\/?p=6615","title":{"rendered":"Toussaint 2019 &#8230; r\u00e9flexion."},"content":{"rendered":"\n<ul class=\"wp-block-gallery columns-3 is-cropped wp-block-gallery-1 is-layout-flex wp-block-gallery-is-layout-flex\"><li class=\"blocks-gallery-item\"><figure><img loading=\"lazy\" decoding=\"async\" width=\"1024\" height=\"683\" src=\"https:\/\/gallican-montbrison.fr\/wp\/wp-content\/uploads\/2018\/11\/rose_monument_cemetery-1333372-1024x683.jpg\" alt=\"\" data-id=\"5945\" data-link=\"https:\/\/gallican-montbrison.fr\/wp\/?attachment_id=5945\" class=\"wp-image-5945\" srcset=\"https:\/\/gallican-montbrison.fr\/wp\/wp-content\/uploads\/2018\/11\/rose_monument_cemetery-1333372-1024x683.jpg 1024w, https:\/\/gallican-montbrison.fr\/wp\/wp-content\/uploads\/2018\/11\/rose_monument_cemetery-1333372-300x200.jpg 300w, https:\/\/gallican-montbrison.fr\/wp\/wp-content\/uploads\/2018\/11\/rose_monument_cemetery-1333372-768x512.jpg 768w, https:\/\/gallican-montbrison.fr\/wp\/wp-content\/uploads\/2018\/11\/rose_monument_cemetery-1333372.jpg 1200w\" sizes=\"(max-width: 1024px) 100vw, 1024px\" \/><\/figure><\/li><li class=\"blocks-gallery-item\"><figure><img loading=\"lazy\" decoding=\"async\" width=\"394\" height=\"348\" src=\"https:\/\/gallican-montbrison.fr\/wp\/wp-content\/uploads\/2016\/09\/leve-toi-et-marche.jpg\" alt=\"\" data-id=\"4732\" data-link=\"https:\/\/gallican-montbrison.fr\/wp\/?attachment_id=4732\" class=\"wp-image-4732\" srcset=\"https:\/\/gallican-montbrison.fr\/wp\/wp-content\/uploads\/2016\/09\/leve-toi-et-marche.jpg 394w, https:\/\/gallican-montbrison.fr\/wp\/wp-content\/uploads\/2016\/09\/leve-toi-et-marche-300x265.jpg 300w\" sizes=\"(max-width: 394px) 100vw, 394px\" \/><\/figure><\/li><li class=\"blocks-gallery-item\"><figure><img loading=\"lazy\" decoding=\"async\" width=\"579\" height=\"333\" src=\"https:\/\/gallican-montbrison.fr\/wp\/wp-content\/uploads\/2016\/11\/toussaint.jpg\" alt=\"\" data-id=\"4801\" data-link=\"https:\/\/gallican-montbrison.fr\/wp\/?attachment_id=4801\" class=\"wp-image-4801\" srcset=\"https:\/\/gallican-montbrison.fr\/wp\/wp-content\/uploads\/2016\/11\/toussaint.jpg 579w, https:\/\/gallican-montbrison.fr\/wp\/wp-content\/uploads\/2016\/11\/toussaint-300x173.jpg 300w\" sizes=\"(max-width: 579px) 100vw, 579px\" \/><\/figure><\/li><\/ul>\n\n\n\n<p>La foule suit J\u00e9sus nous disent les Ecritures, la foule humaine lors de son<br>minist\u00e8re sur terre il y a un peu plus de 2000 ans \u2026<br>La foule aussi dans les cieux nous dit l&rsquo;Apocalypse de St Jean. Une foule immense<br>que nul ne peut d\u00e9nombrer, venue de toutes les nations, de tous les peuples. 144.000,<br>chiffre symbolique qui repr\u00e9sente l&rsquo;accomplissement<br>de l&rsquo;humanit\u00e9 aupr\u00e8s de Dieu.<\/p>\n\n\n\n<p>Cela veut dire que Dieu s\u2019int\u00e9resse \u00e0 tous, mais pas dans la multitude, \u00e0 chacun de nous dans ce qu&rsquo;il est en particulier, dans son identit\u00e9 personnelle. A chacun de nous petit ou grand.<br>Il nous connait intimement avec tous nos bonheurs et dans tous nos tourments, sans jugement.<br>Il a donn\u00e9 sa vie, son sang, pour nous rejoindre dans nos \u00e9preuves et pour nous en sauver; mais aussi et surtout pour nous donner le sens de la vie qui est celui de l\u2019amour.<br>Il nous connait aussi chacun et chacune avec tous nos possibles, notre formidable potentiel et nos aspirations les plus hautes.<br>Il nous a donn\u00e9 l&rsquo;Esprit Saint pour encore aujourd&rsquo;hui unir nos vies \u00e0 la sienne, d\u00e9passer nos limites et parvenir \u00e0 \u00ab\u00a0l&rsquo;inaccessible \u00e9toile\u00a0\u00bb. Il a mis en nous cette dimension de l&rsquo;Esprit qui fait de nous des femmes et des hommes en route vers la Pr\u00e9sence intime du P\u00e8re.<br>Notre devenir est l\u00e0, devenir \u00ab\u00a0Tous Saints\u00a0\u00bb accomplissement personnel mais qui ne peut se<br>passer de l&rsquo;accomplissement aussi de notre prochain sinon la recherche serait vaine.<br>\u00ab\u00a0Tous Un\u00a0\u00bb, unis en Dieu sur la terre comme au Ciel, enfants du m\u00eame P\u00e8re.<\/p>\n\n\n\n<p><br> En cette f\u00eate de la Toussaint qui approche, f\u00eate religieuse qui unit le monde des vivants et<br> celui des d\u00e9funts, les mondes visibles et les mondes invisibles.<br> Soyons cette foule qui, par nos pri\u00e8res et notre unit\u00e9, r\u00e9unira le ciel et la terre en un m\u00eame chant de Louanges.<\/p>\n\n\n\n<p><br> En union de pri\u00e8res avec vous                            <\/p>\n\n\n\n<p>Dame Colette +<\/p>\n\n\n\n<p><\/p>\n","protected":false},"excerpt":{"rendered":"<p>La foule suit J\u00e9sus nous disent les Ecritures, la foule humaine lors de sonminist\u00e8re sur terre il y a un peu plus de 2000 ans \u2026La foule aussi dans les cieux nous dit l&rsquo;Apocalypse de St Jean. Une foule immenseque &hellip; <a href=\"https:\/\/gallican-montbrison.fr\/wp\/?p=6615\">Continuer la lecture <span class=\"meta-nav\">&rarr;<\/span><\/a><\/p>\n","protected":false},"author":3,"featured_media":0,"comment_status":"closed","ping_status":"open","sticky":false,"template":"","format":"standard","meta":{"footnotes":""},"categories":[11],"tags":[],"class_list":["post-6615","post","type-post","status-publish","format-standard","hentry","category-articles-et-conferences"],"yoast_head":"<!-- This site is optimized with the Yoast SEO plugin v25.6 - https:\/\/yoast.com\/wordpress\/plugins\/seo\/ -->\n<title>Toussaint 2019 ... r\u00e9flexion. - Chapelle Saint Michel Archange Montbrison<\/title>\n<meta name=\"robots\" content=\"index, follow, max-snippet:-1, max-image-preview:large, max-video-preview:-1\" \/>\n<link rel=\"canonical\" href=\"https:\/\/gallican-montbrison.fr\/wp\/?p=6615\" \/>\n<meta property=\"og:locale\" content=\"fr_FR\" \/>\n<meta property=\"og:type\" content=\"article\" \/>\n<meta property=\"og:title\" content=\"Toussaint 2019 ... r\u00e9flexion. - Chapelle Saint Michel Archange Montbrison\" \/>\n<meta property=\"og:description\" content=\"La foule suit J\u00e9sus nous disent les Ecritures, la foule humaine lors de sonminist\u00e8re sur terre il y a un peu plus de 2000 ans \u2026La foule aussi dans les cieux nous dit l&rsquo;Apocalypse de St Jean. Une foule immenseque &hellip; Continuer la lecture &rarr;\" \/>\n<meta property=\"og:url\" content=\"https:\/\/gallican-montbrison.fr\/wp\/?p=6615\" \/>\n<meta property=\"og:site_name\" content=\"Chapelle Saint Michel Archange Montbrison\" \/>\n<meta property=\"article:publisher\" content=\"https:\/\/www.facebook.com\/people\/Eglise-Gallicane-Chapelle-Saint-Michel-Archange\/100064564306693\/\" \/>\n<meta property=\"article:published_time\" content=\"2019-09-28T18:41:28+00:00\" \/>\n<meta property=\"article:modified_time\" content=\"2019-10-07T07:21:00+00:00\" \/>\n<meta property=\"og:image\" content=\"https:\/\/gallican-montbrison.fr\/wp\/wp-content\/uploads\/2018\/11\/rose_monument_cemetery-1333372-1024x683.jpg\" \/>\n<meta name=\"author\" content=\"Colette\" \/>\n<meta name=\"twitter:card\" content=\"summary_large_image\" \/>\n<meta name=\"twitter:label1\" content=\"\u00c9crit par\" \/>\n\t<meta name=\"twitter:data1\" content=\"Colette\" \/>\n\t<meta name=\"twitter:label2\" content=\"Dur\u00e9e de lecture estim\u00e9e\" \/>\n\t<meta name=\"twitter:data2\" content=\"2 minutes\" \/>\n<script type=\"application\/ld+json\" class=\"yoast-schema-graph\">{\"@context\":\"https:\/\/schema.org\",\"@graph\":[{\"@type\":\"WebPage\",\"@id\":\"https:\/\/gallican-montbrison.fr\/wp\/?p=6615\",\"url\":\"https:\/\/gallican-montbrison.fr\/wp\/?p=6615\",\"name\":\"Toussaint 2019 ... r\u00e9flexion. - Chapelle Saint Michel Archange Montbrison\",\"isPartOf\":{\"@id\":\"https:\/\/gallican-montbrison.fr\/wp\/#website\"},\"primaryImageOfPage\":{\"@id\":\"https:\/\/gallican-montbrison.fr\/wp\/?p=6615#primaryimage\"},\"image\":{\"@id\":\"https:\/\/gallican-montbrison.fr\/wp\/?p=6615#primaryimage\"},\"thumbnailUrl\":\"https:\/\/gallican-montbrison.fr\/wp\/wp-content\/uploads\/2018\/11\/rose_monument_cemetery-1333372-1024x683.jpg\",\"datePublished\":\"2019-09-28T18:41:28+00:00\",\"dateModified\":\"2019-10-07T07:21:00+00:00\",\"author\":{\"@id\":\"https:\/\/gallican-montbrison.fr\/wp\/#\/schema\/person\/fc5571a40f7c79de2fb1b0cf72c089a4\"},\"breadcrumb\":{\"@id\":\"https:\/\/gallican-montbrison.fr\/wp\/?p=6615#breadcrumb\"},\"inLanguage\":\"fr-FR\",\"potentialAction\":[{\"@type\":\"ReadAction\",\"target\":[\"https:\/\/gallican-montbrison.fr\/wp\/?p=6615\"]}]},{\"@type\":\"ImageObject\",\"inLanguage\":\"fr-FR\",\"@id\":\"https:\/\/gallican-montbrison.fr\/wp\/?p=6615#primaryimage\",\"url\":\"https:\/\/gallican-montbrison.fr\/wp\/wp-content\/uploads\/2018\/11\/rose_monument_cemetery-1333372.jpg\",\"contentUrl\":\"https:\/\/gallican-montbrison.fr\/wp\/wp-content\/uploads\/2018\/11\/rose_monument_cemetery-1333372.jpg\",\"width\":1200,\"height\":800},{\"@type\":\"BreadcrumbList\",\"@id\":\"https:\/\/gallican-montbrison.fr\/wp\/?p=6615#breadcrumb\",\"itemListElement\":[{\"@type\":\"ListItem\",\"position\":1,\"name\":\"Accueil\",\"item\":\"https:\/\/gallican-montbrison.fr\/wp\"},{\"@type\":\"ListItem\",\"position\":2,\"name\":\"Toussaint 2019 &#8230; r\u00e9flexion.\"}]},{\"@type\":\"WebSite\",\"@id\":\"https:\/\/gallican-montbrison.fr\/wp\/#website\",\"url\":\"https:\/\/gallican-montbrison.fr\/wp\/\",\"name\":\"Chapelle Saint Michel Archange Montbrison\",\"description\":\"Eglise Gallicane, Tradition Apostolique de Gazinet\",\"potentialAction\":[{\"@type\":\"SearchAction\",\"target\":{\"@type\":\"EntryPoint\",\"urlTemplate\":\"https:\/\/gallican-montbrison.fr\/wp\/?s={search_term_string}\"},\"query-input\":{\"@type\":\"PropertyValueSpecification\",\"valueRequired\":true,\"valueName\":\"search_term_string\"}}],\"inLanguage\":\"fr-FR\"},{\"@type\":\"Person\",\"@id\":\"https:\/\/gallican-montbrison.fr\/wp\/#\/schema\/person\/fc5571a40f7c79de2fb1b0cf72c089a4\",\"name\":\"Colette\",\"url\":\"https:\/\/gallican-montbrison.fr\/wp\/?author=3\"}]}<\/script>\n<!-- \/ Yoast SEO plugin. -->","yoast_head_json":{"title":"Toussaint 2019 ... r\u00e9flexion. - Chapelle Saint Michel Archange Montbrison","robots":{"index":"index","follow":"follow","max-snippet":"max-snippet:-1","max-image-preview":"max-image-preview:large","max-video-preview":"max-video-preview:-1"},"canonical":"https:\/\/gallican-montbrison.fr\/wp\/?p=6615","og_locale":"fr_FR","og_type":"article","og_title":"Toussaint 2019 ... r\u00e9flexion. - Chapelle Saint Michel Archange Montbrison","og_description":"La foule suit J\u00e9sus nous disent les Ecritures, la foule humaine lors de sonminist\u00e8re sur terre il y a un peu plus de 2000 ans \u2026La foule aussi dans les cieux nous dit l&rsquo;Apocalypse de St Jean. Une foule immenseque &hellip; Continuer la lecture &rarr;","og_url":"https:\/\/gallican-montbrison.fr\/wp\/?p=6615","og_site_name":"Chapelle Saint Michel Archange Montbrison","article_publisher":"https:\/\/www.facebook.com\/people\/Eglise-Gallicane-Chapelle-Saint-Michel-Archange\/100064564306693\/","article_published_time":"2019-09-28T18:41:28+00:00","article_modified_time":"2019-10-07T07:21:00+00:00","og_image":[{"url":"https:\/\/gallican-montbrison.fr\/wp\/wp-content\/uploads\/2018\/11\/rose_monument_cemetery-1333372-1024x683.jpg","type":"","width":"","height":""}],"author":"Colette","twitter_card":"summary_large_image","twitter_misc":{"\u00c9crit par":"Colette","Dur\u00e9e de lecture estim\u00e9e":"2 minutes"},"schema":{"@context":"https:\/\/schema.org","@graph":[{"@type":"WebPage","@id":"https:\/\/gallican-montbrison.fr\/wp\/?p=6615","url":"https:\/\/gallican-montbrison.fr\/wp\/?p=6615","name":"Toussaint 2019 ... r\u00e9flexion. - Chapelle Saint Michel Archange Montbrison","isPartOf":{"@id":"https:\/\/gallican-montbrison.fr\/wp\/#website"},"primaryImageOfPage":{"@id":"https:\/\/gallican-montbrison.fr\/wp\/?p=6615#primaryimage"},"image":{"@id":"https:\/\/gallican-montbrison.fr\/wp\/?p=6615#primaryimage"},"thumbnailUrl":"https:\/\/gallican-montbrison.fr\/wp\/wp-content\/uploads\/2018\/11\/rose_monument_cemetery-1333372-1024x683.jpg","datePublished":"2019-09-28T18:41:28+00:00","dateModified":"2019-10-07T07:21:00+00:00","author":{"@id":"https:\/\/gallican-montbrison.fr\/wp\/#\/schema\/person\/fc5571a40f7c79de2fb1b0cf72c089a4"},"breadcrumb":{"@id":"https:\/\/gallican-montbrison.fr\/wp\/?p=6615#breadcrumb"},"inLanguage":"fr-FR","potentialAction":[{"@type":"ReadAction","target":["https:\/\/gallican-montbrison.fr\/wp\/?p=6615"]}]},{"@type":"ImageObject","inLanguage":"fr-FR","@id":"https:\/\/gallican-montbrison.fr\/wp\/?p=6615#primaryimage","url":"https:\/\/gallican-montbrison.fr\/wp\/wp-content\/uploads\/2018\/11\/rose_monument_cemetery-1333372.jpg","contentUrl":"https:\/\/gallican-montbrison.fr\/wp\/wp-content\/uploads\/2018\/11\/rose_monument_cemetery-1333372.jpg","width":1200,"height":800},{"@type":"BreadcrumbList","@id":"https:\/\/gallican-montbrison.fr\/wp\/?p=6615#breadcrumb","itemListElement":[{"@type":"ListItem","position":1,"name":"Accueil","item":"https:\/\/gallican-montbrison.fr\/wp"},{"@type":"ListItem","position":2,"name":"Toussaint 2019 &#8230; r\u00e9flexion."}]},{"@type":"WebSite","@id":"https:\/\/gallican-montbrison.fr\/wp\/#website","url":"https:\/\/gallican-montbrison.fr\/wp\/","name":"Chapelle Saint Michel Archange Montbrison","description":"Eglise Gallicane, Tradition Apostolique de Gazinet","potentialAction":[{"@type":"SearchAction","target":{"@type":"EntryPoint","urlTemplate":"https:\/\/gallican-montbrison.fr\/wp\/?s={search_term_string}"},"query-input":{"@type":"PropertyValueSpecification","valueRequired":true,"valueName":"search_term_string"}}],"inLanguage":"fr-FR"},{"@type":"Person","@id":"https:\/\/gallican-montbrison.fr\/wp\/#\/schema\/person\/fc5571a40f7c79de2fb1b0cf72c089a4","name":"Colette","url":"https:\/\/gallican-montbrison.fr\/wp\/?author=3"}]}},"_links":{"self":[{"href":"https:\/\/gallican-montbrison.fr\/wp\/index.php?rest_route=\/wp\/v2\/posts\/6615"}],"collection":[{"href":"https:\/\/gallican-montbrison.fr\/wp\/index.php?rest_route=\/wp\/v2\/posts"}],"about":[{"href":"https:\/\/gallican-montbrison.fr\/wp\/index.php?rest_route=\/wp\/v2\/types\/post"}],"author":[{"embeddable":true,"href":"https:\/\/gallican-montbrison.fr\/wp\/index.php?rest_route=\/wp\/v2\/users\/3"}],"replies":[{"embeddable":true,"href":"https:\/\/gallican-montbrison.fr\/wp\/index.php?rest_route=%2Fwp%2Fv2%2Fcomments&post=6615"}],"version-history":[{"count":5,"href":"https:\/\/gallican-montbrison.fr\/wp\/index.php?rest_route=\/wp\/v2\/posts\/6615\/revisions"}],"predecessor-version":[{"id":6630,"href":"https:\/\/gallican-montbrison.fr\/wp\/index.php?rest_route=\/wp\/v2\/posts\/6615\/revisions\/6630"}],"wp:attachment":[{"href":"https:\/\/gallican-montbrison.fr\/wp\/index.php?rest_route=%2Fwp%2Fv2%2Fmedia&parent=6615"}],"wp:term":[{"taxonomy":"category","embeddable":true,"href":"https:\/\/gallican-montbrison.fr\/wp\/index.php?rest_route=%2Fwp%2Fv2%2Fcategories&post=6615"},{"taxonomy":"post_tag","embeddable":true,"href":"https:\/\/gallican-montbrison.fr\/wp\/index.php?rest_route=%2Fwp%2Fv2%2Ftags&post=6615"}],"curies":[{"name":"wp","href":"https:\/\/api.w.org\/{rel}","templated":true}]}}