{"id":6665,"date":"2019-11-09T11:17:40","date_gmt":"2019-11-09T10:17:40","guid":{"rendered":"https:\/\/gallican-montbrison.fr\/wp\/?p=6665"},"modified":"2019-11-09T11:19:55","modified_gmt":"2019-11-09T10:19:55","slug":"toussaint-2019","status":"publish","type":"post","link":"https:\/\/gallican-montbrison.fr\/wp\/?p=6665","title":{"rendered":"Toussaint 2019"},"content":{"rendered":"\n<figure class=\"wp-block-audio\"><audio controls src=\"https:\/\/gallican-montbrison.fr\/wp\/wp-content\/uploads\/2019\/11\/24-Homelie-Toussaint-2019.mp3\"><\/audio><\/figure>\n\n\n\n<div class=\"wp-block-image\"><figure class=\"alignleft is-resized\"><img loading=\"lazy\" decoding=\"async\" src=\"https:\/\/gallican-montbrison.fr\/wp\/wp-content\/uploads\/2018\/11\/rose_monument_cemetery-1333372-1024x683.jpg\" alt=\"\" class=\"wp-image-5945\" width=\"363\" height=\"241\" srcset=\"https:\/\/gallican-montbrison.fr\/wp\/wp-content\/uploads\/2018\/11\/rose_monument_cemetery-1333372-1024x683.jpg 1024w, https:\/\/gallican-montbrison.fr\/wp\/wp-content\/uploads\/2018\/11\/rose_monument_cemetery-1333372-300x200.jpg 300w, https:\/\/gallican-montbrison.fr\/wp\/wp-content\/uploads\/2018\/11\/rose_monument_cemetery-1333372-768x512.jpg 768w, https:\/\/gallican-montbrison.fr\/wp\/wp-content\/uploads\/2018\/11\/rose_monument_cemetery-1333372.jpg 1200w\" sizes=\"(max-width: 363px) 100vw, 363px\" \/><\/figure><\/div>\n\n\n\n<p><strong>Ep\u00eetre: Livre de l\u2019Apocalypse de St Jean (7,2-12)<\/strong><\/p>\n\n\n\n<p>Et je vis un autre ange qui montait de \nl\u2019est et qui tenait le sceau&nbsp;du Dieu vivant. Il cria avec force aux \nquatre anges qui avaient re\u00e7u le pouvoir de ravager la terre et la \nmer&nbsp;:&nbsp;&nbsp;\u00ab&nbsp;Ne ravagez ni la terre, ni la mer, ni les arbres avant que nous\n ayons marqu\u00e9 du sceau le front des serviteurs de notre Dieu.&nbsp;\u00bb&nbsp;On \nm\u2019indiqua alors le nombre de ceux qui furent marqu\u00e9s au front du sceau \nde Dieu&nbsp;: ils \u00e9taient cent quarante-quatre mille, de toutes les tribus \ndu peuple d\u2019Isra\u00ebl&nbsp;:&nbsp;douze mille de la tribu de Juda&nbsp;; douze mille de la\n tribu de Ruben&nbsp;; douze mille de la tribu de Gad&nbsp;;&nbsp;douze mille de la \ntribu d\u2019Asser&nbsp;; douze mille de la tribu de Neftali&nbsp;; douze mille de la \ntribu de Manass\u00e9&nbsp;;&nbsp;douze mille de la tribu de Sim\u00e9on&nbsp;; douze mille de la\n tribu de L\u00e9vi&nbsp;; douze mille de la tribu d\u2019Issakar&nbsp;;&nbsp;douze mille de la \ntribu de Zabulon&nbsp;; douze mille de la tribu de Joseph&nbsp;; douze mille de la\n tribu de Benjamin.<\/p>\n\n\n\n<p>Apr\u00e8s cela, je regardai encore et je \nvis une foule immense de gens que personne ne pouvait compter. C\u2019\u00e9taient\n des gens de toute nation, de toute tribu, de tout peuple et de toute \nlangue. Ils se tenaient devant le tr\u00f4ne et devant l\u2019Agneau, v\u00eatus de \nrobes blanches et avec des palmes \u00e0 la main.&nbsp;Ils criaient avec force&nbsp;: \n\u00ab&nbsp;Le salut vient de notre Dieu, qui si\u00e8ge sur le tr\u00f4ne, et de \nl\u2019Agneau&nbsp;!&nbsp;\u00bb&nbsp;Tous les anges se tenaient autour du tr\u00f4ne, des anciens et \ndes quatre \u00eatres vivants. Ils se jet\u00e8rent le visage contre terre devant \nle tr\u00f4ne, et ils ador\u00e8rent Dieu&nbsp;en disant&nbsp;: \u00ab&nbsp; Amen&nbsp;! Oui, la louange, \nla gloire, la sagesse, la reconnaissance, l\u2019honneur, la puissance et la \nforce sont \u00e0 notre Dieu pour toujours&nbsp;! Amen.&nbsp;\u00bb<\/p>\n\n\n\n<p><strong>Evangile : &nbsp;\u00ab&nbsp;Les b\u00e9atitudes&nbsp;\u00bb (St Matthieu 5,1-12)&nbsp;&nbsp;<\/strong><\/p>\n\n\n\n<p>Quand J\u00e9sus vit ces foules, il monta \nsur une montagne et s\u2019assit. Ses disciples vinrent aupr\u00e8s de lui et il \nse mit \u00e0 leur donner cet enseignement&nbsp;: &nbsp;&nbsp;<\/p>\n\n\n\n<p>\u00ab&nbsp;Heureux ceux qui se savent \u00eatre \npauvres en eux-m\u00eames car le Royaume des cieux est \u00e0 eux&nbsp;! Heureux ceux \nqui pleurent&nbsp;car Dieu les consolera&nbsp;! Heureux ceux qui sont doux&nbsp;car ils\n recevront la terre que Dieu a promise&nbsp;! &nbsp; &nbsp; &nbsp; &nbsp; &nbsp; &nbsp; &nbsp; &nbsp; &nbsp; &nbsp; &nbsp; &nbsp; &nbsp; &nbsp; &nbsp; &nbsp;\n &nbsp; &nbsp; &nbsp; &nbsp; &nbsp; &nbsp; &nbsp; &nbsp; &nbsp; &nbsp; &nbsp; &nbsp; &nbsp; &nbsp; &nbsp; &nbsp; &nbsp; &nbsp; &nbsp; &nbsp; &nbsp; &nbsp; &nbsp; Heureux ceux qui ont faim\n et soif de vivre comme Dieu le demande&nbsp;car Dieu exaucera leur d\u00e9sir&nbsp;! \nHeureux ceux qui ont de la compassion pour autrui&nbsp;car Dieu aura de la \ncompassion pour eux&nbsp;! Heureux ceux qui ont le coeur pur&nbsp;car ils verront \nDieu&nbsp;! Heureux ceux qui cr\u00e9ent la paix autour d\u2019eux&nbsp;car Dieu les \nappellera ses fils&nbsp;! &nbsp; &nbsp; &nbsp; &nbsp; &nbsp; &nbsp; &nbsp; &nbsp; &nbsp; &nbsp; &nbsp; &nbsp; &nbsp; &nbsp; &nbsp; &nbsp; &nbsp; &nbsp; &nbsp; &nbsp; &nbsp; &nbsp; &nbsp; &nbsp; &nbsp; &nbsp;\n &nbsp; &nbsp; &nbsp; Heureux ceux qu\u2019on pers\u00e9cute parce qu\u2019ils agissent comme Dieu le \ndemande&nbsp;car le Royaume des cieux est \u00e0 eux&nbsp;! Heureux \u00eates-vous si les \nhommes vous insultent, vous pers\u00e9cutent et disent faussement toute sorte\n de mal contre vous parce que vous croyez en moi.&nbsp;R\u00e9jouissez-vous, soyez\n heureux, car une grande r\u00e9compense vous attend dans les cieux. C\u2019est \nainsi, en effet, qu\u2019on a pers\u00e9cut\u00e9 les proph\u00e8tes qui ont v\u00e9cu avant \nvous&nbsp;.&nbsp;\u00bb<\/p>\n","protected":false},"excerpt":{"rendered":"<p>Ep\u00eetre: Livre de l\u2019Apocalypse de St Jean (7,2-12) Et je vis un autre ange qui montait de l\u2019est et qui tenait le sceau&nbsp;du Dieu vivant. Il cria avec force aux quatre anges qui avaient re\u00e7u le pouvoir de ravager la &hellip; <a href=\"https:\/\/gallican-montbrison.fr\/wp\/?p=6665\">Continuer la lecture <span class=\"meta-nav\">&rarr;<\/span><\/a><\/p>\n","protected":false},"author":3,"featured_media":0,"comment_status":"closed","ping_status":"open","sticky":false,"template":"","format":"standard","meta":{"footnotes":""},"categories":[4,5],"tags":[],"class_list":["post-6665","post","type-post","status-publish","format-standard","hentry","category-homelies","category-vie-de-la-chapelle"],"yoast_head":"<!-- This site is optimized with the Yoast SEO plugin v25.6 - https:\/\/yoast.com\/wordpress\/plugins\/seo\/ -->\n<title>Toussaint 2019 - Chapelle Saint Michel Archange Montbrison<\/title>\n<meta name=\"robots\" content=\"index, follow, max-snippet:-1, max-image-preview:large, max-video-preview:-1\" \/>\n<link rel=\"canonical\" href=\"https:\/\/gallican-montbrison.fr\/wp\/?p=6665\" \/>\n<meta property=\"og:locale\" content=\"fr_FR\" \/>\n<meta property=\"og:type\" content=\"article\" \/>\n<meta property=\"og:title\" content=\"Toussaint 2019 - Chapelle Saint Michel Archange Montbrison\" \/>\n<meta property=\"og:description\" content=\"Ep\u00eetre: Livre de l\u2019Apocalypse de St Jean (7,2-12) Et je vis un autre ange qui montait de l\u2019est et qui tenait le sceau&nbsp;du Dieu vivant. Il cria avec force aux quatre anges qui avaient re\u00e7u le pouvoir de ravager la &hellip; Continuer la lecture &rarr;\" \/>\n<meta property=\"og:url\" content=\"https:\/\/gallican-montbrison.fr\/wp\/?p=6665\" \/>\n<meta property=\"og:site_name\" content=\"Chapelle Saint Michel Archange Montbrison\" \/>\n<meta property=\"article:publisher\" content=\"https:\/\/www.facebook.com\/people\/Eglise-Gallicane-Chapelle-Saint-Michel-Archange\/100064564306693\/\" \/>\n<meta property=\"article:published_time\" content=\"2019-11-09T10:17:40+00:00\" \/>\n<meta property=\"article:modified_time\" content=\"2019-11-09T10:19:55+00:00\" \/>\n<meta property=\"og:image\" content=\"https:\/\/gallican-montbrison.fr\/wp\/wp-content\/uploads\/2018\/11\/rose_monument_cemetery-1333372-1024x683.jpg\" \/>\n<meta name=\"author\" content=\"Colette\" \/>\n<meta name=\"twitter:card\" content=\"summary_large_image\" \/>\n<meta name=\"twitter:label1\" content=\"\u00c9crit par\" \/>\n\t<meta name=\"twitter:data1\" content=\"Colette\" \/>\n\t<meta name=\"twitter:label2\" content=\"Dur\u00e9e de lecture estim\u00e9e\" \/>\n\t<meta name=\"twitter:data2\" content=\"3 minutes\" \/>\n<script type=\"application\/ld+json\" class=\"yoast-schema-graph\">{\"@context\":\"https:\/\/schema.org\",\"@graph\":[{\"@type\":\"WebPage\",\"@id\":\"https:\/\/gallican-montbrison.fr\/wp\/?p=6665\",\"url\":\"https:\/\/gallican-montbrison.fr\/wp\/?p=6665\",\"name\":\"Toussaint 2019 - Chapelle Saint Michel Archange Montbrison\",\"isPartOf\":{\"@id\":\"https:\/\/gallican-montbrison.fr\/wp\/#website\"},\"primaryImageOfPage\":{\"@id\":\"https:\/\/gallican-montbrison.fr\/wp\/?p=6665#primaryimage\"},\"image\":{\"@id\":\"https:\/\/gallican-montbrison.fr\/wp\/?p=6665#primaryimage\"},\"thumbnailUrl\":\"https:\/\/gallican-montbrison.fr\/wp\/wp-content\/uploads\/2018\/11\/rose_monument_cemetery-1333372-1024x683.jpg\",\"datePublished\":\"2019-11-09T10:17:40+00:00\",\"dateModified\":\"2019-11-09T10:19:55+00:00\",\"author\":{\"@id\":\"https:\/\/gallican-montbrison.fr\/wp\/#\/schema\/person\/fc5571a40f7c79de2fb1b0cf72c089a4\"},\"breadcrumb\":{\"@id\":\"https:\/\/gallican-montbrison.fr\/wp\/?p=6665#breadcrumb\"},\"inLanguage\":\"fr-FR\",\"potentialAction\":[{\"@type\":\"ReadAction\",\"target\":[\"https:\/\/gallican-montbrison.fr\/wp\/?p=6665\"]}]},{\"@type\":\"ImageObject\",\"inLanguage\":\"fr-FR\",\"@id\":\"https:\/\/gallican-montbrison.fr\/wp\/?p=6665#primaryimage\",\"url\":\"https:\/\/gallican-montbrison.fr\/wp\/wp-content\/uploads\/2018\/11\/rose_monument_cemetery-1333372.jpg\",\"contentUrl\":\"https:\/\/gallican-montbrison.fr\/wp\/wp-content\/uploads\/2018\/11\/rose_monument_cemetery-1333372.jpg\",\"width\":1200,\"height\":800},{\"@type\":\"BreadcrumbList\",\"@id\":\"https:\/\/gallican-montbrison.fr\/wp\/?p=6665#breadcrumb\",\"itemListElement\":[{\"@type\":\"ListItem\",\"position\":1,\"name\":\"Accueil\",\"item\":\"https:\/\/gallican-montbrison.fr\/wp\"},{\"@type\":\"ListItem\",\"position\":2,\"name\":\"Toussaint 2019\"}]},{\"@type\":\"WebSite\",\"@id\":\"https:\/\/gallican-montbrison.fr\/wp\/#website\",\"url\":\"https:\/\/gallican-montbrison.fr\/wp\/\",\"name\":\"Chapelle Saint Michel Archange Montbrison\",\"description\":\"Eglise Gallicane, Tradition Apostolique de Gazinet\",\"potentialAction\":[{\"@type\":\"SearchAction\",\"target\":{\"@type\":\"EntryPoint\",\"urlTemplate\":\"https:\/\/gallican-montbrison.fr\/wp\/?s={search_term_string}\"},\"query-input\":{\"@type\":\"PropertyValueSpecification\",\"valueRequired\":true,\"valueName\":\"search_term_string\"}}],\"inLanguage\":\"fr-FR\"},{\"@type\":\"Person\",\"@id\":\"https:\/\/gallican-montbrison.fr\/wp\/#\/schema\/person\/fc5571a40f7c79de2fb1b0cf72c089a4\",\"name\":\"Colette\",\"url\":\"https:\/\/gallican-montbrison.fr\/wp\/?author=3\"}]}<\/script>\n<!-- \/ Yoast SEO plugin. -->","yoast_head_json":{"title":"Toussaint 2019 - Chapelle Saint Michel Archange Montbrison","robots":{"index":"index","follow":"follow","max-snippet":"max-snippet:-1","max-image-preview":"max-image-preview:large","max-video-preview":"max-video-preview:-1"},"canonical":"https:\/\/gallican-montbrison.fr\/wp\/?p=6665","og_locale":"fr_FR","og_type":"article","og_title":"Toussaint 2019 - Chapelle Saint Michel Archange Montbrison","og_description":"Ep\u00eetre: Livre de l\u2019Apocalypse de St Jean (7,2-12) Et je vis un autre ange qui montait de l\u2019est et qui tenait le sceau&nbsp;du Dieu vivant. Il cria avec force aux quatre anges qui avaient re\u00e7u le pouvoir de ravager la &hellip; Continuer la lecture &rarr;","og_url":"https:\/\/gallican-montbrison.fr\/wp\/?p=6665","og_site_name":"Chapelle Saint Michel Archange Montbrison","article_publisher":"https:\/\/www.facebook.com\/people\/Eglise-Gallicane-Chapelle-Saint-Michel-Archange\/100064564306693\/","article_published_time":"2019-11-09T10:17:40+00:00","article_modified_time":"2019-11-09T10:19:55+00:00","og_image":[{"url":"https:\/\/gallican-montbrison.fr\/wp\/wp-content\/uploads\/2018\/11\/rose_monument_cemetery-1333372-1024x683.jpg","type":"","width":"","height":""}],"author":"Colette","twitter_card":"summary_large_image","twitter_misc":{"\u00c9crit par":"Colette","Dur\u00e9e de lecture estim\u00e9e":"3 minutes"},"schema":{"@context":"https:\/\/schema.org","@graph":[{"@type":"WebPage","@id":"https:\/\/gallican-montbrison.fr\/wp\/?p=6665","url":"https:\/\/gallican-montbrison.fr\/wp\/?p=6665","name":"Toussaint 2019 - Chapelle Saint Michel Archange Montbrison","isPartOf":{"@id":"https:\/\/gallican-montbrison.fr\/wp\/#website"},"primaryImageOfPage":{"@id":"https:\/\/gallican-montbrison.fr\/wp\/?p=6665#primaryimage"},"image":{"@id":"https:\/\/gallican-montbrison.fr\/wp\/?p=6665#primaryimage"},"thumbnailUrl":"https:\/\/gallican-montbrison.fr\/wp\/wp-content\/uploads\/2018\/11\/rose_monument_cemetery-1333372-1024x683.jpg","datePublished":"2019-11-09T10:17:40+00:00","dateModified":"2019-11-09T10:19:55+00:00","author":{"@id":"https:\/\/gallican-montbrison.fr\/wp\/#\/schema\/person\/fc5571a40f7c79de2fb1b0cf72c089a4"},"breadcrumb":{"@id":"https:\/\/gallican-montbrison.fr\/wp\/?p=6665#breadcrumb"},"inLanguage":"fr-FR","potentialAction":[{"@type":"ReadAction","target":["https:\/\/gallican-montbrison.fr\/wp\/?p=6665"]}]},{"@type":"ImageObject","inLanguage":"fr-FR","@id":"https:\/\/gallican-montbrison.fr\/wp\/?p=6665#primaryimage","url":"https:\/\/gallican-montbrison.fr\/wp\/wp-content\/uploads\/2018\/11\/rose_monument_cemetery-1333372.jpg","contentUrl":"https:\/\/gallican-montbrison.fr\/wp\/wp-content\/uploads\/2018\/11\/rose_monument_cemetery-1333372.jpg","width":1200,"height":800},{"@type":"BreadcrumbList","@id":"https:\/\/gallican-montbrison.fr\/wp\/?p=6665#breadcrumb","itemListElement":[{"@type":"ListItem","position":1,"name":"Accueil","item":"https:\/\/gallican-montbrison.fr\/wp"},{"@type":"ListItem","position":2,"name":"Toussaint 2019"}]},{"@type":"WebSite","@id":"https:\/\/gallican-montbrison.fr\/wp\/#website","url":"https:\/\/gallican-montbrison.fr\/wp\/","name":"Chapelle Saint Michel Archange Montbrison","description":"Eglise Gallicane, Tradition Apostolique de Gazinet","potentialAction":[{"@type":"SearchAction","target":{"@type":"EntryPoint","urlTemplate":"https:\/\/gallican-montbrison.fr\/wp\/?s={search_term_string}"},"query-input":{"@type":"PropertyValueSpecification","valueRequired":true,"valueName":"search_term_string"}}],"inLanguage":"fr-FR"},{"@type":"Person","@id":"https:\/\/gallican-montbrison.fr\/wp\/#\/schema\/person\/fc5571a40f7c79de2fb1b0cf72c089a4","name":"Colette","url":"https:\/\/gallican-montbrison.fr\/wp\/?author=3"}]}},"_links":{"self":[{"href":"https:\/\/gallican-montbrison.fr\/wp\/index.php?rest_route=\/wp\/v2\/posts\/6665"}],"collection":[{"href":"https:\/\/gallican-montbrison.fr\/wp\/index.php?rest_route=\/wp\/v2\/posts"}],"about":[{"href":"https:\/\/gallican-montbrison.fr\/wp\/index.php?rest_route=\/wp\/v2\/types\/post"}],"author":[{"embeddable":true,"href":"https:\/\/gallican-montbrison.fr\/wp\/index.php?rest_route=\/wp\/v2\/users\/3"}],"replies":[{"embeddable":true,"href":"https:\/\/gallican-montbrison.fr\/wp\/index.php?rest_route=%2Fwp%2Fv2%2Fcomments&post=6665"}],"version-history":[{"count":2,"href":"https:\/\/gallican-montbrison.fr\/wp\/index.php?rest_route=\/wp\/v2\/posts\/6665\/revisions"}],"predecessor-version":[{"id":6668,"href":"https:\/\/gallican-montbrison.fr\/wp\/index.php?rest_route=\/wp\/v2\/posts\/6665\/revisions\/6668"}],"wp:attachment":[{"href":"https:\/\/gallican-montbrison.fr\/wp\/index.php?rest_route=%2Fwp%2Fv2%2Fmedia&parent=6665"}],"wp:term":[{"taxonomy":"category","embeddable":true,"href":"https:\/\/gallican-montbrison.fr\/wp\/index.php?rest_route=%2Fwp%2Fv2%2Fcategories&post=6665"},{"taxonomy":"post_tag","embeddable":true,"href":"https:\/\/gallican-montbrison.fr\/wp\/index.php?rest_route=%2Fwp%2Fv2%2Ftags&post=6665"}],"curies":[{"name":"wp","href":"https:\/\/api.w.org\/{rel}","templated":true}]}}