{"id":6727,"date":"2019-12-02T13:12:36","date_gmt":"2019-12-02T12:12:36","guid":{"rendered":"https:\/\/gallican-montbrison.fr\/wp\/?p=6727"},"modified":"2019-12-02T13:28:28","modified_gmt":"2019-12-02T12:28:28","slug":"1er-dimanche-de-lavent-2019","status":"publish","type":"post","link":"https:\/\/gallican-montbrison.fr\/wp\/?p=6727","title":{"rendered":"1er dimanche de l&rsquo;Avent : Nouvelle ann\u00e9e avec Dieu &#8230;"},"content":{"rendered":"\n<figure class=\"wp-block-audio\"><audio controls src=\"https:\/\/gallican-montbrison.fr\/wp\/wp-content\/uploads\/2019\/12\/1-Home\u0301lie-1e-dim-Avent-2019.mp3\"><\/audio><figcaption>\u00c9couter l&rsquo;hom\u00e9lie<\/figcaption><\/figure>\n\n\n\n<div class=\"wp-block-image\"><figure class=\"aligncenter is-resized\"><img loading=\"lazy\" decoding=\"async\" src=\"https:\/\/gallican-montbrison.fr\/wp\/wp-content\/uploads\/2019\/12\/1er-dim-avent-1024x503.jpeg\" alt=\"\" class=\"wp-image-6733\" width=\"491\" height=\"241\" srcset=\"https:\/\/gallican-montbrison.fr\/wp\/wp-content\/uploads\/2019\/12\/1er-dim-avent-1024x503.jpeg 1024w, https:\/\/gallican-montbrison.fr\/wp\/wp-content\/uploads\/2019\/12\/1er-dim-avent-300x147.jpeg 300w, https:\/\/gallican-montbrison.fr\/wp\/wp-content\/uploads\/2019\/12\/1er-dim-avent-768x378.jpeg 768w, https:\/\/gallican-montbrison.fr\/wp\/wp-content\/uploads\/2019\/12\/1er-dim-avent.jpeg 1550w\" sizes=\"(max-width: 491px) 100vw, 491px\" \/><figcaption>Prendre du temps avec Dieu, \u00e0 l&rsquo;\u00e9coute de sa Parole &#8230; et la faire n\u00f4tre.<\/figcaption><\/figure><\/div>\n\n\n\n<p><strong>Epitre : St Paul aux Romains 13,11-14<\/strong><\/p>\n\n\n\n<p>Prenez cela d\u2019autant plus au s\u00e9rieux \nque vous savez en quel temps nous sommes&nbsp;: le moment est venu de vous \nr\u00e9veiller de votre sommeil.&nbsp;En effet, le salut est plus pr\u00e8s de nous \nmaintenant qu\u2019au moment o\u00f9 nous avons commenc\u00e9 \u00e0 croire.&nbsp;La nuit est \navanc\u00e9e, le jour approche. Rejetons donc les actions qui se font dans \nl\u2019obscurit\u00e9 et prenons sur nous les armes qu\u2019on utilise en pleine \nlumi\u00e8re.&nbsp;Conduisons-nous honn\u00eatement, comme il convient \u00e0 la lumi\u00e8re du \njour. Gardons-nous des orgies et de l\u2019ivrognerie, de l\u2019immoralit\u00e9 et des\n vices, des querelles et de la jalousie.&nbsp;Rev\u00eatez-vous de tout ce que \nnous offre J\u00e9sus-Christ le Seigneur et ne vous laissez plus entra\u00eener \npar votre propre nature pour en satisfaire les d\u00e9sirs.<\/p>\n\n\n\n<p><strong>Evangile : St Luc 21,25-33<\/strong><\/p>\n\n\n\n<p>\u00ab&nbsp;Il y aura des signes dans le soleil, \ndans la lune et dans les \u00e9toiles. Sur la terre, les nations seront dans \nl\u2019angoisse, rendues inqui\u00e8tes par le bruit violent de la mer et des \nvagues.&nbsp;Des hommes mourront de frayeur en pensant \u00e0 ce qui devra \nsurvenir sur toute la terre, car les puissances des cieux seront \n\u00e9branl\u00e9es.&nbsp;Alors on verra le Fils de l\u2019homme arriver sur un nuage, avec \nbeaucoup de puissance et de gloire.&nbsp;Quand ces \u00e9v\u00e9nements commenceront \u00e0 \nse produire, redressez-vous et relevez la t\u00eate, car votre d\u00e9livrance \nsera proche.&nbsp;\u00bb<\/p>\n\n\n\n<p>Puis J\u00e9sus leur dit cette parabole&nbsp;: \n\u00ab&nbsp;Regardez le figuier et tous les autres arbres&nbsp;:&nbsp;quand vous voyez leurs\n feuilles commencer \u00e0 pousser, vous savez que la bonne saison est \nproche.&nbsp;De m\u00eame, quand vous verrez ces \u00e9v\u00e9nements arriver, sachez que le\n Royaume de Dieu est proche.&nbsp;Je vous le d\u00e9clare, c\u2019est la v\u00e9rit\u00e9&nbsp;: les \ngens d\u2019aujourd\u2019hui n\u2019auront pas tous disparu avant que tout cela \narrive.&nbsp;Le ciel et la terre dispara\u00eetront, tandis que mes paroles ne \ndispara\u00eetront jamais.&nbsp;\u00bb<\/p>\n","protected":false},"excerpt":{"rendered":"<p>Epitre : St Paul aux Romains 13,11-14 Prenez cela d\u2019autant plus au s\u00e9rieux que vous savez en quel temps nous sommes&nbsp;: le moment est venu de vous r\u00e9veiller de votre sommeil.&nbsp;En effet, le salut est plus pr\u00e8s de nous maintenant &hellip; <a href=\"https:\/\/gallican-montbrison.fr\/wp\/?p=6727\">Continuer la lecture <span class=\"meta-nav\">&rarr;<\/span><\/a><\/p>\n","protected":false},"author":3,"featured_media":0,"comment_status":"closed","ping_status":"open","sticky":false,"template":"","format":"standard","meta":{"footnotes":""},"categories":[4,5],"tags":[],"class_list":["post-6727","post","type-post","status-publish","format-standard","hentry","category-homelies","category-vie-de-la-chapelle"],"yoast_head":"<!-- This site is optimized with the Yoast SEO plugin v25.6 - https:\/\/yoast.com\/wordpress\/plugins\/seo\/ -->\n<title>1er dimanche de l&#039;Avent : Nouvelle ann\u00e9e avec Dieu ... - Chapelle Saint Michel Archange Montbrison<\/title>\n<meta name=\"robots\" content=\"index, follow, max-snippet:-1, max-image-preview:large, max-video-preview:-1\" \/>\n<link rel=\"canonical\" href=\"https:\/\/gallican-montbrison.fr\/wp\/?p=6727\" \/>\n<meta property=\"og:locale\" content=\"fr_FR\" \/>\n<meta property=\"og:type\" content=\"article\" \/>\n<meta property=\"og:title\" content=\"1er dimanche de l&#039;Avent : Nouvelle ann\u00e9e avec Dieu ... - Chapelle Saint Michel Archange Montbrison\" \/>\n<meta property=\"og:description\" content=\"Epitre : St Paul aux Romains 13,11-14 Prenez cela d\u2019autant plus au s\u00e9rieux que vous savez en quel temps nous sommes&nbsp;: le moment est venu de vous r\u00e9veiller de votre sommeil.&nbsp;En effet, le salut est plus pr\u00e8s de nous maintenant &hellip; Continuer la lecture &rarr;\" \/>\n<meta property=\"og:url\" content=\"https:\/\/gallican-montbrison.fr\/wp\/?p=6727\" \/>\n<meta property=\"og:site_name\" content=\"Chapelle Saint Michel Archange Montbrison\" \/>\n<meta property=\"article:publisher\" content=\"https:\/\/www.facebook.com\/people\/Eglise-Gallicane-Chapelle-Saint-Michel-Archange\/100064564306693\/\" \/>\n<meta property=\"article:published_time\" content=\"2019-12-02T12:12:36+00:00\" \/>\n<meta property=\"article:modified_time\" content=\"2019-12-02T12:28:28+00:00\" \/>\n<meta property=\"og:image\" content=\"https:\/\/gallican-montbrison.fr\/wp\/wp-content\/uploads\/2019\/12\/1er-dim-avent-1024x503.jpeg\" \/>\n<meta name=\"author\" content=\"Colette\" \/>\n<meta name=\"twitter:card\" content=\"summary_large_image\" \/>\n<meta name=\"twitter:label1\" content=\"\u00c9crit par\" \/>\n\t<meta name=\"twitter:data1\" content=\"Colette\" \/>\n\t<meta name=\"twitter:label2\" content=\"Dur\u00e9e de lecture estim\u00e9e\" \/>\n\t<meta name=\"twitter:data2\" content=\"2 minutes\" \/>\n<script type=\"application\/ld+json\" class=\"yoast-schema-graph\">{\"@context\":\"https:\/\/schema.org\",\"@graph\":[{\"@type\":\"WebPage\",\"@id\":\"https:\/\/gallican-montbrison.fr\/wp\/?p=6727\",\"url\":\"https:\/\/gallican-montbrison.fr\/wp\/?p=6727\",\"name\":\"1er dimanche de l'Avent : Nouvelle ann\u00e9e avec Dieu ... - Chapelle Saint Michel Archange Montbrison\",\"isPartOf\":{\"@id\":\"https:\/\/gallican-montbrison.fr\/wp\/#website\"},\"primaryImageOfPage\":{\"@id\":\"https:\/\/gallican-montbrison.fr\/wp\/?p=6727#primaryimage\"},\"image\":{\"@id\":\"https:\/\/gallican-montbrison.fr\/wp\/?p=6727#primaryimage\"},\"thumbnailUrl\":\"https:\/\/gallican-montbrison.fr\/wp\/wp-content\/uploads\/2019\/12\/1er-dim-avent-1024x503.jpeg\",\"datePublished\":\"2019-12-02T12:12:36+00:00\",\"dateModified\":\"2019-12-02T12:28:28+00:00\",\"author\":{\"@id\":\"https:\/\/gallican-montbrison.fr\/wp\/#\/schema\/person\/fc5571a40f7c79de2fb1b0cf72c089a4\"},\"breadcrumb\":{\"@id\":\"https:\/\/gallican-montbrison.fr\/wp\/?p=6727#breadcrumb\"},\"inLanguage\":\"fr-FR\",\"potentialAction\":[{\"@type\":\"ReadAction\",\"target\":[\"https:\/\/gallican-montbrison.fr\/wp\/?p=6727\"]}]},{\"@type\":\"ImageObject\",\"inLanguage\":\"fr-FR\",\"@id\":\"https:\/\/gallican-montbrison.fr\/wp\/?p=6727#primaryimage\",\"url\":\"https:\/\/gallican-montbrison.fr\/wp\/wp-content\/uploads\/2019\/12\/1er-dim-avent.jpeg\",\"contentUrl\":\"https:\/\/gallican-montbrison.fr\/wp\/wp-content\/uploads\/2019\/12\/1er-dim-avent.jpeg\",\"width\":1550,\"height\":762},{\"@type\":\"BreadcrumbList\",\"@id\":\"https:\/\/gallican-montbrison.fr\/wp\/?p=6727#breadcrumb\",\"itemListElement\":[{\"@type\":\"ListItem\",\"position\":1,\"name\":\"Accueil\",\"item\":\"https:\/\/gallican-montbrison.fr\/wp\"},{\"@type\":\"ListItem\",\"position\":2,\"name\":\"1er dimanche de l&rsquo;Avent : Nouvelle ann\u00e9e avec Dieu &#8230;\"}]},{\"@type\":\"WebSite\",\"@id\":\"https:\/\/gallican-montbrison.fr\/wp\/#website\",\"url\":\"https:\/\/gallican-montbrison.fr\/wp\/\",\"name\":\"Chapelle Saint Michel Archange Montbrison\",\"description\":\"Eglise Gallicane, Tradition Apostolique de Gazinet\",\"potentialAction\":[{\"@type\":\"SearchAction\",\"target\":{\"@type\":\"EntryPoint\",\"urlTemplate\":\"https:\/\/gallican-montbrison.fr\/wp\/?s={search_term_string}\"},\"query-input\":{\"@type\":\"PropertyValueSpecification\",\"valueRequired\":true,\"valueName\":\"search_term_string\"}}],\"inLanguage\":\"fr-FR\"},{\"@type\":\"Person\",\"@id\":\"https:\/\/gallican-montbrison.fr\/wp\/#\/schema\/person\/fc5571a40f7c79de2fb1b0cf72c089a4\",\"name\":\"Colette\",\"url\":\"https:\/\/gallican-montbrison.fr\/wp\/?author=3\"}]}<\/script>\n<!-- \/ Yoast SEO plugin. -->","yoast_head_json":{"title":"1er dimanche de l'Avent : Nouvelle ann\u00e9e avec Dieu ... - Chapelle Saint Michel Archange Montbrison","robots":{"index":"index","follow":"follow","max-snippet":"max-snippet:-1","max-image-preview":"max-image-preview:large","max-video-preview":"max-video-preview:-1"},"canonical":"https:\/\/gallican-montbrison.fr\/wp\/?p=6727","og_locale":"fr_FR","og_type":"article","og_title":"1er dimanche de l'Avent : Nouvelle ann\u00e9e avec Dieu ... - Chapelle Saint Michel Archange Montbrison","og_description":"Epitre : St Paul aux Romains 13,11-14 Prenez cela d\u2019autant plus au s\u00e9rieux que vous savez en quel temps nous sommes&nbsp;: le moment est venu de vous r\u00e9veiller de votre sommeil.&nbsp;En effet, le salut est plus pr\u00e8s de nous maintenant &hellip; Continuer la lecture &rarr;","og_url":"https:\/\/gallican-montbrison.fr\/wp\/?p=6727","og_site_name":"Chapelle Saint Michel Archange Montbrison","article_publisher":"https:\/\/www.facebook.com\/people\/Eglise-Gallicane-Chapelle-Saint-Michel-Archange\/100064564306693\/","article_published_time":"2019-12-02T12:12:36+00:00","article_modified_time":"2019-12-02T12:28:28+00:00","og_image":[{"url":"https:\/\/gallican-montbrison.fr\/wp\/wp-content\/uploads\/2019\/12\/1er-dim-avent-1024x503.jpeg","type":"","width":"","height":""}],"author":"Colette","twitter_card":"summary_large_image","twitter_misc":{"\u00c9crit par":"Colette","Dur\u00e9e de lecture estim\u00e9e":"2 minutes"},"schema":{"@context":"https:\/\/schema.org","@graph":[{"@type":"WebPage","@id":"https:\/\/gallican-montbrison.fr\/wp\/?p=6727","url":"https:\/\/gallican-montbrison.fr\/wp\/?p=6727","name":"1er dimanche de l'Avent : Nouvelle ann\u00e9e avec Dieu ... - Chapelle Saint Michel Archange Montbrison","isPartOf":{"@id":"https:\/\/gallican-montbrison.fr\/wp\/#website"},"primaryImageOfPage":{"@id":"https:\/\/gallican-montbrison.fr\/wp\/?p=6727#primaryimage"},"image":{"@id":"https:\/\/gallican-montbrison.fr\/wp\/?p=6727#primaryimage"},"thumbnailUrl":"https:\/\/gallican-montbrison.fr\/wp\/wp-content\/uploads\/2019\/12\/1er-dim-avent-1024x503.jpeg","datePublished":"2019-12-02T12:12:36+00:00","dateModified":"2019-12-02T12:28:28+00:00","author":{"@id":"https:\/\/gallican-montbrison.fr\/wp\/#\/schema\/person\/fc5571a40f7c79de2fb1b0cf72c089a4"},"breadcrumb":{"@id":"https:\/\/gallican-montbrison.fr\/wp\/?p=6727#breadcrumb"},"inLanguage":"fr-FR","potentialAction":[{"@type":"ReadAction","target":["https:\/\/gallican-montbrison.fr\/wp\/?p=6727"]}]},{"@type":"ImageObject","inLanguage":"fr-FR","@id":"https:\/\/gallican-montbrison.fr\/wp\/?p=6727#primaryimage","url":"https:\/\/gallican-montbrison.fr\/wp\/wp-content\/uploads\/2019\/12\/1er-dim-avent.jpeg","contentUrl":"https:\/\/gallican-montbrison.fr\/wp\/wp-content\/uploads\/2019\/12\/1er-dim-avent.jpeg","width":1550,"height":762},{"@type":"BreadcrumbList","@id":"https:\/\/gallican-montbrison.fr\/wp\/?p=6727#breadcrumb","itemListElement":[{"@type":"ListItem","position":1,"name":"Accueil","item":"https:\/\/gallican-montbrison.fr\/wp"},{"@type":"ListItem","position":2,"name":"1er dimanche de l&rsquo;Avent : Nouvelle ann\u00e9e avec Dieu &#8230;"}]},{"@type":"WebSite","@id":"https:\/\/gallican-montbrison.fr\/wp\/#website","url":"https:\/\/gallican-montbrison.fr\/wp\/","name":"Chapelle Saint Michel Archange Montbrison","description":"Eglise Gallicane, Tradition Apostolique de Gazinet","potentialAction":[{"@type":"SearchAction","target":{"@type":"EntryPoint","urlTemplate":"https:\/\/gallican-montbrison.fr\/wp\/?s={search_term_string}"},"query-input":{"@type":"PropertyValueSpecification","valueRequired":true,"valueName":"search_term_string"}}],"inLanguage":"fr-FR"},{"@type":"Person","@id":"https:\/\/gallican-montbrison.fr\/wp\/#\/schema\/person\/fc5571a40f7c79de2fb1b0cf72c089a4","name":"Colette","url":"https:\/\/gallican-montbrison.fr\/wp\/?author=3"}]}},"_links":{"self":[{"href":"https:\/\/gallican-montbrison.fr\/wp\/index.php?rest_route=\/wp\/v2\/posts\/6727"}],"collection":[{"href":"https:\/\/gallican-montbrison.fr\/wp\/index.php?rest_route=\/wp\/v2\/posts"}],"about":[{"href":"https:\/\/gallican-montbrison.fr\/wp\/index.php?rest_route=\/wp\/v2\/types\/post"}],"author":[{"embeddable":true,"href":"https:\/\/gallican-montbrison.fr\/wp\/index.php?rest_route=\/wp\/v2\/users\/3"}],"replies":[{"embeddable":true,"href":"https:\/\/gallican-montbrison.fr\/wp\/index.php?rest_route=%2Fwp%2Fv2%2Fcomments&post=6727"}],"version-history":[{"count":8,"href":"https:\/\/gallican-montbrison.fr\/wp\/index.php?rest_route=\/wp\/v2\/posts\/6727\/revisions"}],"predecessor-version":[{"id":6739,"href":"https:\/\/gallican-montbrison.fr\/wp\/index.php?rest_route=\/wp\/v2\/posts\/6727\/revisions\/6739"}],"wp:attachment":[{"href":"https:\/\/gallican-montbrison.fr\/wp\/index.php?rest_route=%2Fwp%2Fv2%2Fmedia&parent=6727"}],"wp:term":[{"taxonomy":"category","embeddable":true,"href":"https:\/\/gallican-montbrison.fr\/wp\/index.php?rest_route=%2Fwp%2Fv2%2Fcategories&post=6727"},{"taxonomy":"post_tag","embeddable":true,"href":"https:\/\/gallican-montbrison.fr\/wp\/index.php?rest_route=%2Fwp%2Fv2%2Ftags&post=6727"}],"curies":[{"name":"wp","href":"https:\/\/api.w.org\/{rel}","templated":true}]}}