{"id":6852,"date":"2020-03-17T19:00:33","date_gmt":"2020-03-17T18:00:33","guid":{"rendered":"https:\/\/gallican-montbrison.fr\/wp\/?p=6852"},"modified":"2020-03-22T16:34:32","modified_gmt":"2020-03-22T15:34:32","slug":"3eme-dimanche-de-careme-et-messe-contre-les-epidemies","status":"publish","type":"post","link":"https:\/\/gallican-montbrison.fr\/wp\/?p=6852","title":{"rendered":"3\u00e8me Dimanche de Car\u00eame et Messe contre les \u00e9pid\u00e9mies"},"content":{"rendered":"\n<p>Du fait de la fermeture au public des chapelles et des \u00e9glises, c\u00e9l\u00e9bration \u00e0 la chapelle juste tous les deux pour accompagner la louange des Anges et des Saints .<\/p>\n\n\n\n<ul class=\"wp-block-gallery columns-3 is-cropped wp-block-gallery-1 is-layout-flex wp-block-gallery-is-layout-flex\"><li class=\"blocks-gallery-item\"><figure><img loading=\"lazy\" decoding=\"async\" width=\"768\" height=\"1024\" src=\"https:\/\/gallican-montbrison.fr\/wp\/wp-content\/uploads\/2020\/03\/IMG_20200315_114800-768x1024.jpg\" alt=\"\" data-id=\"6874\" data-link=\"https:\/\/gallican-montbrison.fr\/wp\/?attachment_id=6874\" class=\"wp-image-6874\" srcset=\"https:\/\/gallican-montbrison.fr\/wp\/wp-content\/uploads\/2020\/03\/IMG_20200315_114800-768x1024.jpg 768w, https:\/\/gallican-montbrison.fr\/wp\/wp-content\/uploads\/2020\/03\/IMG_20200315_114800-225x300.jpg 225w\" sizes=\"(max-width: 768px) 100vw, 768px\" \/><\/figure><\/li><li class=\"blocks-gallery-item\"><figure><img loading=\"lazy\" decoding=\"async\" width=\"768\" height=\"1024\" src=\"https:\/\/gallican-montbrison.fr\/wp\/wp-content\/uploads\/2020\/03\/IMG_20200315_115711-768x1024.jpg\" alt=\"\" data-id=\"6872\" data-link=\"https:\/\/gallican-montbrison.fr\/wp\/?attachment_id=6872\" class=\"wp-image-6872\" srcset=\"https:\/\/gallican-montbrison.fr\/wp\/wp-content\/uploads\/2020\/03\/IMG_20200315_115711-768x1024.jpg 768w, https:\/\/gallican-montbrison.fr\/wp\/wp-content\/uploads\/2020\/03\/IMG_20200315_115711-225x300.jpg 225w\" sizes=\"(max-width: 768px) 100vw, 768px\" \/><\/figure><\/li><li class=\"blocks-gallery-item\"><figure><img loading=\"lazy\" decoding=\"async\" width=\"768\" height=\"1024\" src=\"https:\/\/gallican-montbrison.fr\/wp\/wp-content\/uploads\/2020\/03\/IMG_20200315_110855-768x1024.jpg\" alt=\"\" data-id=\"6875\" data-link=\"https:\/\/gallican-montbrison.fr\/wp\/?attachment_id=6875\" class=\"wp-image-6875\" srcset=\"https:\/\/gallican-montbrison.fr\/wp\/wp-content\/uploads\/2020\/03\/IMG_20200315_110855-768x1024.jpg 768w, https:\/\/gallican-montbrison.fr\/wp\/wp-content\/uploads\/2020\/03\/IMG_20200315_110855-225x300.jpg 225w\" sizes=\"(max-width: 768px) 100vw, 768px\" \/><\/figure><\/li><\/ul>\n\n\n\n<div class=\"wp-block-image\"><figure class=\"aligncenter is-resized\"><img loading=\"lazy\" decoding=\"async\" src=\"https:\/\/gallican-montbrison.fr\/wp\/wp-content\/uploads\/2020\/03\/aaaaa-1024x423.jpeg\" alt=\"\" class=\"wp-image-6854\" width=\"606\" height=\"250\" srcset=\"https:\/\/gallican-montbrison.fr\/wp\/wp-content\/uploads\/2020\/03\/aaaaa-1024x423.jpeg 1024w, https:\/\/gallican-montbrison.fr\/wp\/wp-content\/uploads\/2020\/03\/aaaaa-300x124.jpeg 300w, https:\/\/gallican-montbrison.fr\/wp\/wp-content\/uploads\/2020\/03\/aaaaa-768x317.jpeg 768w, https:\/\/gallican-montbrison.fr\/wp\/wp-content\/uploads\/2020\/03\/aaaaa.jpeg 1210w\" sizes=\"(max-width: 606px) 100vw, 606px\" \/><\/figure><\/div>\n\n\n\n<figure class=\"wp-block-audio\"><audio controls src=\"https:\/\/gallican-montbrison.fr\/wp\/wp-content\/uploads\/2020\/03\/9-Homelie-3e-dim-care\u0302me-2020.mp3\"><\/audio><figcaption>Ecouter l&rsquo;hom\u00e9lie du 3e Dimanche de Car\u00eame 2020<\/figcaption><\/figure>\n\n\n\n<p><strong>Ep\u00eetre : St Paul aux Eph\u00e9siens &nbsp;5, 1-9<\/strong><\/p>\n\n\n\n<p>Puisque vous \u00eates les enfants que Dieu \naime, efforcez-vous d\u2019\u00eatre comme lui.&nbsp;Que votre fa\u00e7on de vivre soit \ninspir\u00e9e par l\u2019amour, \u00e0 l\u2019exemple du Christ qui nous a aim\u00e9s et a donn\u00e9 \nsa vie pour nous, comme une offrande et un sacrifice dont l\u2019agr\u00e9able \nodeur pla\u00eet \u00e0 Dieu.<\/p>\n\n\n\n<p>Vous appartenez au peuple de Dieu, par \ncons\u00e9quent il ne convient pas qu\u2019une forme quelconque d\u2019immoralit\u00e9, \nd\u2019impuret\u00e9 ou d\u2019envie soit m\u00eame mentionn\u00e9e parmi vous.&nbsp;Il n\u2019est pas \nconvenable non plus que vous prononciez des paroles grossi\u00e8res, stupides\n ou sales. Adressez plut\u00f4t des pri\u00e8res de reconnaissance \u00e0 Dieu. \nSachez-le bien&nbsp;: aucun \u00eatre immoral, impur ou avare n\u2019aura jamais part \nau Royaume du Christ et de Dieu.<\/p>\n\n\n\n<p>Que personne ne vous \u00e9gare par des \nraisonnements trompeurs&nbsp;: ce sont de telles fautes qui attirent la \ncol\u00e8re de Dieu sur ceux qui s\u2019opposent \u00e0 lui.&nbsp;N\u2019ayez donc rien de commun\n avec ces gens-l\u00e0.&nbsp;Vous \u00e9tiez autrefois dans l\u2019obscurit\u00e9&nbsp;; mais \nmaintenant, par votre union avec le Seigneur, vous \u00eates dans la lumi\u00e8re.\n Par cons\u00e9quent, conduisez-vous donc en fils de lumi\u00e8re,&nbsp;car la \nlumi\u00e8re&nbsp;produit toute sorte de bont\u00e9, de droiture et de v\u00e9rit\u00e9.<\/p>\n\n\n\n<p><strong>Evangile : St Luc 11, 14-28<\/strong><\/p>\n\n\n\n<p>J\u00e9sus \u00e9tait en train de chasser un \nesprit mauvais qui rendait un homme muet. Quand l\u2019esprit mauvais sortit,\n le muet se mit \u00e0 parler et, dans la foule, les gens furent remplis \nd\u2019\u00e9tonnement.&nbsp;Cependant, quelques-uns dirent&nbsp;: \u00ab&nbsp;C\u2019est B\u00e9lz\u00e9buth, le \nchef des esprits mauvais, qui lui donne le pouvoir de chasser ces \nesprits&nbsp;!&nbsp;\u00bb&nbsp;D\u2019autres voulaient lui tendre un pi\u00e8ge&nbsp;: ils lui demand\u00e8rent\n de montrer par un signe miraculeux qu\u2019il venait de Dieu.&nbsp;&nbsp;Mais J\u00e9sus \nconnaissait leurs pens\u00e9es&nbsp;; il leur dit alors&nbsp;: \u00ab&nbsp;Tout royaume dont les \nhabitants luttent les uns contre les autres finit par \u00eatre d\u00e9truit, ses \nmaisons s\u2019\u00e9croulent les unes sur les autres.&nbsp;Si donc Satan est en lutte \ncontre lui-m\u00eame, comment son royaume pourra-t-il se maintenir&nbsp;? Vous \ndites, en effet, que je chasse les esprits mauvais parce que \nB\u00e9lz\u00e9buth&nbsp;m\u2019en donne le pouvoir. Si je les chasse de cette fa\u00e7on, qui \ndonne \u00e0 vos partisans le pouvoir de les chasser&nbsp;? Vos partisans \neux-m\u00eames d\u00e9montrent que vous avez tort&nbsp;!&nbsp;&nbsp;En r\u00e9alit\u00e9, c\u2019est avec la \npuissance de Dieu&nbsp;que je chasse les esprits mauvais, ce qui signifie que\n le Royaume de Dieu est d\u00e9j\u00e0 venu jusqu\u2019\u00e0 vous.<\/p>\n\n\n\n<p>\u00ab&nbsp;Quand un homme fort et bien arm\u00e9 \ngarde sa maison, tous ses biens sont en s\u00fbret\u00e9.&nbsp;&nbsp;Mais si un homme plus \nfort que lui arrive et s\u2019en rend vainqueur, il lui enl\u00e8ve les armes dans\n lesquelles il mettait sa confiance et il distribue tout ce qu\u2019il lui a \npris.<\/p>\n\n\n\n<p>\u00ab&nbsp;Celui qui n\u2019est pas avec moi est contre moi&nbsp;; et celui qui ne m\u2019aide pas \u00e0 rassembler disperse.&nbsp;\u00bb<\/p>\n\n\n\n<p>\u00ab&nbsp;Lorsqu\u2019un esprit mauvais est sorti \nd\u2019un homme, il va et vient dans des espaces d\u00e9serts en cherchant un lieu\n o\u00f9 s\u2019\u00e9tablir. S\u2019il n\u2019en trouve pas, il se dit alors&nbsp;: \u00abJe vais \nretourner dans ma maison, celle que j\u2019ai quitt\u00e9e.\u00bb&nbsp;Il y retourne et la \ntrouve balay\u00e9e, bien arrang\u00e9e.&nbsp;&nbsp;Alors il s\u2019en va prendre sept autres \nesprits encore plus malfaisants que lui&nbsp;; ils reviennent ensemble dans \nla maison et s\u2019y installent. Finalement, l\u2019\u00e9tat de cet homme est donc \npire qu\u2019au d\u00e9but.&nbsp;\u00bb<\/p>\n\n\n\n<p>J\u00e9sus venait de parler ainsi, quand une\n femme s\u2019adressa \u00e0 lui du milieu de la foule&nbsp;: \u00ab&nbsp;Heureuse est la femme \nqui t\u2019a port\u00e9 en elle et qui t\u2019a allait\u00e9&nbsp;!&nbsp;\u00bb.&nbsp;Mais J\u00e9sus r\u00e9pondit&nbsp;: \n\u00ab&nbsp;Heureux plut\u00f4t ceux qui \u00e9coutent la parole de Dieu et la mettent en \npratique&nbsp;!&nbsp;\u00bb<\/p>\n","protected":false},"excerpt":{"rendered":"<p>Du fait de la fermeture au public des chapelles et des \u00e9glises, c\u00e9l\u00e9bration \u00e0 la chapelle juste tous les deux pour accompagner la louange des Anges et des Saints . Ep\u00eetre : St Paul aux Eph\u00e9siens &nbsp;5, 1-9 Puisque vous &hellip; <a href=\"https:\/\/gallican-montbrison.fr\/wp\/?p=6852\">Continuer la lecture <span class=\"meta-nav\">&rarr;<\/span><\/a><\/p>\n","protected":false},"author":3,"featured_media":0,"comment_status":"closed","ping_status":"open","sticky":false,"template":"","format":"standard","meta":{"footnotes":""},"categories":[4],"tags":[],"class_list":["post-6852","post","type-post","status-publish","format-standard","hentry","category-homelies"],"yoast_head":"<!-- This site is optimized with the Yoast SEO plugin v25.6 - https:\/\/yoast.com\/wordpress\/plugins\/seo\/ -->\n<title>3\u00e8me Dimanche de Car\u00eame et Messe contre les \u00e9pid\u00e9mies - Chapelle Saint Michel Archange Montbrison<\/title>\n<meta name=\"robots\" content=\"index, follow, max-snippet:-1, max-image-preview:large, max-video-preview:-1\" \/>\n<link rel=\"canonical\" href=\"https:\/\/gallican-montbrison.fr\/wp\/?p=6852\" \/>\n<meta property=\"og:locale\" content=\"fr_FR\" \/>\n<meta property=\"og:type\" content=\"article\" \/>\n<meta property=\"og:title\" content=\"3\u00e8me Dimanche de Car\u00eame et Messe contre les \u00e9pid\u00e9mies - Chapelle Saint Michel Archange Montbrison\" \/>\n<meta property=\"og:description\" content=\"Du fait de la fermeture au public des chapelles et des \u00e9glises, c\u00e9l\u00e9bration \u00e0 la chapelle juste tous les deux pour accompagner la louange des Anges et des Saints . Ep\u00eetre : St Paul aux Eph\u00e9siens &nbsp;5, 1-9 Puisque vous &hellip; Continuer la lecture &rarr;\" \/>\n<meta property=\"og:url\" content=\"https:\/\/gallican-montbrison.fr\/wp\/?p=6852\" \/>\n<meta property=\"og:site_name\" content=\"Chapelle Saint Michel Archange Montbrison\" \/>\n<meta property=\"article:publisher\" content=\"https:\/\/www.facebook.com\/people\/Eglise-Gallicane-Chapelle-Saint-Michel-Archange\/100064564306693\/\" \/>\n<meta property=\"article:published_time\" content=\"2020-03-17T18:00:33+00:00\" \/>\n<meta property=\"article:modified_time\" content=\"2020-03-22T15:34:32+00:00\" \/>\n<meta property=\"og:image\" content=\"https:\/\/gallican-montbrison.fr\/wp\/wp-content\/uploads\/2020\/03\/IMG_20200315_114800-768x1024.jpg\" \/>\n<meta name=\"author\" content=\"Colette\" \/>\n<meta name=\"twitter:card\" content=\"summary_large_image\" \/>\n<meta name=\"twitter:label1\" content=\"\u00c9crit par\" \/>\n\t<meta name=\"twitter:data1\" content=\"Colette\" \/>\n\t<meta name=\"twitter:label2\" content=\"Dur\u00e9e de lecture estim\u00e9e\" \/>\n\t<meta name=\"twitter:data2\" content=\"4 minutes\" \/>\n<script type=\"application\/ld+json\" class=\"yoast-schema-graph\">{\"@context\":\"https:\/\/schema.org\",\"@graph\":[{\"@type\":\"WebPage\",\"@id\":\"https:\/\/gallican-montbrison.fr\/wp\/?p=6852\",\"url\":\"https:\/\/gallican-montbrison.fr\/wp\/?p=6852\",\"name\":\"3\u00e8me Dimanche de Car\u00eame et Messe contre les \u00e9pid\u00e9mies - Chapelle Saint Michel Archange Montbrison\",\"isPartOf\":{\"@id\":\"https:\/\/gallican-montbrison.fr\/wp\/#website\"},\"primaryImageOfPage\":{\"@id\":\"https:\/\/gallican-montbrison.fr\/wp\/?p=6852#primaryimage\"},\"image\":{\"@id\":\"https:\/\/gallican-montbrison.fr\/wp\/?p=6852#primaryimage\"},\"thumbnailUrl\":\"https:\/\/gallican-montbrison.fr\/wp\/wp-content\/uploads\/2020\/03\/IMG_20200315_114800-768x1024.jpg\",\"datePublished\":\"2020-03-17T18:00:33+00:00\",\"dateModified\":\"2020-03-22T15:34:32+00:00\",\"author\":{\"@id\":\"https:\/\/gallican-montbrison.fr\/wp\/#\/schema\/person\/fc5571a40f7c79de2fb1b0cf72c089a4\"},\"breadcrumb\":{\"@id\":\"https:\/\/gallican-montbrison.fr\/wp\/?p=6852#breadcrumb\"},\"inLanguage\":\"fr-FR\",\"potentialAction\":[{\"@type\":\"ReadAction\",\"target\":[\"https:\/\/gallican-montbrison.fr\/wp\/?p=6852\"]}]},{\"@type\":\"ImageObject\",\"inLanguage\":\"fr-FR\",\"@id\":\"https:\/\/gallican-montbrison.fr\/wp\/?p=6852#primaryimage\",\"url\":\"https:\/\/gallican-montbrison.fr\/wp\/wp-content\/uploads\/2020\/03\/IMG_20200315_114800.jpg\",\"contentUrl\":\"https:\/\/gallican-montbrison.fr\/wp\/wp-content\/uploads\/2020\/03\/IMG_20200315_114800.jpg\",\"width\":2976,\"height\":3968,\"caption\":\"dig\"},{\"@type\":\"BreadcrumbList\",\"@id\":\"https:\/\/gallican-montbrison.fr\/wp\/?p=6852#breadcrumb\",\"itemListElement\":[{\"@type\":\"ListItem\",\"position\":1,\"name\":\"Accueil\",\"item\":\"https:\/\/gallican-montbrison.fr\/wp\"},{\"@type\":\"ListItem\",\"position\":2,\"name\":\"3\u00e8me Dimanche de Car\u00eame et Messe contre les \u00e9pid\u00e9mies\"}]},{\"@type\":\"WebSite\",\"@id\":\"https:\/\/gallican-montbrison.fr\/wp\/#website\",\"url\":\"https:\/\/gallican-montbrison.fr\/wp\/\",\"name\":\"Chapelle Saint Michel Archange Montbrison\",\"description\":\"Eglise Gallicane, Tradition Apostolique de Gazinet\",\"potentialAction\":[{\"@type\":\"SearchAction\",\"target\":{\"@type\":\"EntryPoint\",\"urlTemplate\":\"https:\/\/gallican-montbrison.fr\/wp\/?s={search_term_string}\"},\"query-input\":{\"@type\":\"PropertyValueSpecification\",\"valueRequired\":true,\"valueName\":\"search_term_string\"}}],\"inLanguage\":\"fr-FR\"},{\"@type\":\"Person\",\"@id\":\"https:\/\/gallican-montbrison.fr\/wp\/#\/schema\/person\/fc5571a40f7c79de2fb1b0cf72c089a4\",\"name\":\"Colette\",\"url\":\"https:\/\/gallican-montbrison.fr\/wp\/?author=3\"}]}<\/script>\n<!-- \/ Yoast SEO plugin. -->","yoast_head_json":{"title":"3\u00e8me Dimanche de Car\u00eame et Messe contre les \u00e9pid\u00e9mies - Chapelle Saint Michel Archange Montbrison","robots":{"index":"index","follow":"follow","max-snippet":"max-snippet:-1","max-image-preview":"max-image-preview:large","max-video-preview":"max-video-preview:-1"},"canonical":"https:\/\/gallican-montbrison.fr\/wp\/?p=6852","og_locale":"fr_FR","og_type":"article","og_title":"3\u00e8me Dimanche de Car\u00eame et Messe contre les \u00e9pid\u00e9mies - Chapelle Saint Michel Archange Montbrison","og_description":"Du fait de la fermeture au public des chapelles et des \u00e9glises, c\u00e9l\u00e9bration \u00e0 la chapelle juste tous les deux pour accompagner la louange des Anges et des Saints . Ep\u00eetre : St Paul aux Eph\u00e9siens &nbsp;5, 1-9 Puisque vous &hellip; Continuer la lecture &rarr;","og_url":"https:\/\/gallican-montbrison.fr\/wp\/?p=6852","og_site_name":"Chapelle Saint Michel Archange Montbrison","article_publisher":"https:\/\/www.facebook.com\/people\/Eglise-Gallicane-Chapelle-Saint-Michel-Archange\/100064564306693\/","article_published_time":"2020-03-17T18:00:33+00:00","article_modified_time":"2020-03-22T15:34:32+00:00","og_image":[{"url":"https:\/\/gallican-montbrison.fr\/wp\/wp-content\/uploads\/2020\/03\/IMG_20200315_114800-768x1024.jpg","type":"","width":"","height":""}],"author":"Colette","twitter_card":"summary_large_image","twitter_misc":{"\u00c9crit par":"Colette","Dur\u00e9e de lecture estim\u00e9e":"4 minutes"},"schema":{"@context":"https:\/\/schema.org","@graph":[{"@type":"WebPage","@id":"https:\/\/gallican-montbrison.fr\/wp\/?p=6852","url":"https:\/\/gallican-montbrison.fr\/wp\/?p=6852","name":"3\u00e8me Dimanche de Car\u00eame et Messe contre les \u00e9pid\u00e9mies - Chapelle Saint Michel Archange Montbrison","isPartOf":{"@id":"https:\/\/gallican-montbrison.fr\/wp\/#website"},"primaryImageOfPage":{"@id":"https:\/\/gallican-montbrison.fr\/wp\/?p=6852#primaryimage"},"image":{"@id":"https:\/\/gallican-montbrison.fr\/wp\/?p=6852#primaryimage"},"thumbnailUrl":"https:\/\/gallican-montbrison.fr\/wp\/wp-content\/uploads\/2020\/03\/IMG_20200315_114800-768x1024.jpg","datePublished":"2020-03-17T18:00:33+00:00","dateModified":"2020-03-22T15:34:32+00:00","author":{"@id":"https:\/\/gallican-montbrison.fr\/wp\/#\/schema\/person\/fc5571a40f7c79de2fb1b0cf72c089a4"},"breadcrumb":{"@id":"https:\/\/gallican-montbrison.fr\/wp\/?p=6852#breadcrumb"},"inLanguage":"fr-FR","potentialAction":[{"@type":"ReadAction","target":["https:\/\/gallican-montbrison.fr\/wp\/?p=6852"]}]},{"@type":"ImageObject","inLanguage":"fr-FR","@id":"https:\/\/gallican-montbrison.fr\/wp\/?p=6852#primaryimage","url":"https:\/\/gallican-montbrison.fr\/wp\/wp-content\/uploads\/2020\/03\/IMG_20200315_114800.jpg","contentUrl":"https:\/\/gallican-montbrison.fr\/wp\/wp-content\/uploads\/2020\/03\/IMG_20200315_114800.jpg","width":2976,"height":3968,"caption":"dig"},{"@type":"BreadcrumbList","@id":"https:\/\/gallican-montbrison.fr\/wp\/?p=6852#breadcrumb","itemListElement":[{"@type":"ListItem","position":1,"name":"Accueil","item":"https:\/\/gallican-montbrison.fr\/wp"},{"@type":"ListItem","position":2,"name":"3\u00e8me Dimanche de Car\u00eame et Messe contre les \u00e9pid\u00e9mies"}]},{"@type":"WebSite","@id":"https:\/\/gallican-montbrison.fr\/wp\/#website","url":"https:\/\/gallican-montbrison.fr\/wp\/","name":"Chapelle Saint Michel Archange Montbrison","description":"Eglise Gallicane, Tradition Apostolique de Gazinet","potentialAction":[{"@type":"SearchAction","target":{"@type":"EntryPoint","urlTemplate":"https:\/\/gallican-montbrison.fr\/wp\/?s={search_term_string}"},"query-input":{"@type":"PropertyValueSpecification","valueRequired":true,"valueName":"search_term_string"}}],"inLanguage":"fr-FR"},{"@type":"Person","@id":"https:\/\/gallican-montbrison.fr\/wp\/#\/schema\/person\/fc5571a40f7c79de2fb1b0cf72c089a4","name":"Colette","url":"https:\/\/gallican-montbrison.fr\/wp\/?author=3"}]}},"_links":{"self":[{"href":"https:\/\/gallican-montbrison.fr\/wp\/index.php?rest_route=\/wp\/v2\/posts\/6852"}],"collection":[{"href":"https:\/\/gallican-montbrison.fr\/wp\/index.php?rest_route=\/wp\/v2\/posts"}],"about":[{"href":"https:\/\/gallican-montbrison.fr\/wp\/index.php?rest_route=\/wp\/v2\/types\/post"}],"author":[{"embeddable":true,"href":"https:\/\/gallican-montbrison.fr\/wp\/index.php?rest_route=\/wp\/v2\/users\/3"}],"replies":[{"embeddable":true,"href":"https:\/\/gallican-montbrison.fr\/wp\/index.php?rest_route=%2Fwp%2Fv2%2Fcomments&post=6852"}],"version-history":[{"count":4,"href":"https:\/\/gallican-montbrison.fr\/wp\/index.php?rest_route=\/wp\/v2\/posts\/6852\/revisions"}],"predecessor-version":[{"id":6881,"href":"https:\/\/gallican-montbrison.fr\/wp\/index.php?rest_route=\/wp\/v2\/posts\/6852\/revisions\/6881"}],"wp:attachment":[{"href":"https:\/\/gallican-montbrison.fr\/wp\/index.php?rest_route=%2Fwp%2Fv2%2Fmedia&parent=6852"}],"wp:term":[{"taxonomy":"category","embeddable":true,"href":"https:\/\/gallican-montbrison.fr\/wp\/index.php?rest_route=%2Fwp%2Fv2%2Fcategories&post=6852"},{"taxonomy":"post_tag","embeddable":true,"href":"https:\/\/gallican-montbrison.fr\/wp\/index.php?rest_route=%2Fwp%2Fv2%2Ftags&post=6852"}],"curies":[{"name":"wp","href":"https:\/\/api.w.org\/{rel}","templated":true}]}}