{"id":6857,"date":"2020-03-19T16:01:36","date_gmt":"2020-03-19T15:01:36","guid":{"rendered":"https:\/\/gallican-montbrison.fr\/wp\/?p=6857"},"modified":"2020-03-19T16:39:21","modified_gmt":"2020-03-19T15:39:21","slug":"partage-biblique-oecumenique-19-mars","status":"publish","type":"post","link":"https:\/\/gallican-montbrison.fr\/wp\/?p=6857","title":{"rendered":"Partage Biblique Oecum\u00e9nique Jeudi 19 Mars"},"content":{"rendered":"\n<div class=\"wp-block-image\"><figure class=\"alignleft is-resized\"><img loading=\"lazy\" decoding=\"async\" src=\"https:\/\/gallican-montbrison.fr\/wp\/wp-content\/uploads\/2020\/03\/colombe.jpeg\" alt=\"\" class=\"wp-image-6863\" width=\"200\" height=\"174\" srcset=\"https:\/\/gallican-montbrison.fr\/wp\/wp-content\/uploads\/2020\/03\/colombe.jpeg 406w, https:\/\/gallican-montbrison.fr\/wp\/wp-content\/uploads\/2020\/03\/colombe-300x262.jpeg 300w\" sizes=\"(max-width: 200px) 100vw, 200px\" \/><\/figure><\/div>\n\n\n\n<p>Bonjour \u00e0 toutes et tous,<\/p>\n\n\n\n<p>Comme promis un message pour ce Jeudi o\u00f9 le Partage Biblique, qui nous regroupe habituellement dans la r\u00e9flexion et la pri\u00e8re autour des Ecritures, a du \u00eatre supprim\u00e9<\/p>\n\n\n\n<p><strong>La religion<\/strong> <\/p>\n\n\n\n<p>Ce n&rsquo;est pas \u00ab\u00a0une morale \u00e0 mettre en pratique\u00a0\u00bb comme beaucoup souhaiterait nous le faire croire mais c&rsquo;est avant tout une \u00ab\u00a0Force Int\u00e9rieure\u00a0\u00bb qui soutient l&rsquo;homme. <\/p>\n\n\n\n<p>C&rsquo;est une Force vitale qui r\u00e9chauffe, qui pacifie, qui \u00e9l\u00e8ve, chaque \u00e2me et chaque coeur. C&rsquo;est une Force que l&rsquo;on retrouve par la pri\u00e8re, souvent dans le silence de son coeur mais aussi dans les diverses communaut\u00e9s chr\u00e9tiennes qui sont les n\u00f4tres.<\/p>\n\n\n\n<p>Une ouverture du coeur, en v\u00e9rit\u00e9, est essentielle pour recevoir pleinement cette Force d&rsquo;en haut qui nous nourrit et nous permet d&rsquo;\u00eatre et de donner le meilleur de nous m\u00eame.<\/p>\n\n\n\n<p>En ces jours de confinement qui risquent d&rsquo;exacerber les situations et les r\u00e9actions, mettons en oeuvre de notre mieux les valeurs chr\u00e9tiennes qui nous habitent: altruisme, solidarit\u00e9, bienveillance, partage\u2026 continuons de proclamer et de mettre en oeuvre la sup\u00e9riorit\u00e9 de \u00a0\u00bb l&rsquo;unit\u00e9 \u00a0\u00bb sur \u00a0\u00bb l&rsquo;individualisme \u00ab\u00a0. <\/p>\n\n\n\n<p>Nous appartenons tous \u00e0 la m\u00eame famille, celles des enfants de Dieu, quelle que soit notre Foi, ne l&rsquo;oublions pas.<\/p>\n\n\n\n<p>Le Christ nous a laiss\u00e9 des valeurs, ce sont celles qui \u00e9l\u00e8vent l&rsquo;\u00eatre humain: paix, patience, bont\u00e9, tol\u00e9rance, courage, humilit\u00e9, compassion, amour, charit\u00e9, pardon\u2026 toutes celles qui nous grandissent. <\/p>\n\n\n\n<p>Mettons-les en pratique, encore plus en ce temps de confinement, avec celles et ceux qui nous entourent, avec celles et ceux avec qui nous \u00e9changeons sur les r\u00e9seaux sociaux ou par t\u00e9l\u00e9phone .. avec celles et ceux qui nous gouvernent ou qui nous soignent.<\/p>\n\n\n\n<p><strong>SOLIDARIT\u00c9 \u2026 EST LE MA\u00ceTRE MOT DES JOURS \u00c0 VENIR<\/strong><\/p>\n\n\n\n<p><strong>Le \u00ab\u00a0Notre P\u00e8re\u00a0\u00bb<\/strong><\/p>\n\n\n\n<p>Malgr\u00e9 la distance, une union de coeur et de pri\u00e8re est possible\u2026. Revenons l\u00e0 aussi \u00e0 l&rsquo;essentiel.  \u00a0\u00bb Vous donc, priez ainsi \u00a0\u00bb  nous dit le Seigneur (Mt 6,9)<\/p>\n\n\n\n<p>Je vous transmets la pri\u00e8re du \u00ab\u00a0Notre P\u00e8re\u00a0\u00bb \u2026 c&rsquo;est la premi\u00e8re qui vient aux l\u00e8vres du chr\u00e9tien dans les moments difficiles et que l&rsquo;on r\u00e9p\u00e8te en boucle parfois.<\/p>\n\n\n\n<p>La pri\u00e8re du \u00ab\u00a0Notre P\u00e8re\u00a0\u00bb \u2026 agr\u00e9ment\u00e9e de la r\u00e9flexion du Groupe des Dombes.<br>Mouvement oecum\u00e9nique, groupe de dialogue fond\u00e9 en 1937 qui r\u00e9unit des membres catholiques et protestants francophones. Ce groupe est une r\u00e9f\u00e9rence internationale dans le dialogue \u0153cum\u00e9nique et ses travaux ont inspir\u00e9 le concile Vatican II et le Conseil \u0153cum\u00e9nique des \u00c9glises. <\/p>\n\n\n\n<p>En l\u2019attente de vous retrouver, je vous laisse \u00e0 la m\u00e9ditation de notre pri\u00e8re commune<\/p>\n\n\n\n<p>Que Dieu nous garde uni(e)s dans nos diversit\u00e9s, solidaires, confiants et vigilants<br>Que Dieu nous garde proches et unis dans la pri\u00e8re<\/p>\n\n\n\n<p>Bien fraternellement, Dame Colette +<\/p>\n\n\n\n<hr class=\"wp-block-separator\"\/>\n\n\n\n<p class=\"has-text-color has-blue-color\">Notre P\u00e8re qui es aux cieux<\/p>\n\n\n\n<p>Toi que nous pouvons appeler \u00ab P\u00e8re \u00bb parce que ton Esprit fait de nous tes enfants et que par lui nous devenons fr\u00e8res et s\u0153urs de J\u00e9sus, ton Fils unique, tu es notre Cr\u00e9ateur : nous nous en remettons \u00e0 toi comme des enfants qui ont en commun de se recevoir de toi, source de leur \u00eatre et de tout bien.<br>\nEnsemble, chr\u00e9tiens encore s\u00e9par\u00e9s, nous osons t\u2019appeler \u00ab notre P\u00e8re \u00bb, pour prier avec les paroles re\u00e7ues de J\u00e9sus.<br>\nTu es P\u00e8re et nous croyons que tu aimes chacune de tes cr\u00e9atures : nous confions \u00e0 ton amour notre humanit\u00e9 et plus particuli\u00e8rement ceux qui sont dans la d\u00e9tresse.<\/p>\n\n\n\n<p class=\"has-text-color has-blue-color\">Que ton nom soit sanctifi\u00e9<\/p>\n\n\n\n<p>Tu nous as choisis dans le Christ pour \u00eatre ceux qui t\u2019invoquent ensemble comme P\u00e8re de J\u00e9sus Christ. Que ton nom soit sanctifi\u00e9 en nous, dans la vie de nos \u00c9glises et dans nos relations entre \u00c9glises. Garde-nous dans ton nom pour que l\u2019unit\u00e9 nous soit donn\u00e9e.<br>\nQue ton nom soit sanctifi\u00e9 aussi dans notre monde, qu\u2019il soit connu et honor\u00e9, et puisse le t\u00e9moignage commun de nos \u00c9glises \u00e9clairer le chemin de tous ceux qui te cherchent.<\/p>\n\n\n\n<p class=\"has-text-color has-blue-color\">Que ton R\u00e8gne vienne<\/p>\n\n\n\n<p>Viens r\u00e9gner en nos c\u0153urs et dans le c\u0153ur des hommes ! Ton Royaume, tu le         r\u00e9serves aux tout petits : que nos fragilit\u00e9s, nos pauvret\u00e9s nous ouvrent pour accueillir le Royaume qui vient.<br>\nQue la s\u00e8ve de l\u2019\u00c9vangile circule dans nos \u00c9glises : qu\u2019elles puissent se comporter     entre elles comme on le fait en J\u00e9sus-Christ, ton Fils qui s\u2019est abaiss\u00e9 pour nous. Qu\u2019un jour, nos \u00c9glises soient rassembl\u00e9es dans la pleine communion, et t\u00e9moignent de ton Royaume de justice et de paix au milieu de nous.<\/p>\n\n\n\n<p class=\"has-text-color has-blue-color\">Que ta volont\u00e9 soit faite sur la terre comme au ciel<\/p>\n\n\n\n<p>Tu aimes cette terre, tu as envoy\u00e9 ton Fils bien-aim\u00e9 pour nous faire conna\u00eetre ta         volont\u00e9, volont\u00e9 d\u2019amour et tu veux que tous les hommes soient sauv\u00e9s. Inspire-nous les paroles et les actes justes pour dire au monde que l\u2019amour seul est digne de foi.<br>\nTa volont\u00e9, c\u2019est aussi que les disciples de ton Fils soient un : fais advenir l\u2019unit\u00e9 entre tous tes enfants, afin que le monde croie.<\/p>\n\n\n\n<p class=\"has-text-color has-blue-color\">Donne-nous aujourd\u2019hui notre pain de ce jour<\/p>\n\n\n\n<p>Confiants en toi et pleins d\u2019esp\u00e9rance, nous te demandons ce qui nous fera vivre         chaque jour : le pain qui nous est n\u00e9cessaire pour vivre, le pain qui manque \u00e0 tant de nos fr\u00e8res et s\u0153urs en ce monde. Suscite en nous le d\u00e9sir de partager avec toute personne qui manque du n\u00e9cessaire.<br> Donne-nous aussi chaque jour le pain de ta Parole ; qu\u2019elle soit notre nourriture.<br> Que vienne le jour o\u00f9 tous les baptis\u00e9s, unis dans une m\u00eame eucharistie, formant un seul corps en communiant au corps et au sang de ton Fils, pourront dire ensemble en toute v\u00e9rit\u00e9 : \u00ab Donne-nous aujourd\u2019hui notre pain de ce jour \u00bb.<\/p>\n\n\n\n<p class=\"has-text-color has-blue-color\">Pardonne-nous nos offenses comme nous pardonnons aussi \u00e0 ceux qui nous ont offens\u00e9s<\/p>\n\n\n\n<p>Toi dont le pardon est toute gratuit\u00e9, fais de nos \u00c9glises des lieux o\u00f9 le pardon         demeure toujours offert et re\u00e7u, dans l\u2019humble reconnaissance du mal caus\u00e9 et subi.<br>\nEn nous pardonnant mutuellement, nous pourrons nous tourner vers toi pour que tu nous prennes en piti\u00e9 et pardonnes nos propres offenses. Que nous vivions de ton pardon, source de r\u00e9conciliation entre nous et ferment de paix autour de nous.<\/p>\n\n\n\n<p class=\"has-text-color has-blue-color\">Et ne nous soumets pas \u00e0 la tentation, mais d\u00e9livre-nous du Mal<\/p>\n\n\n\n<p>Nous te prions humblement : pr\u00e9serve-nous de l\u2019\u00e9preuve, fortifie notre foi quand elle traverse l\u2019\u00e9preuve et d\u00e9livre-nous du Mal !<br>\nQue nos \u00c9glises restent vigilantes dans l\u2019\u00e9preuve des divergences et nous pourrons nous rapprocher dans un m\u00eame d\u00e9sir de communion.<br>\nVois aussi notre monde : que les trag\u00e9dies de l\u2019histoire n\u2019\u00e9touffent pas dans notre     humanit\u00e9 le cri de l\u2019esp\u00e9rance. <\/p>\n\n\n\n<p class=\"has-text-color has-blue-color\">Car c\u2019est \u00e0 Toi qu\u2019appartiennent le r\u00e8gne, la puissance et la gloire, pour les si\u00e8cles des si\u00e8cles.<\/p>\n\n\n\n<p>A toi, P\u00e8re, tout est possible, c\u2019est de toi que tout vient, ton amour est infini ; garde nous dans la reconnaissance. Nous avons confiance en ta Parole, nous avons la certitude que la destin\u00e9e ultime de notre humanit\u00e9 t\u2019appartient. C\u2019est dans cette assurance que nous redisons la pri\u00e8re re\u00e7ue du Sauveur.<br>\nToi qui fais toujours ce qui est bon pour l\u2019homme, entends notre pri\u00e8re pour notre monde, pour les \u00c9glises, pour leur pleine communion. Que nous demeurions pers\u00e9v\u00e9rants pour h\u00e2ter ce jour o\u00f9 l\u2019unit\u00e9 nous sera donn\u00e9e, telle que tu la voudras et par les chemins que tu voudras !<\/p>\n\n\n\n<p class=\"has-text-color has-blue-color\">Oui, qu\u2019il en soit ainsi. Amen.<\/p>\n","protected":false},"excerpt":{"rendered":"<p>Bonjour \u00e0 toutes et tous, Comme promis un message pour ce Jeudi o\u00f9 le Partage Biblique, qui nous regroupe habituellement dans la r\u00e9flexion et la pri\u00e8re autour des Ecritures, a du \u00eatre supprim\u00e9 La religion Ce n&rsquo;est pas \u00ab\u00a0une morale &hellip; <a href=\"https:\/\/gallican-montbrison.fr\/wp\/?p=6857\">Continuer la lecture <span class=\"meta-nav\">&rarr;<\/span><\/a><\/p>\n","protected":false},"author":3,"featured_media":0,"comment_status":"closed","ping_status":"open","sticky":false,"template":"","format":"standard","meta":{"footnotes":""},"categories":[224,5],"tags":[],"class_list":["post-6857","post","type-post","status-publish","format-standard","hentry","category-partages-bibliques","category-vie-de-la-chapelle"],"yoast_head":"<!-- This site is optimized with the Yoast SEO plugin v25.6 - https:\/\/yoast.com\/wordpress\/plugins\/seo\/ -->\n<title>Partage Biblique Oecum\u00e9nique Jeudi 19 Mars - Chapelle Saint Michel Archange Montbrison<\/title>\n<meta name=\"robots\" content=\"index, follow, max-snippet:-1, max-image-preview:large, max-video-preview:-1\" \/>\n<link rel=\"canonical\" href=\"https:\/\/gallican-montbrison.fr\/wp\/?p=6857\" \/>\n<meta property=\"og:locale\" content=\"fr_FR\" \/>\n<meta property=\"og:type\" content=\"article\" \/>\n<meta property=\"og:title\" content=\"Partage Biblique Oecum\u00e9nique Jeudi 19 Mars - Chapelle Saint Michel Archange Montbrison\" \/>\n<meta property=\"og:description\" content=\"Bonjour \u00e0 toutes et tous, Comme promis un message pour ce Jeudi o\u00f9 le Partage Biblique, qui nous regroupe habituellement dans la r\u00e9flexion et la pri\u00e8re autour des Ecritures, a du \u00eatre supprim\u00e9 La religion Ce n&rsquo;est pas \u00ab\u00a0une morale &hellip; Continuer la lecture &rarr;\" \/>\n<meta property=\"og:url\" content=\"https:\/\/gallican-montbrison.fr\/wp\/?p=6857\" \/>\n<meta property=\"og:site_name\" content=\"Chapelle Saint Michel Archange Montbrison\" \/>\n<meta property=\"article:publisher\" content=\"https:\/\/www.facebook.com\/people\/Eglise-Gallicane-Chapelle-Saint-Michel-Archange\/100064564306693\/\" \/>\n<meta property=\"article:published_time\" content=\"2020-03-19T15:01:36+00:00\" \/>\n<meta property=\"article:modified_time\" content=\"2020-03-19T15:39:21+00:00\" \/>\n<meta property=\"og:image\" content=\"https:\/\/gallican-montbrison.fr\/wp\/wp-content\/uploads\/2020\/03\/colombe.jpeg\" \/>\n<meta name=\"author\" content=\"Colette\" \/>\n<meta name=\"twitter:card\" content=\"summary_large_image\" \/>\n<meta name=\"twitter:label1\" content=\"\u00c9crit par\" \/>\n\t<meta name=\"twitter:data1\" content=\"Colette\" \/>\n\t<meta name=\"twitter:label2\" content=\"Dur\u00e9e de lecture estim\u00e9e\" \/>\n\t<meta name=\"twitter:data2\" content=\"7 minutes\" \/>\n<script type=\"application\/ld+json\" class=\"yoast-schema-graph\">{\"@context\":\"https:\/\/schema.org\",\"@graph\":[{\"@type\":\"WebPage\",\"@id\":\"https:\/\/gallican-montbrison.fr\/wp\/?p=6857\",\"url\":\"https:\/\/gallican-montbrison.fr\/wp\/?p=6857\",\"name\":\"Partage Biblique Oecum\u00e9nique Jeudi 19 Mars - Chapelle Saint Michel Archange Montbrison\",\"isPartOf\":{\"@id\":\"https:\/\/gallican-montbrison.fr\/wp\/#website\"},\"primaryImageOfPage\":{\"@id\":\"https:\/\/gallican-montbrison.fr\/wp\/?p=6857#primaryimage\"},\"image\":{\"@id\":\"https:\/\/gallican-montbrison.fr\/wp\/?p=6857#primaryimage\"},\"thumbnailUrl\":\"https:\/\/gallican-montbrison.fr\/wp\/wp-content\/uploads\/2020\/03\/colombe.jpeg\",\"datePublished\":\"2020-03-19T15:01:36+00:00\",\"dateModified\":\"2020-03-19T15:39:21+00:00\",\"author\":{\"@id\":\"https:\/\/gallican-montbrison.fr\/wp\/#\/schema\/person\/fc5571a40f7c79de2fb1b0cf72c089a4\"},\"breadcrumb\":{\"@id\":\"https:\/\/gallican-montbrison.fr\/wp\/?p=6857#breadcrumb\"},\"inLanguage\":\"fr-FR\",\"potentialAction\":[{\"@type\":\"ReadAction\",\"target\":[\"https:\/\/gallican-montbrison.fr\/wp\/?p=6857\"]}]},{\"@type\":\"ImageObject\",\"inLanguage\":\"fr-FR\",\"@id\":\"https:\/\/gallican-montbrison.fr\/wp\/?p=6857#primaryimage\",\"url\":\"https:\/\/gallican-montbrison.fr\/wp\/wp-content\/uploads\/2020\/03\/colombe.jpeg\",\"contentUrl\":\"https:\/\/gallican-montbrison.fr\/wp\/wp-content\/uploads\/2020\/03\/colombe.jpeg\",\"width\":406,\"height\":354},{\"@type\":\"BreadcrumbList\",\"@id\":\"https:\/\/gallican-montbrison.fr\/wp\/?p=6857#breadcrumb\",\"itemListElement\":[{\"@type\":\"ListItem\",\"position\":1,\"name\":\"Accueil\",\"item\":\"https:\/\/gallican-montbrison.fr\/wp\"},{\"@type\":\"ListItem\",\"position\":2,\"name\":\"Partage Biblique Oecum\u00e9nique Jeudi 19 Mars\"}]},{\"@type\":\"WebSite\",\"@id\":\"https:\/\/gallican-montbrison.fr\/wp\/#website\",\"url\":\"https:\/\/gallican-montbrison.fr\/wp\/\",\"name\":\"Chapelle Saint Michel Archange Montbrison\",\"description\":\"Eglise Gallicane, Tradition Apostolique de Gazinet\",\"potentialAction\":[{\"@type\":\"SearchAction\",\"target\":{\"@type\":\"EntryPoint\",\"urlTemplate\":\"https:\/\/gallican-montbrison.fr\/wp\/?s={search_term_string}\"},\"query-input\":{\"@type\":\"PropertyValueSpecification\",\"valueRequired\":true,\"valueName\":\"search_term_string\"}}],\"inLanguage\":\"fr-FR\"},{\"@type\":\"Person\",\"@id\":\"https:\/\/gallican-montbrison.fr\/wp\/#\/schema\/person\/fc5571a40f7c79de2fb1b0cf72c089a4\",\"name\":\"Colette\",\"url\":\"https:\/\/gallican-montbrison.fr\/wp\/?author=3\"}]}<\/script>\n<!-- \/ Yoast SEO plugin. -->","yoast_head_json":{"title":"Partage Biblique Oecum\u00e9nique Jeudi 19 Mars - Chapelle Saint Michel Archange Montbrison","robots":{"index":"index","follow":"follow","max-snippet":"max-snippet:-1","max-image-preview":"max-image-preview:large","max-video-preview":"max-video-preview:-1"},"canonical":"https:\/\/gallican-montbrison.fr\/wp\/?p=6857","og_locale":"fr_FR","og_type":"article","og_title":"Partage Biblique Oecum\u00e9nique Jeudi 19 Mars - Chapelle Saint Michel Archange Montbrison","og_description":"Bonjour \u00e0 toutes et tous, Comme promis un message pour ce Jeudi o\u00f9 le Partage Biblique, qui nous regroupe habituellement dans la r\u00e9flexion et la pri\u00e8re autour des Ecritures, a du \u00eatre supprim\u00e9 La religion Ce n&rsquo;est pas \u00ab\u00a0une morale &hellip; Continuer la lecture &rarr;","og_url":"https:\/\/gallican-montbrison.fr\/wp\/?p=6857","og_site_name":"Chapelle Saint Michel Archange Montbrison","article_publisher":"https:\/\/www.facebook.com\/people\/Eglise-Gallicane-Chapelle-Saint-Michel-Archange\/100064564306693\/","article_published_time":"2020-03-19T15:01:36+00:00","article_modified_time":"2020-03-19T15:39:21+00:00","og_image":[{"url":"https:\/\/gallican-montbrison.fr\/wp\/wp-content\/uploads\/2020\/03\/colombe.jpeg","type":"","width":"","height":""}],"author":"Colette","twitter_card":"summary_large_image","twitter_misc":{"\u00c9crit par":"Colette","Dur\u00e9e de lecture estim\u00e9e":"7 minutes"},"schema":{"@context":"https:\/\/schema.org","@graph":[{"@type":"WebPage","@id":"https:\/\/gallican-montbrison.fr\/wp\/?p=6857","url":"https:\/\/gallican-montbrison.fr\/wp\/?p=6857","name":"Partage Biblique Oecum\u00e9nique Jeudi 19 Mars - Chapelle Saint Michel Archange Montbrison","isPartOf":{"@id":"https:\/\/gallican-montbrison.fr\/wp\/#website"},"primaryImageOfPage":{"@id":"https:\/\/gallican-montbrison.fr\/wp\/?p=6857#primaryimage"},"image":{"@id":"https:\/\/gallican-montbrison.fr\/wp\/?p=6857#primaryimage"},"thumbnailUrl":"https:\/\/gallican-montbrison.fr\/wp\/wp-content\/uploads\/2020\/03\/colombe.jpeg","datePublished":"2020-03-19T15:01:36+00:00","dateModified":"2020-03-19T15:39:21+00:00","author":{"@id":"https:\/\/gallican-montbrison.fr\/wp\/#\/schema\/person\/fc5571a40f7c79de2fb1b0cf72c089a4"},"breadcrumb":{"@id":"https:\/\/gallican-montbrison.fr\/wp\/?p=6857#breadcrumb"},"inLanguage":"fr-FR","potentialAction":[{"@type":"ReadAction","target":["https:\/\/gallican-montbrison.fr\/wp\/?p=6857"]}]},{"@type":"ImageObject","inLanguage":"fr-FR","@id":"https:\/\/gallican-montbrison.fr\/wp\/?p=6857#primaryimage","url":"https:\/\/gallican-montbrison.fr\/wp\/wp-content\/uploads\/2020\/03\/colombe.jpeg","contentUrl":"https:\/\/gallican-montbrison.fr\/wp\/wp-content\/uploads\/2020\/03\/colombe.jpeg","width":406,"height":354},{"@type":"BreadcrumbList","@id":"https:\/\/gallican-montbrison.fr\/wp\/?p=6857#breadcrumb","itemListElement":[{"@type":"ListItem","position":1,"name":"Accueil","item":"https:\/\/gallican-montbrison.fr\/wp"},{"@type":"ListItem","position":2,"name":"Partage Biblique Oecum\u00e9nique Jeudi 19 Mars"}]},{"@type":"WebSite","@id":"https:\/\/gallican-montbrison.fr\/wp\/#website","url":"https:\/\/gallican-montbrison.fr\/wp\/","name":"Chapelle Saint Michel Archange Montbrison","description":"Eglise Gallicane, Tradition Apostolique de Gazinet","potentialAction":[{"@type":"SearchAction","target":{"@type":"EntryPoint","urlTemplate":"https:\/\/gallican-montbrison.fr\/wp\/?s={search_term_string}"},"query-input":{"@type":"PropertyValueSpecification","valueRequired":true,"valueName":"search_term_string"}}],"inLanguage":"fr-FR"},{"@type":"Person","@id":"https:\/\/gallican-montbrison.fr\/wp\/#\/schema\/person\/fc5571a40f7c79de2fb1b0cf72c089a4","name":"Colette","url":"https:\/\/gallican-montbrison.fr\/wp\/?author=3"}]}},"_links":{"self":[{"href":"https:\/\/gallican-montbrison.fr\/wp\/index.php?rest_route=\/wp\/v2\/posts\/6857"}],"collection":[{"href":"https:\/\/gallican-montbrison.fr\/wp\/index.php?rest_route=\/wp\/v2\/posts"}],"about":[{"href":"https:\/\/gallican-montbrison.fr\/wp\/index.php?rest_route=\/wp\/v2\/types\/post"}],"author":[{"embeddable":true,"href":"https:\/\/gallican-montbrison.fr\/wp\/index.php?rest_route=\/wp\/v2\/users\/3"}],"replies":[{"embeddable":true,"href":"https:\/\/gallican-montbrison.fr\/wp\/index.php?rest_route=%2Fwp%2Fv2%2Fcomments&post=6857"}],"version-history":[{"count":4,"href":"https:\/\/gallican-montbrison.fr\/wp\/index.php?rest_route=\/wp\/v2\/posts\/6857\/revisions"}],"predecessor-version":[{"id":6864,"href":"https:\/\/gallican-montbrison.fr\/wp\/index.php?rest_route=\/wp\/v2\/posts\/6857\/revisions\/6864"}],"wp:attachment":[{"href":"https:\/\/gallican-montbrison.fr\/wp\/index.php?rest_route=%2Fwp%2Fv2%2Fmedia&parent=6857"}],"wp:term":[{"taxonomy":"category","embeddable":true,"href":"https:\/\/gallican-montbrison.fr\/wp\/index.php?rest_route=%2Fwp%2Fv2%2Fcategories&post=6857"},{"taxonomy":"post_tag","embeddable":true,"href":"https:\/\/gallican-montbrison.fr\/wp\/index.php?rest_route=%2Fwp%2Fv2%2Ftags&post=6857"}],"curies":[{"name":"wp","href":"https:\/\/api.w.org\/{rel}","templated":true}]}}