{"id":6868,"date":"2020-03-22T16:38:55","date_gmt":"2020-03-22T15:38:55","guid":{"rendered":"https:\/\/gallican-montbrison.fr\/wp\/?p=6868"},"modified":"2020-03-23T13:34:46","modified_gmt":"2020-03-23T12:34:46","slug":"messe-du-jour-oraisons-en-cas-depidemie","status":"publish","type":"post","link":"https:\/\/gallican-montbrison.fr\/wp\/?p=6868","title":{"rendered":"Messe Dimanche 22 Mars + oraisons en cas d&rsquo;\u00e9pid\u00e9mie"},"content":{"rendered":"\n<p>Du fait du confinement, c\u00e9l\u00e9bration tous les deux \u00e0 la maison. Notre messe a confi\u00e9 au Seigneur toutes les intentions de pri\u00e8res re\u00e7ues depuis le d\u00e9but de la semaine. N&rsquo;h\u00e9sitez pas \u00e0 nous faire part des v\u00f4tres, nous les porterons sur l&rsquo;autel lors de notre prochaine messe.<\/p>\n\n\n\n<ul class=\"wp-block-gallery columns-3 is-cropped wp-block-gallery-1 is-layout-flex wp-block-gallery-is-layout-flex\"><li class=\"blocks-gallery-item\"><figure><img loading=\"lazy\" decoding=\"async\" width=\"768\" height=\"1024\" src=\"https:\/\/gallican-montbrison.fr\/wp\/wp-content\/uploads\/2020\/03\/IMG_0316-e1584890649746-768x1024.jpg\" alt=\"\" data-id=\"6873\" data-link=\"https:\/\/gallican-montbrison.fr\/wp\/?attachment_id=6873\" class=\"wp-image-6873\" srcset=\"https:\/\/gallican-montbrison.fr\/wp\/wp-content\/uploads\/2020\/03\/IMG_0316-e1584890649746-768x1024.jpg 768w, https:\/\/gallican-montbrison.fr\/wp\/wp-content\/uploads\/2020\/03\/IMG_0316-e1584890649746-225x300.jpg 225w, https:\/\/gallican-montbrison.fr\/wp\/wp-content\/uploads\/2020\/03\/IMG_0316-e1584890649746.jpg 1512w\" sizes=\"(max-width: 768px) 100vw, 768px\" \/><\/figure><\/li><li class=\"blocks-gallery-item\"><figure><img loading=\"lazy\" decoding=\"async\" width=\"768\" height=\"1024\" src=\"https:\/\/gallican-montbrison.fr\/wp\/wp-content\/uploads\/2020\/03\/IMG_20200315_114820-768x1024.jpg\" alt=\"\" data-id=\"6871\" data-link=\"https:\/\/gallican-montbrison.fr\/wp\/?attachment_id=6871\" class=\"wp-image-6871\" srcset=\"https:\/\/gallican-montbrison.fr\/wp\/wp-content\/uploads\/2020\/03\/IMG_20200315_114820-768x1024.jpg 768w, https:\/\/gallican-montbrison.fr\/wp\/wp-content\/uploads\/2020\/03\/IMG_20200315_114820-225x300.jpg 225w\" sizes=\"(max-width: 768px) 100vw, 768px\" \/><\/figure><\/li><li class=\"blocks-gallery-item\"><figure><img loading=\"lazy\" decoding=\"async\" width=\"768\" height=\"1024\" src=\"https:\/\/gallican-montbrison.fr\/wp\/wp-content\/uploads\/2020\/03\/IMG_0162-e1584890775956-768x1024.jpg\" alt=\"\" data-id=\"6877\" data-link=\"https:\/\/gallican-montbrison.fr\/wp\/?attachment_id=6877\" class=\"wp-image-6877\" srcset=\"https:\/\/gallican-montbrison.fr\/wp\/wp-content\/uploads\/2020\/03\/IMG_0162-e1584890775956-768x1024.jpg 768w, https:\/\/gallican-montbrison.fr\/wp\/wp-content\/uploads\/2020\/03\/IMG_0162-e1584890775956-225x300.jpg 225w\" sizes=\"(max-width: 768px) 100vw, 768px\" \/><\/figure><\/li><\/ul>\n\n\n\n<figure class=\"wp-block-audio\"><audio controls src=\"https:\/\/gallican-montbrison.fr\/wp\/wp-content\/uploads\/2020\/03\/10-Homelie-4e-dim-care\u0302me-2020.mp3\"><\/audio><figcaption>Ecouter l&rsquo;hom\u00e9lie du 4e Dimanche de Car\u00eame<\/figcaption><\/figure>\n\n\n\n<p><strong>Ep\u00eetre: St Paul aux Galates 4, 22-31<\/strong><\/p>\n\n\n\n<div class=\"wp-block-image\"><figure class=\"alignleft\"><a href=\"https:\/\/gallican-montbrison.fr\/wp\/wp-content\/uploads\/2017\/03\/pains.jpeg\"><img loading=\"lazy\" decoding=\"async\" width=\"300\" height=\"171\" src=\"https:\/\/gallican-montbrison.fr\/wp\/wp-content\/uploads\/2017\/03\/pains-300x171.jpeg\" alt=\"\" class=\"wp-image-5055\" srcset=\"https:\/\/gallican-montbrison.fr\/wp\/wp-content\/uploads\/2017\/03\/pains-300x171.jpeg 300w, https:\/\/gallican-montbrison.fr\/wp\/wp-content\/uploads\/2017\/03\/pains.jpeg 712w\" sizes=\"(max-width: 300px) 100vw, 300px\" \/><\/a><\/figure><\/div>\n\n\n\n<p>Il est \u00e9crit, en effet,\n qu\u2019Abraham eut deux fils, l\u2019un d\u2019une esclave, Agar, et l\u2019autre d\u2019une \nfemme libre, Sara.&nbsp;Le fils qu\u2019il eut de la premi\u00e8re naquit conform\u00e9ment \u00e0\n l\u2019ordre naturel, mais le fils qu\u2019il eut de la seconde naquit \nconform\u00e9ment \u00e0 la promesse de Dieu.&nbsp;Ce r\u00e9cit comporte un sens plus \nprofond&nbsp;: les deux femmes repr\u00e9sentent deux alliances. L\u2019une de ces \nalliances, repr\u00e9sent\u00e9e par Agar, est celle du mont Sina\u00ef&nbsp;; elle donne \nnaissance \u00e0 des esclaves. &nbsp;Agar, c\u2019est le mont Sina\u00ef en Arabie&nbsp;; elle \ncorrespond \u00e0 l\u2019actuelle ville de J\u00e9rusalem, qui est esclave avec tous \nles siens.&nbsp;Mais la J\u00e9rusalem c\u00e9leste est libre et c\u2019est elle notre \nm\u00e8re.&nbsp;&nbsp;En effet, l\u2019\u00c9criture d\u00e9clare&nbsp;:<\/p>\n\n\n\n<p>\u00ab&nbsp;R\u00e9jouis-toi, femme qui n\u2019avais pas d\u2019enfant&nbsp;!<br>\n Pousse des cris de joie, toi qui n\u2019as pas connu les douleurs de l\u2019accouchement&nbsp;!<br>\n Car la femme abandonn\u00e9e aura plus d\u2019enfants<br>\n que la femme aim\u00e9e par son mari&nbsp;.&nbsp;\u00bb<\/p>\n\n\n\n<p>Quant \u00e0 vous, fr\u00e8res, vous \u00eates des \nenfants n\u00e9s conform\u00e9ment \u00e0 la promesse de Dieu, tout comme \nIsaac.&nbsp;Autrefois, le fils n\u00e9 conform\u00e9ment \u00e0 l\u2019ordre naturel pers\u00e9cutait \ncelui qui \u00e9tait n\u00e9 selon l\u2019Esprit de Dieu, et il en va de m\u00eame \nmaintenant.&nbsp;Mais que d\u00e9clare l\u2019\u00c9criture&nbsp;? Ceci&nbsp;: \u00ab&nbsp;Chasse cette esclave \net son fils&nbsp;; car le fils de l\u2019esclave ne doit pas avoir part \u00e0 \nl\u2019h\u00e9ritage paternel avec le fils de la femme n\u00e9e libre.&nbsp;\u00bb&nbsp;Ainsi, fr\u00e8res,\n nous ne sommes pas enfants de celle qui est esclave, mais de celle qui \nest libre.<\/p>\n\n\n\n<p><strong>Evangile : St Jean 6, 1-15<\/strong><\/p>\n\n\n\n<p>Apr\u00e8s cela, J\u00e9sus s\u2019en alla de l\u2019autre \nc\u00f4t\u00e9 du lac de Galil\u00e9e, appel\u00e9 aussi lac de Tib\u00e9riade. Une grande foule \nle suivait, parce que les gens voyaient les signes miraculeux qu\u2019il \nfaisait en gu\u00e9rissant les malades. J\u00e9sus monta sur une colline et \ns\u2019assit l\u00e0 avec ses disciples.&nbsp;La P\u00e2que, la f\u00eate des Juifs, \u00e9tait \nproche.&nbsp;J\u00e9sus regarda et vit qu\u2019une grande foule venait \u00e0 lui&nbsp;; il \ndemanda donc \u00e0 Philippe&nbsp;: \u00ab&nbsp;O\u00f9 pourrions-nous acheter du pain pour leur \ndonner \u00e0 manger \u00e0 tous&nbsp;?&nbsp;\u00bb .&nbsp;Il disait cela pour mettre Philippe \u00e0 \nl\u2019\u00e9preuve, car il savait d\u00e9j\u00e0 ce qu\u2019il allait faire.&nbsp;Philippe lui \nr\u00e9pondit&nbsp;: \u00ab&nbsp;M\u00eame avec deux cents pi\u00e8ces d\u2019argent, nous n\u2019aurions pas de\n quoi acheter assez de pain pour que chacun d\u2019eux en re\u00e7oive un petit \nmorceau.&nbsp;\u00bb&nbsp;Un autre de ses disciples, Andr\u00e9, le fr\u00e8re de Simon Pierre, \nlui dit&nbsp;:&nbsp;&nbsp;\u00ab&nbsp;Il y a ici un gar\u00e7on qui a cinq pains d\u2019orge et deux \npoissons. Mais qu\u2019est-ce que cela pour un si grand nombre de \npersonnes?&nbsp;\u00bb&nbsp;J\u00e9sus dit alors&nbsp;: \u00ab&nbsp;Faites asseoir tout le monde.&nbsp;\u00bb Il y \navait beaucoup d\u2019herbe \u00e0 cet endroit. Ils s\u2019assirent donc&nbsp;; ils \u00e9taient \nenviron cinq mille hommes.&nbsp;J\u00e9sus prit les pains et, apr\u00e8s avoir remerci\u00e9\n Dieu, il les distribua \u00e0 ceux qui \u00e9taient l\u00e0. Il leur donna de m\u00eame du \npoisson, autant qu\u2019ils en voulaient.&nbsp;Quand ils eurent tous mang\u00e9 \u00e0 leur \nfaim, J\u00e9sus dit \u00e0 ses disciples&nbsp;: \u00ab&nbsp;Ramassez les morceaux qui restent, \nafin que rien ne soit perdu.&nbsp;\u00bb&nbsp;Ils les ramass\u00e8rent et remplirent douze \ncorbeilles avec les morceaux qui restaient des cinq pains d\u2019orge dont on\n avait mang\u00e9.&nbsp;Les gens, voyant le signe miraculeux que J\u00e9sus avait fait,\n d\u00e9clar\u00e8rent&nbsp;: \u00ab&nbsp;Cet homme est vraiment le Proph\u00e8te qui devait venir \ndans le monde&nbsp;!&nbsp;\u00bb&nbsp;J\u00e9sus se rendit compte qu\u2019ils allaient venir l\u2019enlever\n de force pour le faire roi. Il se retira donc de nouveau sur la \ncolline, tout seul.<\/p>\n","protected":false},"excerpt":{"rendered":"<p>Du fait du confinement, c\u00e9l\u00e9bration tous les deux \u00e0 la maison. Notre messe a confi\u00e9 au Seigneur toutes les intentions de pri\u00e8res re\u00e7ues depuis le d\u00e9but de la semaine. N&rsquo;h\u00e9sitez pas \u00e0 nous faire part des v\u00f4tres, nous les porterons &hellip; <a href=\"https:\/\/gallican-montbrison.fr\/wp\/?p=6868\">Continuer la lecture <span class=\"meta-nav\">&rarr;<\/span><\/a><\/p>\n","protected":false},"author":3,"featured_media":0,"comment_status":"closed","ping_status":"open","sticky":false,"template":"","format":"standard","meta":{"footnotes":""},"categories":[4],"tags":[],"class_list":["post-6868","post","type-post","status-publish","format-standard","hentry","category-homelies"],"yoast_head":"<!-- This site is optimized with the Yoast SEO plugin v25.6 - https:\/\/yoast.com\/wordpress\/plugins\/seo\/ -->\n<title>Messe Dimanche 22 Mars + oraisons en cas d&#039;\u00e9pid\u00e9mie - Chapelle Saint Michel Archange Montbrison<\/title>\n<meta name=\"robots\" content=\"index, follow, max-snippet:-1, max-image-preview:large, max-video-preview:-1\" \/>\n<link rel=\"canonical\" href=\"https:\/\/gallican-montbrison.fr\/wp\/?p=6868\" \/>\n<meta property=\"og:locale\" content=\"fr_FR\" \/>\n<meta property=\"og:type\" content=\"article\" \/>\n<meta property=\"og:title\" content=\"Messe Dimanche 22 Mars + oraisons en cas d&#039;\u00e9pid\u00e9mie - Chapelle Saint Michel Archange Montbrison\" \/>\n<meta property=\"og:description\" content=\"Du fait du confinement, c\u00e9l\u00e9bration tous les deux \u00e0 la maison. Notre messe a confi\u00e9 au Seigneur toutes les intentions de pri\u00e8res re\u00e7ues depuis le d\u00e9but de la semaine. N&rsquo;h\u00e9sitez pas \u00e0 nous faire part des v\u00f4tres, nous les porterons &hellip; Continuer la lecture &rarr;\" \/>\n<meta property=\"og:url\" content=\"https:\/\/gallican-montbrison.fr\/wp\/?p=6868\" \/>\n<meta property=\"og:site_name\" content=\"Chapelle Saint Michel Archange Montbrison\" \/>\n<meta property=\"article:publisher\" content=\"https:\/\/www.facebook.com\/people\/Eglise-Gallicane-Chapelle-Saint-Michel-Archange\/100064564306693\/\" \/>\n<meta property=\"article:published_time\" content=\"2020-03-22T15:38:55+00:00\" \/>\n<meta property=\"article:modified_time\" content=\"2020-03-23T12:34:46+00:00\" \/>\n<meta property=\"og:image\" content=\"https:\/\/gallican-montbrison.fr\/wp\/wp-content\/uploads\/2020\/03\/IMG_0316-e1584890649746-768x1024.jpg\" \/>\n<meta name=\"author\" content=\"Colette\" \/>\n<meta name=\"twitter:card\" content=\"summary_large_image\" \/>\n<meta name=\"twitter:label1\" content=\"\u00c9crit par\" \/>\n\t<meta name=\"twitter:data1\" content=\"Colette\" \/>\n\t<meta name=\"twitter:label2\" content=\"Dur\u00e9e de lecture estim\u00e9e\" \/>\n\t<meta name=\"twitter:data2\" content=\"4 minutes\" \/>\n<script type=\"application\/ld+json\" class=\"yoast-schema-graph\">{\"@context\":\"https:\/\/schema.org\",\"@graph\":[{\"@type\":\"WebPage\",\"@id\":\"https:\/\/gallican-montbrison.fr\/wp\/?p=6868\",\"url\":\"https:\/\/gallican-montbrison.fr\/wp\/?p=6868\",\"name\":\"Messe Dimanche 22 Mars + oraisons en cas d'\u00e9pid\u00e9mie - Chapelle Saint Michel Archange Montbrison\",\"isPartOf\":{\"@id\":\"https:\/\/gallican-montbrison.fr\/wp\/#website\"},\"primaryImageOfPage\":{\"@id\":\"https:\/\/gallican-montbrison.fr\/wp\/?p=6868#primaryimage\"},\"image\":{\"@id\":\"https:\/\/gallican-montbrison.fr\/wp\/?p=6868#primaryimage\"},\"thumbnailUrl\":\"https:\/\/gallican-montbrison.fr\/wp\/wp-content\/uploads\/2020\/03\/IMG_0316-e1584890649746-768x1024.jpg\",\"datePublished\":\"2020-03-22T15:38:55+00:00\",\"dateModified\":\"2020-03-23T12:34:46+00:00\",\"author\":{\"@id\":\"https:\/\/gallican-montbrison.fr\/wp\/#\/schema\/person\/fc5571a40f7c79de2fb1b0cf72c089a4\"},\"breadcrumb\":{\"@id\":\"https:\/\/gallican-montbrison.fr\/wp\/?p=6868#breadcrumb\"},\"inLanguage\":\"fr-FR\",\"potentialAction\":[{\"@type\":\"ReadAction\",\"target\":[\"https:\/\/gallican-montbrison.fr\/wp\/?p=6868\"]}]},{\"@type\":\"ImageObject\",\"inLanguage\":\"fr-FR\",\"@id\":\"https:\/\/gallican-montbrison.fr\/wp\/?p=6868#primaryimage\",\"url\":\"https:\/\/gallican-montbrison.fr\/wp\/wp-content\/uploads\/2020\/03\/IMG_0316-e1584890649746.jpg\",\"contentUrl\":\"https:\/\/gallican-montbrison.fr\/wp\/wp-content\/uploads\/2020\/03\/IMG_0316-e1584890649746.jpg\",\"width\":1512,\"height\":2016},{\"@type\":\"BreadcrumbList\",\"@id\":\"https:\/\/gallican-montbrison.fr\/wp\/?p=6868#breadcrumb\",\"itemListElement\":[{\"@type\":\"ListItem\",\"position\":1,\"name\":\"Accueil\",\"item\":\"https:\/\/gallican-montbrison.fr\/wp\"},{\"@type\":\"ListItem\",\"position\":2,\"name\":\"Messe Dimanche 22 Mars + oraisons en cas d&rsquo;\u00e9pid\u00e9mie\"}]},{\"@type\":\"WebSite\",\"@id\":\"https:\/\/gallican-montbrison.fr\/wp\/#website\",\"url\":\"https:\/\/gallican-montbrison.fr\/wp\/\",\"name\":\"Chapelle Saint Michel Archange Montbrison\",\"description\":\"Eglise Gallicane, Tradition Apostolique de Gazinet\",\"potentialAction\":[{\"@type\":\"SearchAction\",\"target\":{\"@type\":\"EntryPoint\",\"urlTemplate\":\"https:\/\/gallican-montbrison.fr\/wp\/?s={search_term_string}\"},\"query-input\":{\"@type\":\"PropertyValueSpecification\",\"valueRequired\":true,\"valueName\":\"search_term_string\"}}],\"inLanguage\":\"fr-FR\"},{\"@type\":\"Person\",\"@id\":\"https:\/\/gallican-montbrison.fr\/wp\/#\/schema\/person\/fc5571a40f7c79de2fb1b0cf72c089a4\",\"name\":\"Colette\",\"url\":\"https:\/\/gallican-montbrison.fr\/wp\/?author=3\"}]}<\/script>\n<!-- \/ Yoast SEO plugin. -->","yoast_head_json":{"title":"Messe Dimanche 22 Mars + oraisons en cas d'\u00e9pid\u00e9mie - Chapelle Saint Michel Archange Montbrison","robots":{"index":"index","follow":"follow","max-snippet":"max-snippet:-1","max-image-preview":"max-image-preview:large","max-video-preview":"max-video-preview:-1"},"canonical":"https:\/\/gallican-montbrison.fr\/wp\/?p=6868","og_locale":"fr_FR","og_type":"article","og_title":"Messe Dimanche 22 Mars + oraisons en cas d'\u00e9pid\u00e9mie - Chapelle Saint Michel Archange Montbrison","og_description":"Du fait du confinement, c\u00e9l\u00e9bration tous les deux \u00e0 la maison. Notre messe a confi\u00e9 au Seigneur toutes les intentions de pri\u00e8res re\u00e7ues depuis le d\u00e9but de la semaine. N&rsquo;h\u00e9sitez pas \u00e0 nous faire part des v\u00f4tres, nous les porterons &hellip; Continuer la lecture &rarr;","og_url":"https:\/\/gallican-montbrison.fr\/wp\/?p=6868","og_site_name":"Chapelle Saint Michel Archange Montbrison","article_publisher":"https:\/\/www.facebook.com\/people\/Eglise-Gallicane-Chapelle-Saint-Michel-Archange\/100064564306693\/","article_published_time":"2020-03-22T15:38:55+00:00","article_modified_time":"2020-03-23T12:34:46+00:00","og_image":[{"url":"https:\/\/gallican-montbrison.fr\/wp\/wp-content\/uploads\/2020\/03\/IMG_0316-e1584890649746-768x1024.jpg","type":"","width":"","height":""}],"author":"Colette","twitter_card":"summary_large_image","twitter_misc":{"\u00c9crit par":"Colette","Dur\u00e9e de lecture estim\u00e9e":"4 minutes"},"schema":{"@context":"https:\/\/schema.org","@graph":[{"@type":"WebPage","@id":"https:\/\/gallican-montbrison.fr\/wp\/?p=6868","url":"https:\/\/gallican-montbrison.fr\/wp\/?p=6868","name":"Messe Dimanche 22 Mars + oraisons en cas d'\u00e9pid\u00e9mie - Chapelle Saint Michel Archange Montbrison","isPartOf":{"@id":"https:\/\/gallican-montbrison.fr\/wp\/#website"},"primaryImageOfPage":{"@id":"https:\/\/gallican-montbrison.fr\/wp\/?p=6868#primaryimage"},"image":{"@id":"https:\/\/gallican-montbrison.fr\/wp\/?p=6868#primaryimage"},"thumbnailUrl":"https:\/\/gallican-montbrison.fr\/wp\/wp-content\/uploads\/2020\/03\/IMG_0316-e1584890649746-768x1024.jpg","datePublished":"2020-03-22T15:38:55+00:00","dateModified":"2020-03-23T12:34:46+00:00","author":{"@id":"https:\/\/gallican-montbrison.fr\/wp\/#\/schema\/person\/fc5571a40f7c79de2fb1b0cf72c089a4"},"breadcrumb":{"@id":"https:\/\/gallican-montbrison.fr\/wp\/?p=6868#breadcrumb"},"inLanguage":"fr-FR","potentialAction":[{"@type":"ReadAction","target":["https:\/\/gallican-montbrison.fr\/wp\/?p=6868"]}]},{"@type":"ImageObject","inLanguage":"fr-FR","@id":"https:\/\/gallican-montbrison.fr\/wp\/?p=6868#primaryimage","url":"https:\/\/gallican-montbrison.fr\/wp\/wp-content\/uploads\/2020\/03\/IMG_0316-e1584890649746.jpg","contentUrl":"https:\/\/gallican-montbrison.fr\/wp\/wp-content\/uploads\/2020\/03\/IMG_0316-e1584890649746.jpg","width":1512,"height":2016},{"@type":"BreadcrumbList","@id":"https:\/\/gallican-montbrison.fr\/wp\/?p=6868#breadcrumb","itemListElement":[{"@type":"ListItem","position":1,"name":"Accueil","item":"https:\/\/gallican-montbrison.fr\/wp"},{"@type":"ListItem","position":2,"name":"Messe Dimanche 22 Mars + oraisons en cas d&rsquo;\u00e9pid\u00e9mie"}]},{"@type":"WebSite","@id":"https:\/\/gallican-montbrison.fr\/wp\/#website","url":"https:\/\/gallican-montbrison.fr\/wp\/","name":"Chapelle Saint Michel Archange Montbrison","description":"Eglise Gallicane, Tradition Apostolique de Gazinet","potentialAction":[{"@type":"SearchAction","target":{"@type":"EntryPoint","urlTemplate":"https:\/\/gallican-montbrison.fr\/wp\/?s={search_term_string}"},"query-input":{"@type":"PropertyValueSpecification","valueRequired":true,"valueName":"search_term_string"}}],"inLanguage":"fr-FR"},{"@type":"Person","@id":"https:\/\/gallican-montbrison.fr\/wp\/#\/schema\/person\/fc5571a40f7c79de2fb1b0cf72c089a4","name":"Colette","url":"https:\/\/gallican-montbrison.fr\/wp\/?author=3"}]}},"_links":{"self":[{"href":"https:\/\/gallican-montbrison.fr\/wp\/index.php?rest_route=\/wp\/v2\/posts\/6868"}],"collection":[{"href":"https:\/\/gallican-montbrison.fr\/wp\/index.php?rest_route=\/wp\/v2\/posts"}],"about":[{"href":"https:\/\/gallican-montbrison.fr\/wp\/index.php?rest_route=\/wp\/v2\/types\/post"}],"author":[{"embeddable":true,"href":"https:\/\/gallican-montbrison.fr\/wp\/index.php?rest_route=\/wp\/v2\/users\/3"}],"replies":[{"embeddable":true,"href":"https:\/\/gallican-montbrison.fr\/wp\/index.php?rest_route=%2Fwp%2Fv2%2Fcomments&post=6868"}],"version-history":[{"count":3,"href":"https:\/\/gallican-montbrison.fr\/wp\/index.php?rest_route=\/wp\/v2\/posts\/6868\/revisions"}],"predecessor-version":[{"id":6883,"href":"https:\/\/gallican-montbrison.fr\/wp\/index.php?rest_route=\/wp\/v2\/posts\/6868\/revisions\/6883"}],"wp:attachment":[{"href":"https:\/\/gallican-montbrison.fr\/wp\/index.php?rest_route=%2Fwp%2Fv2%2Fmedia&parent=6868"}],"wp:term":[{"taxonomy":"category","embeddable":true,"href":"https:\/\/gallican-montbrison.fr\/wp\/index.php?rest_route=%2Fwp%2Fv2%2Fcategories&post=6868"},{"taxonomy":"post_tag","embeddable":true,"href":"https:\/\/gallican-montbrison.fr\/wp\/index.php?rest_route=%2Fwp%2Fv2%2Ftags&post=6868"}],"curies":[{"name":"wp","href":"https:\/\/api.w.org\/{rel}","templated":true}]}}