{"id":6954,"date":"2020-05-21T19:00:29","date_gmt":"2020-05-21T17:00:29","guid":{"rendered":"https:\/\/gallican-montbrison.fr\/wp\/?p=6954"},"modified":"2020-05-21T19:08:31","modified_gmt":"2020-05-21T17:08:31","slug":"ascension-2020-toujours-confine","status":"publish","type":"post","link":"https:\/\/gallican-montbrison.fr\/wp\/?p=6954","title":{"rendered":"Ascension 2020 &#8230; toujours confin\u00e9s mais toujours pr\u00e9sents en union de pri\u00e8res avec vous !"},"content":{"rendered":"\n<ul class=\"wp-block-gallery columns-3 is-cropped wp-block-gallery-1 is-layout-flex wp-block-gallery-is-layout-flex\"><li class=\"blocks-gallery-item\"><figure><img loading=\"lazy\" decoding=\"async\" width=\"768\" height=\"1024\" src=\"https:\/\/gallican-montbrison.fr\/wp\/wp-content\/uploads\/2020\/05\/IMG_0-1-768x1024.jpg\" alt=\"\" data-id=\"6956\" data-link=\"https:\/\/gallican-montbrison.fr\/wp\/?attachment_id=6956\" class=\"wp-image-6956\" srcset=\"https:\/\/gallican-montbrison.fr\/wp\/wp-content\/uploads\/2020\/05\/IMG_0-1-768x1024.jpg 768w, https:\/\/gallican-montbrison.fr\/wp\/wp-content\/uploads\/2020\/05\/IMG_0-1-225x300.jpg 225w\" sizes=\"(max-width: 768px) 100vw, 768px\" \/><figcaption>Lecture de l&rsquo;Evangile<\/figcaption><\/figure><\/li><li class=\"blocks-gallery-item\"><figure><img loading=\"lazy\" decoding=\"async\" width=\"768\" height=\"1024\" src=\"https:\/\/gallican-montbrison.fr\/wp\/wp-content\/uploads\/2020\/05\/IMG_1-768x1024.jpg\" alt=\"\" data-id=\"6957\" data-link=\"https:\/\/gallican-montbrison.fr\/wp\/?attachment_id=6957\" class=\"wp-image-6957\" srcset=\"https:\/\/gallican-montbrison.fr\/wp\/wp-content\/uploads\/2020\/05\/IMG_1-768x1024.jpg 768w, https:\/\/gallican-montbrison.fr\/wp\/wp-content\/uploads\/2020\/05\/IMG_1-225x300.jpg 225w\" sizes=\"(max-width: 768px) 100vw, 768px\" \/><figcaption>EXTINCTION du Cierge Pascal apr\u00e8s la lecture l&rsquo;Evangile <\/figcaption><\/figure><\/li><li class=\"blocks-gallery-item\"><figure><img loading=\"lazy\" decoding=\"async\" width=\"768\" height=\"1024\" src=\"https:\/\/gallican-montbrison.fr\/wp\/wp-content\/uploads\/2020\/05\/IMG_2-768x1024.jpg\" alt=\"\" data-id=\"6958\" data-link=\"https:\/\/gallican-montbrison.fr\/wp\/?attachment_id=6958\" class=\"wp-image-6958\" srcset=\"https:\/\/gallican-montbrison.fr\/wp\/wp-content\/uploads\/2020\/05\/IMG_2-768x1024.jpg 768w, https:\/\/gallican-montbrison.fr\/wp\/wp-content\/uploads\/2020\/05\/IMG_2-225x300.jpg 225w\" sizes=\"(max-width: 768px) 100vw, 768px\" \/><figcaption>la fum\u00e9e du Cierge pascal s&rsquo;\u00e9l\u00e8ve comme le Christ s&rsquo;est \u00e9lev\u00e9 dans les Cieux. <\/figcaption><\/figure><\/li><\/ul>\n\n\n\n<p>Toujours confin\u00e9s pour ce moment important de la liturgie chr\u00e9tienne .. peu importe nous avons c\u00e9l\u00e9br\u00e9 la messe de l&rsquo;Ascension de Notre Seigneur J\u00e9sus-Christ tous les deux mais  toutes et tous vous \u00e9tiez pr\u00e9sents en nos coeurs et vos intentions re\u00e7ues par t\u00e9l\u00e9phone ou mail ont \u00e9t\u00e9 port\u00e9es \u00e0 Dieu lors de la c\u00e9l\u00e9bration.<\/p>\n\n\n\n<div class=\"wp-block-image\"><figure class=\"alignleft is-resized\"><img loading=\"lazy\" decoding=\"async\" src=\"https:\/\/gallican-montbrison.fr\/wp\/wp-content\/uploads\/2015\/05\/ascension7.jpg\" alt=\"\" class=\"wp-image-3981\" width=\"255\" height=\"256\" srcset=\"https:\/\/gallican-montbrison.fr\/wp\/wp-content\/uploads\/2015\/05\/ascension7.jpg 351w, https:\/\/gallican-montbrison.fr\/wp\/wp-content\/uploads\/2015\/05\/ascension7-150x150.jpg 150w, https:\/\/gallican-montbrison.fr\/wp\/wp-content\/uploads\/2015\/05\/ascension7-300x300.jpg 300w\" sizes=\"(max-width: 255px) 100vw, 255px\" \/><\/figure><\/div>\n\n\n\n<p><strong>Ep\u00eetre : Actes des Ap\u00f4tres 1, 1-11<\/strong><\/p>\n\n\n\n<p>Dans mon premier livre, j\u2019ai racont\u00e9 \ntout ce que J\u00e9sus a fait et enseign\u00e9 d\u00e8s le d\u00e9but jusqu\u2019au jour o\u00f9 il \nfut enlev\u00e9 au ciel. Avant d\u2019y monter, il donna ses instructions, par la \npuissance du Saint-Esprit, \u00e0 ceux qu\u2019il avait choisis comme ap\u00f4tres. En \neffet, apr\u00e8s sa mort, c\u2019est \u00e0 eux qu\u2019il se montra en leur prouvant de \nbien des mani\u00e8res qu\u2019il \u00e9tait vivant : pendant quarante jours, il leur \napparut et leur parla du Royaume de Dieu. Un jour qu\u2019il prenait un repas\n avec eux, il leur donna cet ordre : \u00ab Ne vous \u00e9loignez pas de \nJ\u00e9rusalem, mais attendez ce que le P\u00e8re a promis, le don que je vous ai \nannonc\u00e9. Car Jean a baptis\u00e9 avec de l\u2019eau, mais vous, dans peu de jours,\n vous serez baptis\u00e9s avec le Saint-Esprit . \u00bb Ceux qui \u00e9taient r\u00e9unis \naupr\u00e8s de J\u00e9sus lui demand\u00e8rent alors : \u00ab Seigneur, est-ce en ce \ntemps-ci que tu r\u00e9tabliras le royaume d\u2019Isra\u00ebl ? \u00bb J\u00e9sus leur r\u00e9pondit :\n \u00ab Il ne vous appartient pas de savoir quand viendront les temps et les \nmoments, car le P\u00e8re les a fix\u00e9s de sa seule autorit\u00e9 . Mais vous \nrecevrez une force quand le Saint-Esprit descendra sur vous. Vous serez \nalors mes t\u00e9moins \u00e0 J\u00e9rusalem, dans toute la Jud\u00e9e et la Samarie, et \njusqu\u2019au bout du monde . \u00bb Apr\u00e8s ces mots, J\u00e9sus s\u2019\u00e9leva vers le ciel \npendant que tous le regardaient ; puis un nuage le cacha \u00e0 leurs yeux. \nIls avaient encore les regards fix\u00e9s vers le ciel o\u00f9 J\u00e9sus s\u2019\u00e9levait, \nquand deux hommes habill\u00e9s en blanc se trouv\u00e8rent tout \u00e0 coup pr\u00e8s d\u2019eux\n et leur dirent : \u00ab Hommes de Galil\u00e9e, pourquoi restez-vous l\u00e0 \u00e0 \nregarder le ciel ? Ce J\u00e9sus, qui vous a \u00e9t\u00e9 enlev\u00e9 pour aller au ciel, \nreviendra de la m\u00eame mani\u00e8re que vous l\u2019avez vu y partir. \u00bb<\/p>\n\n\n\n<p><strong>Evangile selon Saint Marc 16, 14-20<\/strong><\/p>\n\n\n\n<p>Enfin, J\u00e9sus se montra aux onze \ndisciples pendant qu\u2019ils mangeaient ; il leur reprocha de manquer de foi\n et de s\u2019\u00eatre obstin\u00e9s \u00e0 ne pas croire ceux qui l\u2019avaient vu vivant. \nPuis il leur dit : \u00ab Allez dans le monde entier annoncer la Bonne \nNouvelle \u00e0 tous les \u00eatres humains. Celui qui croira et sera baptis\u00e9 sera\n sauv\u00e9 ; mais celui qui ne croira pas sera condamn\u00e9. Et voici \u00e0 quels \nsignes on pourra reconna\u00eetre ceux qui auront cru : ils chasseront des \nesprits mauvais en mon nom ; ils parleront des langues nouvelles ; s\u2019ils\n prennent des serpents dans leurs mains ou boivent du poison, il ne leur\n arrivera aucun mal ; ils poseront les mains sur les malades et ceux-ci \nseront gu\u00e9ris. \u00bb Apr\u00e8s leur avoir ainsi parl\u00e9, le Seigneur J\u00e9sus fut \nenlev\u00e9 au ciel et s\u2019assit \u00e0 la droite de Dieu. Les disciples partirent \npour annoncer partout la Bonne Nouvelle. Le Seigneur les aidait dans ce \ntravail et confirmait la v\u00e9rit\u00e9 de leur pr\u00e9dication par les signes \nmiraculeux qui l\u2019accompagnaient.<\/p>\n","protected":false},"excerpt":{"rendered":"<p>Toujours confin\u00e9s pour ce moment important de la liturgie chr\u00e9tienne .. peu importe nous avons c\u00e9l\u00e9br\u00e9 la messe de l&rsquo;Ascension de Notre Seigneur J\u00e9sus-Christ tous les deux mais toutes et tous vous \u00e9tiez pr\u00e9sents en nos coeurs et vos intentions &hellip; <a href=\"https:\/\/gallican-montbrison.fr\/wp\/?p=6954\">Continuer la lecture <span class=\"meta-nav\">&rarr;<\/span><\/a><\/p>\n","protected":false},"author":3,"featured_media":0,"comment_status":"closed","ping_status":"open","sticky":false,"template":"","format":"standard","meta":{"footnotes":""},"categories":[4,5],"tags":[],"class_list":["post-6954","post","type-post","status-publish","format-standard","hentry","category-homelies","category-vie-de-la-chapelle"],"yoast_head":"<!-- This site is optimized with the Yoast SEO plugin v25.6 - https:\/\/yoast.com\/wordpress\/plugins\/seo\/ -->\n<title>Ascension 2020 ... toujours confin\u00e9s mais toujours pr\u00e9sents en union de pri\u00e8res avec vous ! - Chapelle Saint Michel Archange Montbrison<\/title>\n<meta name=\"robots\" content=\"index, follow, max-snippet:-1, max-image-preview:large, max-video-preview:-1\" \/>\n<link rel=\"canonical\" href=\"https:\/\/gallican-montbrison.fr\/wp\/?p=6954\" \/>\n<meta property=\"og:locale\" content=\"fr_FR\" \/>\n<meta property=\"og:type\" content=\"article\" \/>\n<meta property=\"og:title\" content=\"Ascension 2020 ... toujours confin\u00e9s mais toujours pr\u00e9sents en union de pri\u00e8res avec vous ! - Chapelle Saint Michel Archange Montbrison\" \/>\n<meta property=\"og:description\" content=\"Toujours confin\u00e9s pour ce moment important de la liturgie chr\u00e9tienne .. peu importe nous avons c\u00e9l\u00e9br\u00e9 la messe de l&rsquo;Ascension de Notre Seigneur J\u00e9sus-Christ tous les deux mais toutes et tous vous \u00e9tiez pr\u00e9sents en nos coeurs et vos intentions &hellip; Continuer la lecture &rarr;\" \/>\n<meta property=\"og:url\" content=\"https:\/\/gallican-montbrison.fr\/wp\/?p=6954\" \/>\n<meta property=\"og:site_name\" content=\"Chapelle Saint Michel Archange Montbrison\" \/>\n<meta property=\"article:publisher\" content=\"https:\/\/www.facebook.com\/people\/Eglise-Gallicane-Chapelle-Saint-Michel-Archange\/100064564306693\/\" \/>\n<meta property=\"article:published_time\" content=\"2020-05-21T17:00:29+00:00\" \/>\n<meta property=\"article:modified_time\" content=\"2020-05-21T17:08:31+00:00\" \/>\n<meta property=\"og:image\" content=\"https:\/\/gallican-montbrison.fr\/wp\/wp-content\/uploads\/2020\/05\/IMG_0-1-768x1024.jpg\" \/>\n<meta name=\"author\" content=\"Colette\" \/>\n<meta name=\"twitter:card\" content=\"summary_large_image\" \/>\n<meta name=\"twitter:label1\" content=\"\u00c9crit par\" \/>\n\t<meta name=\"twitter:data1\" content=\"Colette\" \/>\n\t<meta name=\"twitter:label2\" content=\"Dur\u00e9e de lecture estim\u00e9e\" \/>\n\t<meta name=\"twitter:data2\" content=\"3 minutes\" \/>\n<script type=\"application\/ld+json\" class=\"yoast-schema-graph\">{\"@context\":\"https:\/\/schema.org\",\"@graph\":[{\"@type\":\"WebPage\",\"@id\":\"https:\/\/gallican-montbrison.fr\/wp\/?p=6954\",\"url\":\"https:\/\/gallican-montbrison.fr\/wp\/?p=6954\",\"name\":\"Ascension 2020 ... toujours confin\u00e9s mais toujours pr\u00e9sents en union de pri\u00e8res avec vous ! - Chapelle Saint Michel Archange Montbrison\",\"isPartOf\":{\"@id\":\"https:\/\/gallican-montbrison.fr\/wp\/#website\"},\"primaryImageOfPage\":{\"@id\":\"https:\/\/gallican-montbrison.fr\/wp\/?p=6954#primaryimage\"},\"image\":{\"@id\":\"https:\/\/gallican-montbrison.fr\/wp\/?p=6954#primaryimage\"},\"thumbnailUrl\":\"https:\/\/gallican-montbrison.fr\/wp\/wp-content\/uploads\/2020\/05\/IMG_0-1-768x1024.jpg\",\"datePublished\":\"2020-05-21T17:00:29+00:00\",\"dateModified\":\"2020-05-21T17:08:31+00:00\",\"author\":{\"@id\":\"https:\/\/gallican-montbrison.fr\/wp\/#\/schema\/person\/fc5571a40f7c79de2fb1b0cf72c089a4\"},\"breadcrumb\":{\"@id\":\"https:\/\/gallican-montbrison.fr\/wp\/?p=6954#breadcrumb\"},\"inLanguage\":\"fr-FR\",\"potentialAction\":[{\"@type\":\"ReadAction\",\"target\":[\"https:\/\/gallican-montbrison.fr\/wp\/?p=6954\"]}]},{\"@type\":\"ImageObject\",\"inLanguage\":\"fr-FR\",\"@id\":\"https:\/\/gallican-montbrison.fr\/wp\/?p=6954#primaryimage\",\"url\":\"https:\/\/gallican-montbrison.fr\/wp\/wp-content\/uploads\/2020\/05\/IMG_0-1.jpg\",\"contentUrl\":\"https:\/\/gallican-montbrison.fr\/wp\/wp-content\/uploads\/2020\/05\/IMG_0-1.jpg\",\"width\":2976,\"height\":3968,\"caption\":\"dav\"},{\"@type\":\"BreadcrumbList\",\"@id\":\"https:\/\/gallican-montbrison.fr\/wp\/?p=6954#breadcrumb\",\"itemListElement\":[{\"@type\":\"ListItem\",\"position\":1,\"name\":\"Accueil\",\"item\":\"https:\/\/gallican-montbrison.fr\/wp\"},{\"@type\":\"ListItem\",\"position\":2,\"name\":\"Ascension 2020 &#8230; toujours confin\u00e9s mais toujours pr\u00e9sents en union de pri\u00e8res avec vous !\"}]},{\"@type\":\"WebSite\",\"@id\":\"https:\/\/gallican-montbrison.fr\/wp\/#website\",\"url\":\"https:\/\/gallican-montbrison.fr\/wp\/\",\"name\":\"Chapelle Saint Michel Archange Montbrison\",\"description\":\"Eglise Gallicane, Tradition Apostolique de Gazinet\",\"potentialAction\":[{\"@type\":\"SearchAction\",\"target\":{\"@type\":\"EntryPoint\",\"urlTemplate\":\"https:\/\/gallican-montbrison.fr\/wp\/?s={search_term_string}\"},\"query-input\":{\"@type\":\"PropertyValueSpecification\",\"valueRequired\":true,\"valueName\":\"search_term_string\"}}],\"inLanguage\":\"fr-FR\"},{\"@type\":\"Person\",\"@id\":\"https:\/\/gallican-montbrison.fr\/wp\/#\/schema\/person\/fc5571a40f7c79de2fb1b0cf72c089a4\",\"name\":\"Colette\",\"url\":\"https:\/\/gallican-montbrison.fr\/wp\/?author=3\"}]}<\/script>\n<!-- \/ Yoast SEO plugin. -->","yoast_head_json":{"title":"Ascension 2020 ... toujours confin\u00e9s mais toujours pr\u00e9sents en union de pri\u00e8res avec vous ! - Chapelle Saint Michel Archange Montbrison","robots":{"index":"index","follow":"follow","max-snippet":"max-snippet:-1","max-image-preview":"max-image-preview:large","max-video-preview":"max-video-preview:-1"},"canonical":"https:\/\/gallican-montbrison.fr\/wp\/?p=6954","og_locale":"fr_FR","og_type":"article","og_title":"Ascension 2020 ... toujours confin\u00e9s mais toujours pr\u00e9sents en union de pri\u00e8res avec vous ! - Chapelle Saint Michel Archange Montbrison","og_description":"Toujours confin\u00e9s pour ce moment important de la liturgie chr\u00e9tienne .. peu importe nous avons c\u00e9l\u00e9br\u00e9 la messe de l&rsquo;Ascension de Notre Seigneur J\u00e9sus-Christ tous les deux mais toutes et tous vous \u00e9tiez pr\u00e9sents en nos coeurs et vos intentions &hellip; Continuer la lecture &rarr;","og_url":"https:\/\/gallican-montbrison.fr\/wp\/?p=6954","og_site_name":"Chapelle Saint Michel Archange Montbrison","article_publisher":"https:\/\/www.facebook.com\/people\/Eglise-Gallicane-Chapelle-Saint-Michel-Archange\/100064564306693\/","article_published_time":"2020-05-21T17:00:29+00:00","article_modified_time":"2020-05-21T17:08:31+00:00","og_image":[{"url":"https:\/\/gallican-montbrison.fr\/wp\/wp-content\/uploads\/2020\/05\/IMG_0-1-768x1024.jpg","type":"","width":"","height":""}],"author":"Colette","twitter_card":"summary_large_image","twitter_misc":{"\u00c9crit par":"Colette","Dur\u00e9e de lecture estim\u00e9e":"3 minutes"},"schema":{"@context":"https:\/\/schema.org","@graph":[{"@type":"WebPage","@id":"https:\/\/gallican-montbrison.fr\/wp\/?p=6954","url":"https:\/\/gallican-montbrison.fr\/wp\/?p=6954","name":"Ascension 2020 ... toujours confin\u00e9s mais toujours pr\u00e9sents en union de pri\u00e8res avec vous ! - Chapelle Saint Michel Archange Montbrison","isPartOf":{"@id":"https:\/\/gallican-montbrison.fr\/wp\/#website"},"primaryImageOfPage":{"@id":"https:\/\/gallican-montbrison.fr\/wp\/?p=6954#primaryimage"},"image":{"@id":"https:\/\/gallican-montbrison.fr\/wp\/?p=6954#primaryimage"},"thumbnailUrl":"https:\/\/gallican-montbrison.fr\/wp\/wp-content\/uploads\/2020\/05\/IMG_0-1-768x1024.jpg","datePublished":"2020-05-21T17:00:29+00:00","dateModified":"2020-05-21T17:08:31+00:00","author":{"@id":"https:\/\/gallican-montbrison.fr\/wp\/#\/schema\/person\/fc5571a40f7c79de2fb1b0cf72c089a4"},"breadcrumb":{"@id":"https:\/\/gallican-montbrison.fr\/wp\/?p=6954#breadcrumb"},"inLanguage":"fr-FR","potentialAction":[{"@type":"ReadAction","target":["https:\/\/gallican-montbrison.fr\/wp\/?p=6954"]}]},{"@type":"ImageObject","inLanguage":"fr-FR","@id":"https:\/\/gallican-montbrison.fr\/wp\/?p=6954#primaryimage","url":"https:\/\/gallican-montbrison.fr\/wp\/wp-content\/uploads\/2020\/05\/IMG_0-1.jpg","contentUrl":"https:\/\/gallican-montbrison.fr\/wp\/wp-content\/uploads\/2020\/05\/IMG_0-1.jpg","width":2976,"height":3968,"caption":"dav"},{"@type":"BreadcrumbList","@id":"https:\/\/gallican-montbrison.fr\/wp\/?p=6954#breadcrumb","itemListElement":[{"@type":"ListItem","position":1,"name":"Accueil","item":"https:\/\/gallican-montbrison.fr\/wp"},{"@type":"ListItem","position":2,"name":"Ascension 2020 &#8230; toujours confin\u00e9s mais toujours pr\u00e9sents en union de pri\u00e8res avec vous !"}]},{"@type":"WebSite","@id":"https:\/\/gallican-montbrison.fr\/wp\/#website","url":"https:\/\/gallican-montbrison.fr\/wp\/","name":"Chapelle Saint Michel Archange Montbrison","description":"Eglise Gallicane, Tradition Apostolique de Gazinet","potentialAction":[{"@type":"SearchAction","target":{"@type":"EntryPoint","urlTemplate":"https:\/\/gallican-montbrison.fr\/wp\/?s={search_term_string}"},"query-input":{"@type":"PropertyValueSpecification","valueRequired":true,"valueName":"search_term_string"}}],"inLanguage":"fr-FR"},{"@type":"Person","@id":"https:\/\/gallican-montbrison.fr\/wp\/#\/schema\/person\/fc5571a40f7c79de2fb1b0cf72c089a4","name":"Colette","url":"https:\/\/gallican-montbrison.fr\/wp\/?author=3"}]}},"_links":{"self":[{"href":"https:\/\/gallican-montbrison.fr\/wp\/index.php?rest_route=\/wp\/v2\/posts\/6954"}],"collection":[{"href":"https:\/\/gallican-montbrison.fr\/wp\/index.php?rest_route=\/wp\/v2\/posts"}],"about":[{"href":"https:\/\/gallican-montbrison.fr\/wp\/index.php?rest_route=\/wp\/v2\/types\/post"}],"author":[{"embeddable":true,"href":"https:\/\/gallican-montbrison.fr\/wp\/index.php?rest_route=\/wp\/v2\/users\/3"}],"replies":[{"embeddable":true,"href":"https:\/\/gallican-montbrison.fr\/wp\/index.php?rest_route=%2Fwp%2Fv2%2Fcomments&post=6954"}],"version-history":[{"count":5,"href":"https:\/\/gallican-montbrison.fr\/wp\/index.php?rest_route=\/wp\/v2\/posts\/6954\/revisions"}],"predecessor-version":[{"id":6964,"href":"https:\/\/gallican-montbrison.fr\/wp\/index.php?rest_route=\/wp\/v2\/posts\/6954\/revisions\/6964"}],"wp:attachment":[{"href":"https:\/\/gallican-montbrison.fr\/wp\/index.php?rest_route=%2Fwp%2Fv2%2Fmedia&parent=6954"}],"wp:term":[{"taxonomy":"category","embeddable":true,"href":"https:\/\/gallican-montbrison.fr\/wp\/index.php?rest_route=%2Fwp%2Fv2%2Fcategories&post=6954"},{"taxonomy":"post_tag","embeddable":true,"href":"https:\/\/gallican-montbrison.fr\/wp\/index.php?rest_route=%2Fwp%2Fv2%2Ftags&post=6954"}],"curies":[{"name":"wp","href":"https:\/\/api.w.org\/{rel}","templated":true}]}}