{"id":7071,"date":"2020-09-16T22:08:57","date_gmt":"2020-09-16T20:08:57","guid":{"rendered":"https:\/\/gallican-montbrison.fr\/wp\/?p=7071"},"modified":"2020-09-24T09:57:01","modified_gmt":"2020-09-24T07:57:01","slug":"mariage-aurane-et-benjamin-09-2020","status":"publish","type":"post","link":"https:\/\/gallican-montbrison.fr\/wp\/?p=7071","title":{"rendered":"Mariage Aurane et Benjamin (09 2020)"},"content":{"rendered":"\n<p>Samedi sous le soleil mais \u00e0 l&rsquo;ombre de grands arbres pour c\u00e9l\u00e9brer l&rsquo;union de Aurane et Benjamin. Ces jeunes mari\u00e9s avaient choisi un endroit magnifique et avaient convi\u00e9s un petit comit\u00e9 d&rsquo;invit\u00e9s (une cinquantaine tout de m\u00eame)  pour leur mariage. Ils ont choisi de faire durer la f\u00eate du vendredi soir au dimanche afin de profiter de tous et de chaque instant. Tous nos voeux de bonheur \u00e0 ces nouveaux \u00e9poux.<\/p>\n\n\n\n<figure class=\"wp-block-image\"><img loading=\"lazy\" decoding=\"async\" width=\"1024\" height=\"768\" src=\"https:\/\/gallican-montbrison.fr\/wp\/wp-content\/uploads\/2020\/09\/2-Mariage-Aurane-et-Benjamin-12-09-1024x768.jpg\" alt=\"\" class=\"wp-image-7072\" srcset=\"https:\/\/gallican-montbrison.fr\/wp\/wp-content\/uploads\/2020\/09\/2-Mariage-Aurane-et-Benjamin-12-09-1024x768.jpg 1024w, https:\/\/gallican-montbrison.fr\/wp\/wp-content\/uploads\/2020\/09\/2-Mariage-Aurane-et-Benjamin-12-09-300x225.jpg 300w, https:\/\/gallican-montbrison.fr\/wp\/wp-content\/uploads\/2020\/09\/2-Mariage-Aurane-et-Benjamin-12-09-768x576.jpg 768w, https:\/\/gallican-montbrison.fr\/wp\/wp-content\/uploads\/2020\/09\/2-Mariage-Aurane-et-Benjamin-12-09.jpg 2048w\" sizes=\"(max-width: 1024px) 100vw, 1024px\" \/><\/figure>\n\n\n\n<ul class=\"wp-block-gallery columns-2 is-cropped wp-block-gallery-1 is-layout-flex wp-block-gallery-is-layout-flex\"><li class=\"blocks-gallery-item\"><figure><img loading=\"lazy\" decoding=\"async\" width=\"1024\" height=\"768\" src=\"https:\/\/gallican-montbrison.fr\/wp\/wp-content\/uploads\/2020\/09\/1-Mariage-Aurane-et-Benjamin-12-09-1-1024x768.jpg\" alt=\"\" data-id=\"7075\" data-link=\"https:\/\/gallican-montbrison.fr\/wp\/?attachment_id=7075\" class=\"wp-image-7075\" srcset=\"https:\/\/gallican-montbrison.fr\/wp\/wp-content\/uploads\/2020\/09\/1-Mariage-Aurane-et-Benjamin-12-09-1-1024x768.jpg 1024w, https:\/\/gallican-montbrison.fr\/wp\/wp-content\/uploads\/2020\/09\/1-Mariage-Aurane-et-Benjamin-12-09-1-300x225.jpg 300w, https:\/\/gallican-montbrison.fr\/wp\/wp-content\/uploads\/2020\/09\/1-Mariage-Aurane-et-Benjamin-12-09-1-768x576.jpg 768w, https:\/\/gallican-montbrison.fr\/wp\/wp-content\/uploads\/2020\/09\/1-Mariage-Aurane-et-Benjamin-12-09-1.jpg 2048w\" sizes=\"(max-width: 1024px) 100vw, 1024px\" \/><\/figure><\/li><li class=\"blocks-gallery-item\"><figure><img loading=\"lazy\" decoding=\"async\" width=\"768\" height=\"1024\" src=\"https:\/\/gallican-montbrison.fr\/wp\/wp-content\/uploads\/2020\/09\/3-Mariage-Aurane-et-Benjamin-12-09-1-768x1024.jpg\" alt=\"\" data-id=\"7076\" data-link=\"https:\/\/gallican-montbrison.fr\/wp\/?attachment_id=7076\" class=\"wp-image-7076\" srcset=\"https:\/\/gallican-montbrison.fr\/wp\/wp-content\/uploads\/2020\/09\/3-Mariage-Aurane-et-Benjamin-12-09-1-768x1024.jpg 768w, https:\/\/gallican-montbrison.fr\/wp\/wp-content\/uploads\/2020\/09\/3-Mariage-Aurane-et-Benjamin-12-09-1-225x300.jpg 225w, https:\/\/gallican-montbrison.fr\/wp\/wp-content\/uploads\/2020\/09\/3-Mariage-Aurane-et-Benjamin-12-09-1.jpg 1536w\" sizes=\"(max-width: 768px) 100vw, 768px\" \/><\/figure><\/li><\/ul>\n","protected":false},"excerpt":{"rendered":"<p>Samedi sous le soleil mais \u00e0 l&rsquo;ombre de grands arbres pour c\u00e9l\u00e9brer l&rsquo;union de Aurane et Benjamin. Ces jeunes mari\u00e9s avaient choisi un endroit magnifique et avaient convi\u00e9s un petit comit\u00e9 d&rsquo;invit\u00e9s (une cinquantaine tout de m\u00eame) pour leur mariage. &hellip; <a href=\"https:\/\/gallican-montbrison.fr\/wp\/?p=7071\">Continuer la lecture <span class=\"meta-nav\">&rarr;<\/span><\/a><\/p>\n","protected":false},"author":3,"featured_media":0,"comment_status":"closed","ping_status":"open","sticky":false,"template":"","format":"standard","meta":{"footnotes":""},"categories":[249,5],"tags":[],"class_list":["post-7071","post","type-post","status-publish","format-standard","hentry","category-sacrements","category-vie-de-la-chapelle"],"yoast_head":"<!-- This site is optimized with the Yoast SEO plugin v25.6 - https:\/\/yoast.com\/wordpress\/plugins\/seo\/ -->\n<title>Mariage Aurane et Benjamin (09 2020) - Chapelle Saint Michel Archange Montbrison<\/title>\n<meta name=\"robots\" content=\"index, follow, max-snippet:-1, max-image-preview:large, max-video-preview:-1\" \/>\n<link rel=\"canonical\" href=\"https:\/\/gallican-montbrison.fr\/wp\/?p=7071\" \/>\n<meta property=\"og:locale\" content=\"fr_FR\" \/>\n<meta property=\"og:type\" content=\"article\" \/>\n<meta property=\"og:title\" content=\"Mariage Aurane et Benjamin (09 2020) - Chapelle Saint Michel Archange Montbrison\" \/>\n<meta property=\"og:description\" content=\"Samedi sous le soleil mais \u00e0 l&rsquo;ombre de grands arbres pour c\u00e9l\u00e9brer l&rsquo;union de Aurane et Benjamin. Ces jeunes mari\u00e9s avaient choisi un endroit magnifique et avaient convi\u00e9s un petit comit\u00e9 d&rsquo;invit\u00e9s (une cinquantaine tout de m\u00eame) pour leur mariage. &hellip; Continuer la lecture &rarr;\" \/>\n<meta property=\"og:url\" content=\"https:\/\/gallican-montbrison.fr\/wp\/?p=7071\" \/>\n<meta property=\"og:site_name\" content=\"Chapelle Saint Michel Archange Montbrison\" \/>\n<meta property=\"article:publisher\" content=\"https:\/\/www.facebook.com\/people\/Eglise-Gallicane-Chapelle-Saint-Michel-Archange\/100064564306693\/\" \/>\n<meta property=\"article:published_time\" content=\"2020-09-16T20:08:57+00:00\" \/>\n<meta property=\"article:modified_time\" content=\"2020-09-24T07:57:01+00:00\" \/>\n<meta property=\"og:image\" content=\"https:\/\/gallican-montbrison.fr\/wp\/wp-content\/uploads\/2020\/09\/2-Mariage-Aurane-et-Benjamin-12-09-1024x768.jpg\" \/>\n<meta name=\"author\" content=\"Colette\" \/>\n<meta name=\"twitter:card\" content=\"summary_large_image\" \/>\n<meta name=\"twitter:label1\" content=\"\u00c9crit par\" \/>\n\t<meta name=\"twitter:data1\" content=\"Colette\" \/>\n<script type=\"application\/ld+json\" class=\"yoast-schema-graph\">{\"@context\":\"https:\/\/schema.org\",\"@graph\":[{\"@type\":\"WebPage\",\"@id\":\"https:\/\/gallican-montbrison.fr\/wp\/?p=7071\",\"url\":\"https:\/\/gallican-montbrison.fr\/wp\/?p=7071\",\"name\":\"Mariage Aurane et Benjamin (09 2020) - Chapelle Saint Michel Archange Montbrison\",\"isPartOf\":{\"@id\":\"https:\/\/gallican-montbrison.fr\/wp\/#website\"},\"primaryImageOfPage\":{\"@id\":\"https:\/\/gallican-montbrison.fr\/wp\/?p=7071#primaryimage\"},\"image\":{\"@id\":\"https:\/\/gallican-montbrison.fr\/wp\/?p=7071#primaryimage\"},\"thumbnailUrl\":\"https:\/\/gallican-montbrison.fr\/wp\/wp-content\/uploads\/2020\/09\/2-Mariage-Aurane-et-Benjamin-12-09-1024x768.jpg\",\"datePublished\":\"2020-09-16T20:08:57+00:00\",\"dateModified\":\"2020-09-24T07:57:01+00:00\",\"author\":{\"@id\":\"https:\/\/gallican-montbrison.fr\/wp\/#\/schema\/person\/fc5571a40f7c79de2fb1b0cf72c089a4\"},\"breadcrumb\":{\"@id\":\"https:\/\/gallican-montbrison.fr\/wp\/?p=7071#breadcrumb\"},\"inLanguage\":\"fr-FR\",\"potentialAction\":[{\"@type\":\"ReadAction\",\"target\":[\"https:\/\/gallican-montbrison.fr\/wp\/?p=7071\"]}]},{\"@type\":\"ImageObject\",\"inLanguage\":\"fr-FR\",\"@id\":\"https:\/\/gallican-montbrison.fr\/wp\/?p=7071#primaryimage\",\"url\":\"https:\/\/gallican-montbrison.fr\/wp\/wp-content\/uploads\/2020\/09\/2-Mariage-Aurane-et-Benjamin-12-09.jpg\",\"contentUrl\":\"https:\/\/gallican-montbrison.fr\/wp\/wp-content\/uploads\/2020\/09\/2-Mariage-Aurane-et-Benjamin-12-09.jpg\",\"width\":2048,\"height\":1536},{\"@type\":\"BreadcrumbList\",\"@id\":\"https:\/\/gallican-montbrison.fr\/wp\/?p=7071#breadcrumb\",\"itemListElement\":[{\"@type\":\"ListItem\",\"position\":1,\"name\":\"Accueil\",\"item\":\"https:\/\/gallican-montbrison.fr\/wp\"},{\"@type\":\"ListItem\",\"position\":2,\"name\":\"Mariage Aurane et Benjamin (09 2020)\"}]},{\"@type\":\"WebSite\",\"@id\":\"https:\/\/gallican-montbrison.fr\/wp\/#website\",\"url\":\"https:\/\/gallican-montbrison.fr\/wp\/\",\"name\":\"Chapelle Saint Michel Archange Montbrison\",\"description\":\"Eglise Gallicane, Tradition Apostolique de Gazinet\",\"potentialAction\":[{\"@type\":\"SearchAction\",\"target\":{\"@type\":\"EntryPoint\",\"urlTemplate\":\"https:\/\/gallican-montbrison.fr\/wp\/?s={search_term_string}\"},\"query-input\":{\"@type\":\"PropertyValueSpecification\",\"valueRequired\":true,\"valueName\":\"search_term_string\"}}],\"inLanguage\":\"fr-FR\"},{\"@type\":\"Person\",\"@id\":\"https:\/\/gallican-montbrison.fr\/wp\/#\/schema\/person\/fc5571a40f7c79de2fb1b0cf72c089a4\",\"name\":\"Colette\",\"url\":\"https:\/\/gallican-montbrison.fr\/wp\/?author=3\"}]}<\/script>\n<!-- \/ Yoast SEO plugin. -->","yoast_head_json":{"title":"Mariage Aurane et Benjamin (09 2020) - Chapelle Saint Michel Archange Montbrison","robots":{"index":"index","follow":"follow","max-snippet":"max-snippet:-1","max-image-preview":"max-image-preview:large","max-video-preview":"max-video-preview:-1"},"canonical":"https:\/\/gallican-montbrison.fr\/wp\/?p=7071","og_locale":"fr_FR","og_type":"article","og_title":"Mariage Aurane et Benjamin (09 2020) - Chapelle Saint Michel Archange Montbrison","og_description":"Samedi sous le soleil mais \u00e0 l&rsquo;ombre de grands arbres pour c\u00e9l\u00e9brer l&rsquo;union de Aurane et Benjamin. Ces jeunes mari\u00e9s avaient choisi un endroit magnifique et avaient convi\u00e9s un petit comit\u00e9 d&rsquo;invit\u00e9s (une cinquantaine tout de m\u00eame) pour leur mariage. &hellip; Continuer la lecture &rarr;","og_url":"https:\/\/gallican-montbrison.fr\/wp\/?p=7071","og_site_name":"Chapelle Saint Michel Archange Montbrison","article_publisher":"https:\/\/www.facebook.com\/people\/Eglise-Gallicane-Chapelle-Saint-Michel-Archange\/100064564306693\/","article_published_time":"2020-09-16T20:08:57+00:00","article_modified_time":"2020-09-24T07:57:01+00:00","og_image":[{"url":"https:\/\/gallican-montbrison.fr\/wp\/wp-content\/uploads\/2020\/09\/2-Mariage-Aurane-et-Benjamin-12-09-1024x768.jpg","type":"","width":"","height":""}],"author":"Colette","twitter_card":"summary_large_image","twitter_misc":{"\u00c9crit par":"Colette"},"schema":{"@context":"https:\/\/schema.org","@graph":[{"@type":"WebPage","@id":"https:\/\/gallican-montbrison.fr\/wp\/?p=7071","url":"https:\/\/gallican-montbrison.fr\/wp\/?p=7071","name":"Mariage Aurane et Benjamin (09 2020) - Chapelle Saint Michel Archange Montbrison","isPartOf":{"@id":"https:\/\/gallican-montbrison.fr\/wp\/#website"},"primaryImageOfPage":{"@id":"https:\/\/gallican-montbrison.fr\/wp\/?p=7071#primaryimage"},"image":{"@id":"https:\/\/gallican-montbrison.fr\/wp\/?p=7071#primaryimage"},"thumbnailUrl":"https:\/\/gallican-montbrison.fr\/wp\/wp-content\/uploads\/2020\/09\/2-Mariage-Aurane-et-Benjamin-12-09-1024x768.jpg","datePublished":"2020-09-16T20:08:57+00:00","dateModified":"2020-09-24T07:57:01+00:00","author":{"@id":"https:\/\/gallican-montbrison.fr\/wp\/#\/schema\/person\/fc5571a40f7c79de2fb1b0cf72c089a4"},"breadcrumb":{"@id":"https:\/\/gallican-montbrison.fr\/wp\/?p=7071#breadcrumb"},"inLanguage":"fr-FR","potentialAction":[{"@type":"ReadAction","target":["https:\/\/gallican-montbrison.fr\/wp\/?p=7071"]}]},{"@type":"ImageObject","inLanguage":"fr-FR","@id":"https:\/\/gallican-montbrison.fr\/wp\/?p=7071#primaryimage","url":"https:\/\/gallican-montbrison.fr\/wp\/wp-content\/uploads\/2020\/09\/2-Mariage-Aurane-et-Benjamin-12-09.jpg","contentUrl":"https:\/\/gallican-montbrison.fr\/wp\/wp-content\/uploads\/2020\/09\/2-Mariage-Aurane-et-Benjamin-12-09.jpg","width":2048,"height":1536},{"@type":"BreadcrumbList","@id":"https:\/\/gallican-montbrison.fr\/wp\/?p=7071#breadcrumb","itemListElement":[{"@type":"ListItem","position":1,"name":"Accueil","item":"https:\/\/gallican-montbrison.fr\/wp"},{"@type":"ListItem","position":2,"name":"Mariage Aurane et Benjamin (09 2020)"}]},{"@type":"WebSite","@id":"https:\/\/gallican-montbrison.fr\/wp\/#website","url":"https:\/\/gallican-montbrison.fr\/wp\/","name":"Chapelle Saint Michel Archange Montbrison","description":"Eglise Gallicane, Tradition Apostolique de Gazinet","potentialAction":[{"@type":"SearchAction","target":{"@type":"EntryPoint","urlTemplate":"https:\/\/gallican-montbrison.fr\/wp\/?s={search_term_string}"},"query-input":{"@type":"PropertyValueSpecification","valueRequired":true,"valueName":"search_term_string"}}],"inLanguage":"fr-FR"},{"@type":"Person","@id":"https:\/\/gallican-montbrison.fr\/wp\/#\/schema\/person\/fc5571a40f7c79de2fb1b0cf72c089a4","name":"Colette","url":"https:\/\/gallican-montbrison.fr\/wp\/?author=3"}]}},"_links":{"self":[{"href":"https:\/\/gallican-montbrison.fr\/wp\/index.php?rest_route=\/wp\/v2\/posts\/7071"}],"collection":[{"href":"https:\/\/gallican-montbrison.fr\/wp\/index.php?rest_route=\/wp\/v2\/posts"}],"about":[{"href":"https:\/\/gallican-montbrison.fr\/wp\/index.php?rest_route=\/wp\/v2\/types\/post"}],"author":[{"embeddable":true,"href":"https:\/\/gallican-montbrison.fr\/wp\/index.php?rest_route=\/wp\/v2\/users\/3"}],"replies":[{"embeddable":true,"href":"https:\/\/gallican-montbrison.fr\/wp\/index.php?rest_route=%2Fwp%2Fv2%2Fcomments&post=7071"}],"version-history":[{"count":2,"href":"https:\/\/gallican-montbrison.fr\/wp\/index.php?rest_route=\/wp\/v2\/posts\/7071\/revisions"}],"predecessor-version":[{"id":7110,"href":"https:\/\/gallican-montbrison.fr\/wp\/index.php?rest_route=\/wp\/v2\/posts\/7071\/revisions\/7110"}],"wp:attachment":[{"href":"https:\/\/gallican-montbrison.fr\/wp\/index.php?rest_route=%2Fwp%2Fv2%2Fmedia&parent=7071"}],"wp:term":[{"taxonomy":"category","embeddable":true,"href":"https:\/\/gallican-montbrison.fr\/wp\/index.php?rest_route=%2Fwp%2Fv2%2Fcategories&post=7071"},{"taxonomy":"post_tag","embeddable":true,"href":"https:\/\/gallican-montbrison.fr\/wp\/index.php?rest_route=%2Fwp%2Fv2%2Ftags&post=7071"}],"curies":[{"name":"wp","href":"https:\/\/api.w.org\/{rel}","templated":true}]}}