{"id":7124,"date":"2020-09-05T15:25:01","date_gmt":"2020-09-05T13:25:01","guid":{"rendered":"https:\/\/gallican-montbrison.fr\/wp\/?p=7124"},"modified":"2020-09-27T15:27:04","modified_gmt":"2020-09-27T13:27:04","slug":"grandir-en-humanite","status":"publish","type":"post","link":"https:\/\/gallican-montbrison.fr\/wp\/?p=7124","title":{"rendered":"Grandir en humanit\u00e9."},"content":{"rendered":"\n<p>     A \u00e9couter les penseurs de notre temps, il semblerait que notre soci\u00e9t\u00e9 actuelle soit en train de se perdre, que notre humanit\u00e9 se d\u00e9lite dans l&rsquo;individualisme et l\u2019indiff\u00e9rence. Ils nous pr\u00e9sentent cela presque comme une fatalit\u00e9.<br>    On ne nait pas \u00ab\u00a0fraternel\u00a0\u00bb, on le devient par mim\u00e9tisme, par opposition, par amour\u2026<br>    Quelque soit la motivation qui nous conduise, il y a une vraie volont\u00e9 dans le fait d&rsquo;\u00eatre fraternel, cela se construit et s&rsquo;entretient au fil de la vie et des opportunit\u00e9s.<br>     Le \u00ab\u00a0spirituel\u00a0\u00bb peut \u00eatre un levier qui nous guide vers plus d&rsquo;humanit\u00e9. Il est un \u00e9lan de transformation int\u00e9rieure qui permet de faire l&rsquo;exp\u00e9rience de \u00ab\u00a0plus grand que soi\u00a0\u00bb pr\u00e8s de nous, avec nous en chemin\u2026 que certains nomment Dieu, d&rsquo;autres Allah, d&rsquo;autres l&rsquo;\u00catre.<\/p>\n\n\n\n<p>    La jeune soci\u00e9t\u00e9 actuelle manifeste un grand d\u00e9sir de spiritualit\u00e9 et d&rsquo;humanit\u00e9\u2026 mais elle refuse l&rsquo;enfermement. Elle veut se d\u00e9faire du pr\u00eat \u00e0 penser, du \u00ab\u00a0pr\u00eat \u00e0 porter\u00a0\u00bb religieux.. Elle prend ses distances avec ce qui lui est propos\u00e9; elle veut prendre sa destin\u00e9e en mains, destin\u00e9e humaine, destin\u00e9e sociale, destin\u00e9e \u00e9cologique, destin\u00e9e fraternelle. <br>   Elle souhaite une nouvelle humanit\u00e9, libre de penser par elle-m\u00eame, vivante, communicante, o\u00f9 vie sacr\u00e9e et vie quotidienne se retrouvent enfin, se comprennent et se compl\u00e8tent.<br>   Comme l&rsquo;arbre de la for\u00eat s&rsquo;\u00e9carte un peu pour que le plus petit re\u00e7oive de la lumi\u00e8re et puisse grandir .. saurons nous \u00eatre assez \u00ab\u00a0arbres\u00a0\u00bb, saurons nous grandir en humanit\u00e9, pour que chacun ait sa place sur la terre ? il y a urgence !<\/p>\n\n\n\n<p>D\u00e9j\u00e0, il y a plus de 2000 ans, un homme envoy\u00e9 de Dieu nous le demandait : <br>        \u00ab\u00a0Aimez-vous les uns les autres comme je vous ai aim\u00e9s ? \u00a0\u00bb  Jean 13,34<\/p>\n\n\n\n<p>Savons nous l&rsquo;\u00e9couter et l&rsquo;inviter encore dans notre quotidien?<\/p>\n\n\n\n<p>En union de coeur et de pri\u00e8res                            Dame Colette +<\/p>\n","protected":false},"excerpt":{"rendered":"<p>A \u00e9couter les penseurs de notre temps, il semblerait que notre soci\u00e9t\u00e9 actuelle soit en train de se perdre, que notre humanit\u00e9 se d\u00e9lite dans l&rsquo;individualisme et l\u2019indiff\u00e9rence. Ils nous pr\u00e9sentent cela presque comme une fatalit\u00e9. On ne nait pas &hellip; <a href=\"https:\/\/gallican-montbrison.fr\/wp\/?p=7124\">Continuer la lecture <span class=\"meta-nav\">&rarr;<\/span><\/a><\/p>\n","protected":false},"author":3,"featured_media":0,"comment_status":"closed","ping_status":"open","sticky":false,"template":"","format":"standard","meta":{"footnotes":""},"categories":[11],"tags":[],"class_list":["post-7124","post","type-post","status-publish","format-standard","hentry","category-articles-et-conferences"],"yoast_head":"<!-- This site is optimized with the Yoast SEO plugin v25.6 - https:\/\/yoast.com\/wordpress\/plugins\/seo\/ -->\n<title>Grandir en humanit\u00e9. - Chapelle Saint Michel Archange Montbrison<\/title>\n<meta name=\"robots\" content=\"index, follow, max-snippet:-1, max-image-preview:large, max-video-preview:-1\" \/>\n<link rel=\"canonical\" href=\"https:\/\/gallican-montbrison.fr\/wp\/?p=7124\" \/>\n<meta property=\"og:locale\" content=\"fr_FR\" \/>\n<meta property=\"og:type\" content=\"article\" \/>\n<meta property=\"og:title\" content=\"Grandir en humanit\u00e9. - Chapelle Saint Michel Archange Montbrison\" \/>\n<meta property=\"og:description\" content=\"A \u00e9couter les penseurs de notre temps, il semblerait que notre soci\u00e9t\u00e9 actuelle soit en train de se perdre, que notre humanit\u00e9 se d\u00e9lite dans l&rsquo;individualisme et l\u2019indiff\u00e9rence. Ils nous pr\u00e9sentent cela presque comme une fatalit\u00e9. On ne nait pas &hellip; Continuer la lecture &rarr;\" \/>\n<meta property=\"og:url\" content=\"https:\/\/gallican-montbrison.fr\/wp\/?p=7124\" \/>\n<meta property=\"og:site_name\" content=\"Chapelle Saint Michel Archange Montbrison\" \/>\n<meta property=\"article:publisher\" content=\"https:\/\/www.facebook.com\/people\/Eglise-Gallicane-Chapelle-Saint-Michel-Archange\/100064564306693\/\" \/>\n<meta property=\"article:published_time\" content=\"2020-09-05T13:25:01+00:00\" \/>\n<meta property=\"article:modified_time\" content=\"2020-09-27T13:27:04+00:00\" \/>\n<meta name=\"author\" content=\"Colette\" \/>\n<meta name=\"twitter:card\" content=\"summary_large_image\" \/>\n<meta name=\"twitter:label1\" content=\"\u00c9crit par\" \/>\n\t<meta name=\"twitter:data1\" content=\"Colette\" \/>\n\t<meta name=\"twitter:label2\" content=\"Dur\u00e9e de lecture estim\u00e9e\" \/>\n\t<meta name=\"twitter:data2\" content=\"2 minutes\" \/>\n<script type=\"application\/ld+json\" class=\"yoast-schema-graph\">{\"@context\":\"https:\/\/schema.org\",\"@graph\":[{\"@type\":\"WebPage\",\"@id\":\"https:\/\/gallican-montbrison.fr\/wp\/?p=7124\",\"url\":\"https:\/\/gallican-montbrison.fr\/wp\/?p=7124\",\"name\":\"Grandir en humanit\u00e9. - Chapelle Saint Michel Archange Montbrison\",\"isPartOf\":{\"@id\":\"https:\/\/gallican-montbrison.fr\/wp\/#website\"},\"datePublished\":\"2020-09-05T13:25:01+00:00\",\"dateModified\":\"2020-09-27T13:27:04+00:00\",\"author\":{\"@id\":\"https:\/\/gallican-montbrison.fr\/wp\/#\/schema\/person\/fc5571a40f7c79de2fb1b0cf72c089a4\"},\"breadcrumb\":{\"@id\":\"https:\/\/gallican-montbrison.fr\/wp\/?p=7124#breadcrumb\"},\"inLanguage\":\"fr-FR\",\"potentialAction\":[{\"@type\":\"ReadAction\",\"target\":[\"https:\/\/gallican-montbrison.fr\/wp\/?p=7124\"]}]},{\"@type\":\"BreadcrumbList\",\"@id\":\"https:\/\/gallican-montbrison.fr\/wp\/?p=7124#breadcrumb\",\"itemListElement\":[{\"@type\":\"ListItem\",\"position\":1,\"name\":\"Accueil\",\"item\":\"https:\/\/gallican-montbrison.fr\/wp\"},{\"@type\":\"ListItem\",\"position\":2,\"name\":\"Grandir en humanit\u00e9.\"}]},{\"@type\":\"WebSite\",\"@id\":\"https:\/\/gallican-montbrison.fr\/wp\/#website\",\"url\":\"https:\/\/gallican-montbrison.fr\/wp\/\",\"name\":\"Chapelle Saint Michel Archange Montbrison\",\"description\":\"Eglise Gallicane, Tradition Apostolique de Gazinet\",\"potentialAction\":[{\"@type\":\"SearchAction\",\"target\":{\"@type\":\"EntryPoint\",\"urlTemplate\":\"https:\/\/gallican-montbrison.fr\/wp\/?s={search_term_string}\"},\"query-input\":{\"@type\":\"PropertyValueSpecification\",\"valueRequired\":true,\"valueName\":\"search_term_string\"}}],\"inLanguage\":\"fr-FR\"},{\"@type\":\"Person\",\"@id\":\"https:\/\/gallican-montbrison.fr\/wp\/#\/schema\/person\/fc5571a40f7c79de2fb1b0cf72c089a4\",\"name\":\"Colette\",\"url\":\"https:\/\/gallican-montbrison.fr\/wp\/?author=3\"}]}<\/script>\n<!-- \/ Yoast SEO plugin. -->","yoast_head_json":{"title":"Grandir en humanit\u00e9. - Chapelle Saint Michel Archange Montbrison","robots":{"index":"index","follow":"follow","max-snippet":"max-snippet:-1","max-image-preview":"max-image-preview:large","max-video-preview":"max-video-preview:-1"},"canonical":"https:\/\/gallican-montbrison.fr\/wp\/?p=7124","og_locale":"fr_FR","og_type":"article","og_title":"Grandir en humanit\u00e9. - Chapelle Saint Michel Archange Montbrison","og_description":"A \u00e9couter les penseurs de notre temps, il semblerait que notre soci\u00e9t\u00e9 actuelle soit en train de se perdre, que notre humanit\u00e9 se d\u00e9lite dans l&rsquo;individualisme et l\u2019indiff\u00e9rence. Ils nous pr\u00e9sentent cela presque comme une fatalit\u00e9. On ne nait pas &hellip; Continuer la lecture &rarr;","og_url":"https:\/\/gallican-montbrison.fr\/wp\/?p=7124","og_site_name":"Chapelle Saint Michel Archange Montbrison","article_publisher":"https:\/\/www.facebook.com\/people\/Eglise-Gallicane-Chapelle-Saint-Michel-Archange\/100064564306693\/","article_published_time":"2020-09-05T13:25:01+00:00","article_modified_time":"2020-09-27T13:27:04+00:00","author":"Colette","twitter_card":"summary_large_image","twitter_misc":{"\u00c9crit par":"Colette","Dur\u00e9e de lecture estim\u00e9e":"2 minutes"},"schema":{"@context":"https:\/\/schema.org","@graph":[{"@type":"WebPage","@id":"https:\/\/gallican-montbrison.fr\/wp\/?p=7124","url":"https:\/\/gallican-montbrison.fr\/wp\/?p=7124","name":"Grandir en humanit\u00e9. - Chapelle Saint Michel Archange Montbrison","isPartOf":{"@id":"https:\/\/gallican-montbrison.fr\/wp\/#website"},"datePublished":"2020-09-05T13:25:01+00:00","dateModified":"2020-09-27T13:27:04+00:00","author":{"@id":"https:\/\/gallican-montbrison.fr\/wp\/#\/schema\/person\/fc5571a40f7c79de2fb1b0cf72c089a4"},"breadcrumb":{"@id":"https:\/\/gallican-montbrison.fr\/wp\/?p=7124#breadcrumb"},"inLanguage":"fr-FR","potentialAction":[{"@type":"ReadAction","target":["https:\/\/gallican-montbrison.fr\/wp\/?p=7124"]}]},{"@type":"BreadcrumbList","@id":"https:\/\/gallican-montbrison.fr\/wp\/?p=7124#breadcrumb","itemListElement":[{"@type":"ListItem","position":1,"name":"Accueil","item":"https:\/\/gallican-montbrison.fr\/wp"},{"@type":"ListItem","position":2,"name":"Grandir en humanit\u00e9."}]},{"@type":"WebSite","@id":"https:\/\/gallican-montbrison.fr\/wp\/#website","url":"https:\/\/gallican-montbrison.fr\/wp\/","name":"Chapelle Saint Michel Archange Montbrison","description":"Eglise Gallicane, Tradition Apostolique de Gazinet","potentialAction":[{"@type":"SearchAction","target":{"@type":"EntryPoint","urlTemplate":"https:\/\/gallican-montbrison.fr\/wp\/?s={search_term_string}"},"query-input":{"@type":"PropertyValueSpecification","valueRequired":true,"valueName":"search_term_string"}}],"inLanguage":"fr-FR"},{"@type":"Person","@id":"https:\/\/gallican-montbrison.fr\/wp\/#\/schema\/person\/fc5571a40f7c79de2fb1b0cf72c089a4","name":"Colette","url":"https:\/\/gallican-montbrison.fr\/wp\/?author=3"}]}},"_links":{"self":[{"href":"https:\/\/gallican-montbrison.fr\/wp\/index.php?rest_route=\/wp\/v2\/posts\/7124"}],"collection":[{"href":"https:\/\/gallican-montbrison.fr\/wp\/index.php?rest_route=\/wp\/v2\/posts"}],"about":[{"href":"https:\/\/gallican-montbrison.fr\/wp\/index.php?rest_route=\/wp\/v2\/types\/post"}],"author":[{"embeddable":true,"href":"https:\/\/gallican-montbrison.fr\/wp\/index.php?rest_route=\/wp\/v2\/users\/3"}],"replies":[{"embeddable":true,"href":"https:\/\/gallican-montbrison.fr\/wp\/index.php?rest_route=%2Fwp%2Fv2%2Fcomments&post=7124"}],"version-history":[{"count":1,"href":"https:\/\/gallican-montbrison.fr\/wp\/index.php?rest_route=\/wp\/v2\/posts\/7124\/revisions"}],"predecessor-version":[{"id":7126,"href":"https:\/\/gallican-montbrison.fr\/wp\/index.php?rest_route=\/wp\/v2\/posts\/7124\/revisions\/7126"}],"wp:attachment":[{"href":"https:\/\/gallican-montbrison.fr\/wp\/index.php?rest_route=%2Fwp%2Fv2%2Fmedia&parent=7124"}],"wp:term":[{"taxonomy":"category","embeddable":true,"href":"https:\/\/gallican-montbrison.fr\/wp\/index.php?rest_route=%2Fwp%2Fv2%2Fcategories&post=7124"},{"taxonomy":"post_tag","embeddable":true,"href":"https:\/\/gallican-montbrison.fr\/wp\/index.php?rest_route=%2Fwp%2Fv2%2Ftags&post=7124"}],"curies":[{"name":"wp","href":"https:\/\/api.w.org\/{rel}","templated":true}]}}