{"id":7129,"date":"2020-10-05T16:03:40","date_gmt":"2020-10-05T14:03:40","guid":{"rendered":"https:\/\/gallican-montbrison.fr\/wp\/?p=7129"},"modified":"2020-10-05T16:11:25","modified_gmt":"2020-10-05T14:11:25","slug":"la-confiance","status":"publish","type":"post","link":"https:\/\/gallican-montbrison.fr\/wp\/?p=7129","title":{"rendered":"Confiance ! &#8230; prendre son \u00ab\u00a0grabat\u00a0\u00bb et avancer avec le Seigneur"},"content":{"rendered":"\n<figure class=\"wp-block-audio\"><audio controls src=\"https:\/\/gallican-montbrison.fr\/wp\/wp-content\/uploads\/2020\/10\/16-Homelie-18e-dim-ap-Penteco\u0302te-2020.mp3\"><\/audio><figcaption>Hom\u00e9lie 18e Dimanche apr\u00e8s Pentec\u00f4te 2020<\/figcaption><\/figure>\n\n\n\n<div class=\"wp-block-image\"><figure class=\"alignleft is-resized\"><img loading=\"lazy\" decoding=\"async\" src=\"https:\/\/gallican-montbrison.fr\/wp\/wp-content\/uploads\/2017\/10\/conversion-de-saint-Paul.jpg\" alt=\"\" class=\"wp-image-5408\" width=\"210\" height=\"194\" srcset=\"https:\/\/gallican-montbrison.fr\/wp\/wp-content\/uploads\/2017\/10\/conversion-de-saint-Paul.jpg 500w, https:\/\/gallican-montbrison.fr\/wp\/wp-content\/uploads\/2017\/10\/conversion-de-saint-Paul-300x277.jpg 300w\" sizes=\"(max-width: 210px) 100vw, 210px\" \/><\/figure><\/div>\n\n\n\n<p>La messe du 18eme dimanche apr\u00e8s la Pentec\u00f4te oriente nos pens\u00e9es et nos pri\u00e8res vers le ciel. Elle nous conduit un peu plus vers la \u00ab\u00a0Maison du Seigneur\u00a0\u00bb (Introduction de la messe). J\u00e9sus parle du \u00ab\u00a0Royaume\u00a0\u00bb ou de la \u00ab\u00a0Royaut\u00e9\u00a0\u00bb qui est proche. <br>\nC&rsquo;est cette annonce que l&rsquo;on nomme \u00ab\u00a0Bonne Nouvelle\u00a0\u00bb. <br>\nLa liturgie de ce jour nous dit \u00ab\u00a0L&rsquo;autel de Dieu\u00a0\u00bb (celui qui remplit mon \u00e2me d&rsquo;une joie et d&rsquo;une force toujours nouvelles). <\/p>\n\n\n\n<p>Enfin l&rsquo;enseignement gallican dirait \u00ab\u00a0la Pr\u00e9sence\u00a0\u00bb c&rsquo;est \u00e0 dire l&rsquo;exp\u00e9rience intime d&rsquo;une proximit\u00e9 avec Dieu (P\u00e8re, Fils et Esprit).                                                                                 Toutes ces expressions se rejoignent vers la r\u00e9alit\u00e9 spirituelle exprim\u00e9e en ce Dimanche. Chacune d\u00e9voile une parcelle de cette \u00e9l\u00e9vation spirituelle qui est chemin de tout chr\u00e9tien en sa vie.<\/p>\n\n\n\n<p><strong>Epitre St Paul aux Corinthiens: 1 Cor 1, 4-8<\/strong><\/p>\n\n\n\n<p>Je remercie sans cesse mon Dieu \u00e0 votre  sujet pour la gr\u00e2ce qu\u2019il vous a accord\u00e9e par J\u00e9sus-Christ. En effet,  dans l\u2019union avec le Christ, vous avez \u00e9t\u00e9 enrichis de tous les dons, en  particulier tous ceux de la parole et de la connaissance. Le t\u00e9moignage  rendu au Christ a \u00e9t\u00e9 si fermement \u00e9tabli parmi vous, qu\u2019il ne vous  manque aucun don de Dieu, \u00e0 vous qui attendez le moment o\u00f9 notre  Seigneur J\u00e9sus-Christ appara\u00eetra. C\u2019est lui qui vous maintiendra fermes  jusqu\u2019au bout pour qu\u2019on ne puisse vous accuser d\u2019aucune faute au jour  de sa venue.<\/p>\n\n\n\n<p><strong>Evangile St Mathieu 9, 1-8<\/strong><\/p>\n\n\n\n<p> J\u00e9sus monta dans la barque, refit la \ntravers\u00e9e du lac et se rendit dans sa ville. Quelques personnes lui \namen\u00e8rent un paralys\u00e9 couch\u00e9 sur une civi\u00e8re. Quand J\u00e9sus vit leur foi, \nil dit au paralys\u00e9&nbsp;: \u00ab&nbsp;Courage, mon fils&nbsp;! Tes p\u00e9ch\u00e9s sont pardonn\u00e9s&nbsp;!&nbsp;\u00bb\n Alors quelques ma\u00eetres de la loi se dirent en eux-m\u00eames&nbsp;: \u00ab&nbsp;Cet homme \nfait insulte \u00e0 Dieu !&nbsp;\u00bb J\u00e9sus discerna ce qu\u2019ils pensaient et dit&nbsp;: \n\u00ab&nbsp;Pourquoi avez-vous ces mauvaises pens\u00e9es&nbsp;? Est-il plus facile de \ndire&nbsp;: \u00abTes p\u00e9ch\u00e9s sont pardonn\u00e9s\u00bb, ou de dire&nbsp;: \u00abL\u00e8ve-toi et marche\u00bb&nbsp;? \nMais je veux que vous le sachiez&nbsp;: le Fils de l\u2019homme a le pouvoir sur \nla terre de pardonner les p\u00e9ch\u00e9s.&nbsp;\u00bb Il dit alors au paralys\u00e9&nbsp;: \n\u00ab&nbsp;L\u00e8ve-toi, prends ta civi\u00e8re et rentre chez toi&nbsp;!&nbsp;\u00bb L\u2019homme se leva et \ns\u2019en alla chez lui. Quand la foule vit cela, elle fut remplie de crainte\n et loua Dieu d\u2019avoir donn\u00e9 un tel pouvoir aux hommes.<\/p>\n","protected":false},"excerpt":{"rendered":"<p>La messe du 18eme dimanche apr\u00e8s la Pentec\u00f4te oriente nos pens\u00e9es et nos pri\u00e8res vers le ciel. Elle nous conduit un peu plus vers la \u00ab\u00a0Maison du Seigneur\u00a0\u00bb (Introduction de la messe). J\u00e9sus parle du \u00ab\u00a0Royaume\u00a0\u00bb ou de la \u00ab\u00a0Royaut\u00e9\u00a0\u00bb &hellip; <a href=\"https:\/\/gallican-montbrison.fr\/wp\/?p=7129\">Continuer la lecture <span class=\"meta-nav\">&rarr;<\/span><\/a><\/p>\n","protected":false},"author":3,"featured_media":0,"comment_status":"closed","ping_status":"open","sticky":false,"template":"","format":"standard","meta":{"footnotes":""},"categories":[4,5],"tags":[],"class_list":["post-7129","post","type-post","status-publish","format-standard","hentry","category-homelies","category-vie-de-la-chapelle"],"yoast_head":"<!-- This site is optimized with the Yoast SEO plugin v25.6 - https:\/\/yoast.com\/wordpress\/plugins\/seo\/ -->\n<title>Confiance ! ... prendre son &quot;grabat&quot; et avancer avec le Seigneur - Chapelle Saint Michel Archange Montbrison<\/title>\n<meta name=\"robots\" content=\"index, follow, max-snippet:-1, max-image-preview:large, max-video-preview:-1\" \/>\n<link rel=\"canonical\" href=\"https:\/\/gallican-montbrison.fr\/wp\/?p=7129\" \/>\n<meta property=\"og:locale\" content=\"fr_FR\" \/>\n<meta property=\"og:type\" content=\"article\" \/>\n<meta property=\"og:title\" content=\"Confiance ! ... prendre son &quot;grabat&quot; et avancer avec le Seigneur - Chapelle Saint Michel Archange Montbrison\" \/>\n<meta property=\"og:description\" content=\"La messe du 18eme dimanche apr\u00e8s la Pentec\u00f4te oriente nos pens\u00e9es et nos pri\u00e8res vers le ciel. Elle nous conduit un peu plus vers la \u00ab\u00a0Maison du Seigneur\u00a0\u00bb (Introduction de la messe). J\u00e9sus parle du \u00ab\u00a0Royaume\u00a0\u00bb ou de la \u00ab\u00a0Royaut\u00e9\u00a0\u00bb &hellip; Continuer la lecture &rarr;\" \/>\n<meta property=\"og:url\" content=\"https:\/\/gallican-montbrison.fr\/wp\/?p=7129\" \/>\n<meta property=\"og:site_name\" content=\"Chapelle Saint Michel Archange Montbrison\" \/>\n<meta property=\"article:publisher\" content=\"https:\/\/www.facebook.com\/people\/Eglise-Gallicane-Chapelle-Saint-Michel-Archange\/100064564306693\/\" \/>\n<meta property=\"article:published_time\" content=\"2020-10-05T14:03:40+00:00\" \/>\n<meta property=\"article:modified_time\" content=\"2020-10-05T14:11:25+00:00\" \/>\n<meta property=\"og:image\" content=\"https:\/\/gallican-montbrison.fr\/wp\/wp-content\/uploads\/2017\/10\/conversion-de-saint-Paul.jpg\" \/>\n<meta name=\"author\" content=\"Colette\" \/>\n<meta name=\"twitter:card\" content=\"summary_large_image\" \/>\n<meta name=\"twitter:label1\" content=\"\u00c9crit par\" \/>\n\t<meta name=\"twitter:data1\" content=\"Colette\" \/>\n\t<meta name=\"twitter:label2\" content=\"Dur\u00e9e de lecture estim\u00e9e\" \/>\n\t<meta name=\"twitter:data2\" content=\"2 minutes\" \/>\n<script type=\"application\/ld+json\" class=\"yoast-schema-graph\">{\"@context\":\"https:\/\/schema.org\",\"@graph\":[{\"@type\":\"WebPage\",\"@id\":\"https:\/\/gallican-montbrison.fr\/wp\/?p=7129\",\"url\":\"https:\/\/gallican-montbrison.fr\/wp\/?p=7129\",\"name\":\"Confiance ! ... prendre son \\\"grabat\\\" et avancer avec le Seigneur - Chapelle Saint Michel Archange Montbrison\",\"isPartOf\":{\"@id\":\"https:\/\/gallican-montbrison.fr\/wp\/#website\"},\"primaryImageOfPage\":{\"@id\":\"https:\/\/gallican-montbrison.fr\/wp\/?p=7129#primaryimage\"},\"image\":{\"@id\":\"https:\/\/gallican-montbrison.fr\/wp\/?p=7129#primaryimage\"},\"thumbnailUrl\":\"https:\/\/gallican-montbrison.fr\/wp\/wp-content\/uploads\/2017\/10\/conversion-de-saint-Paul.jpg\",\"datePublished\":\"2020-10-05T14:03:40+00:00\",\"dateModified\":\"2020-10-05T14:11:25+00:00\",\"author\":{\"@id\":\"https:\/\/gallican-montbrison.fr\/wp\/#\/schema\/person\/fc5571a40f7c79de2fb1b0cf72c089a4\"},\"breadcrumb\":{\"@id\":\"https:\/\/gallican-montbrison.fr\/wp\/?p=7129#breadcrumb\"},\"inLanguage\":\"fr-FR\",\"potentialAction\":[{\"@type\":\"ReadAction\",\"target\":[\"https:\/\/gallican-montbrison.fr\/wp\/?p=7129\"]}]},{\"@type\":\"ImageObject\",\"inLanguage\":\"fr-FR\",\"@id\":\"https:\/\/gallican-montbrison.fr\/wp\/?p=7129#primaryimage\",\"url\":\"https:\/\/gallican-montbrison.fr\/wp\/wp-content\/uploads\/2017\/10\/conversion-de-saint-Paul.jpg\",\"contentUrl\":\"https:\/\/gallican-montbrison.fr\/wp\/wp-content\/uploads\/2017\/10\/conversion-de-saint-Paul.jpg\",\"width\":500,\"height\":462},{\"@type\":\"BreadcrumbList\",\"@id\":\"https:\/\/gallican-montbrison.fr\/wp\/?p=7129#breadcrumb\",\"itemListElement\":[{\"@type\":\"ListItem\",\"position\":1,\"name\":\"Accueil\",\"item\":\"https:\/\/gallican-montbrison.fr\/wp\"},{\"@type\":\"ListItem\",\"position\":2,\"name\":\"Confiance ! &#8230; prendre son \u00ab\u00a0grabat\u00a0\u00bb et avancer avec le Seigneur\"}]},{\"@type\":\"WebSite\",\"@id\":\"https:\/\/gallican-montbrison.fr\/wp\/#website\",\"url\":\"https:\/\/gallican-montbrison.fr\/wp\/\",\"name\":\"Chapelle Saint Michel Archange Montbrison\",\"description\":\"Eglise Gallicane, Tradition Apostolique de Gazinet\",\"potentialAction\":[{\"@type\":\"SearchAction\",\"target\":{\"@type\":\"EntryPoint\",\"urlTemplate\":\"https:\/\/gallican-montbrison.fr\/wp\/?s={search_term_string}\"},\"query-input\":{\"@type\":\"PropertyValueSpecification\",\"valueRequired\":true,\"valueName\":\"search_term_string\"}}],\"inLanguage\":\"fr-FR\"},{\"@type\":\"Person\",\"@id\":\"https:\/\/gallican-montbrison.fr\/wp\/#\/schema\/person\/fc5571a40f7c79de2fb1b0cf72c089a4\",\"name\":\"Colette\",\"url\":\"https:\/\/gallican-montbrison.fr\/wp\/?author=3\"}]}<\/script>\n<!-- \/ Yoast SEO plugin. -->","yoast_head_json":{"title":"Confiance ! ... prendre son \"grabat\" et avancer avec le Seigneur - Chapelle Saint Michel Archange Montbrison","robots":{"index":"index","follow":"follow","max-snippet":"max-snippet:-1","max-image-preview":"max-image-preview:large","max-video-preview":"max-video-preview:-1"},"canonical":"https:\/\/gallican-montbrison.fr\/wp\/?p=7129","og_locale":"fr_FR","og_type":"article","og_title":"Confiance ! ... prendre son \"grabat\" et avancer avec le Seigneur - Chapelle Saint Michel Archange Montbrison","og_description":"La messe du 18eme dimanche apr\u00e8s la Pentec\u00f4te oriente nos pens\u00e9es et nos pri\u00e8res vers le ciel. Elle nous conduit un peu plus vers la \u00ab\u00a0Maison du Seigneur\u00a0\u00bb (Introduction de la messe). J\u00e9sus parle du \u00ab\u00a0Royaume\u00a0\u00bb ou de la \u00ab\u00a0Royaut\u00e9\u00a0\u00bb &hellip; Continuer la lecture &rarr;","og_url":"https:\/\/gallican-montbrison.fr\/wp\/?p=7129","og_site_name":"Chapelle Saint Michel Archange Montbrison","article_publisher":"https:\/\/www.facebook.com\/people\/Eglise-Gallicane-Chapelle-Saint-Michel-Archange\/100064564306693\/","article_published_time":"2020-10-05T14:03:40+00:00","article_modified_time":"2020-10-05T14:11:25+00:00","og_image":[{"url":"https:\/\/gallican-montbrison.fr\/wp\/wp-content\/uploads\/2017\/10\/conversion-de-saint-Paul.jpg","type":"","width":"","height":""}],"author":"Colette","twitter_card":"summary_large_image","twitter_misc":{"\u00c9crit par":"Colette","Dur\u00e9e de lecture estim\u00e9e":"2 minutes"},"schema":{"@context":"https:\/\/schema.org","@graph":[{"@type":"WebPage","@id":"https:\/\/gallican-montbrison.fr\/wp\/?p=7129","url":"https:\/\/gallican-montbrison.fr\/wp\/?p=7129","name":"Confiance ! ... prendre son \"grabat\" et avancer avec le Seigneur - Chapelle Saint Michel Archange Montbrison","isPartOf":{"@id":"https:\/\/gallican-montbrison.fr\/wp\/#website"},"primaryImageOfPage":{"@id":"https:\/\/gallican-montbrison.fr\/wp\/?p=7129#primaryimage"},"image":{"@id":"https:\/\/gallican-montbrison.fr\/wp\/?p=7129#primaryimage"},"thumbnailUrl":"https:\/\/gallican-montbrison.fr\/wp\/wp-content\/uploads\/2017\/10\/conversion-de-saint-Paul.jpg","datePublished":"2020-10-05T14:03:40+00:00","dateModified":"2020-10-05T14:11:25+00:00","author":{"@id":"https:\/\/gallican-montbrison.fr\/wp\/#\/schema\/person\/fc5571a40f7c79de2fb1b0cf72c089a4"},"breadcrumb":{"@id":"https:\/\/gallican-montbrison.fr\/wp\/?p=7129#breadcrumb"},"inLanguage":"fr-FR","potentialAction":[{"@type":"ReadAction","target":["https:\/\/gallican-montbrison.fr\/wp\/?p=7129"]}]},{"@type":"ImageObject","inLanguage":"fr-FR","@id":"https:\/\/gallican-montbrison.fr\/wp\/?p=7129#primaryimage","url":"https:\/\/gallican-montbrison.fr\/wp\/wp-content\/uploads\/2017\/10\/conversion-de-saint-Paul.jpg","contentUrl":"https:\/\/gallican-montbrison.fr\/wp\/wp-content\/uploads\/2017\/10\/conversion-de-saint-Paul.jpg","width":500,"height":462},{"@type":"BreadcrumbList","@id":"https:\/\/gallican-montbrison.fr\/wp\/?p=7129#breadcrumb","itemListElement":[{"@type":"ListItem","position":1,"name":"Accueil","item":"https:\/\/gallican-montbrison.fr\/wp"},{"@type":"ListItem","position":2,"name":"Confiance ! &#8230; prendre son \u00ab\u00a0grabat\u00a0\u00bb et avancer avec le Seigneur"}]},{"@type":"WebSite","@id":"https:\/\/gallican-montbrison.fr\/wp\/#website","url":"https:\/\/gallican-montbrison.fr\/wp\/","name":"Chapelle Saint Michel Archange Montbrison","description":"Eglise Gallicane, Tradition Apostolique de Gazinet","potentialAction":[{"@type":"SearchAction","target":{"@type":"EntryPoint","urlTemplate":"https:\/\/gallican-montbrison.fr\/wp\/?s={search_term_string}"},"query-input":{"@type":"PropertyValueSpecification","valueRequired":true,"valueName":"search_term_string"}}],"inLanguage":"fr-FR"},{"@type":"Person","@id":"https:\/\/gallican-montbrison.fr\/wp\/#\/schema\/person\/fc5571a40f7c79de2fb1b0cf72c089a4","name":"Colette","url":"https:\/\/gallican-montbrison.fr\/wp\/?author=3"}]}},"_links":{"self":[{"href":"https:\/\/gallican-montbrison.fr\/wp\/index.php?rest_route=\/wp\/v2\/posts\/7129"}],"collection":[{"href":"https:\/\/gallican-montbrison.fr\/wp\/index.php?rest_route=\/wp\/v2\/posts"}],"about":[{"href":"https:\/\/gallican-montbrison.fr\/wp\/index.php?rest_route=\/wp\/v2\/types\/post"}],"author":[{"embeddable":true,"href":"https:\/\/gallican-montbrison.fr\/wp\/index.php?rest_route=\/wp\/v2\/users\/3"}],"replies":[{"embeddable":true,"href":"https:\/\/gallican-montbrison.fr\/wp\/index.php?rest_route=%2Fwp%2Fv2%2Fcomments&post=7129"}],"version-history":[{"count":4,"href":"https:\/\/gallican-montbrison.fr\/wp\/index.php?rest_route=\/wp\/v2\/posts\/7129\/revisions"}],"predecessor-version":[{"id":7134,"href":"https:\/\/gallican-montbrison.fr\/wp\/index.php?rest_route=\/wp\/v2\/posts\/7129\/revisions\/7134"}],"wp:attachment":[{"href":"https:\/\/gallican-montbrison.fr\/wp\/index.php?rest_route=%2Fwp%2Fv2%2Fmedia&parent=7129"}],"wp:term":[{"taxonomy":"category","embeddable":true,"href":"https:\/\/gallican-montbrison.fr\/wp\/index.php?rest_route=%2Fwp%2Fv2%2Fcategories&post=7129"},{"taxonomy":"post_tag","embeddable":true,"href":"https:\/\/gallican-montbrison.fr\/wp\/index.php?rest_route=%2Fwp%2Fv2%2Ftags&post=7129"}],"curies":[{"name":"wp","href":"https:\/\/api.w.org\/{rel}","templated":true}]}}