{"id":7288,"date":"2020-12-15T18:10:34","date_gmt":"2020-12-15T17:10:34","guid":{"rendered":"https:\/\/gallican-montbrison.fr\/wp\/?p=7288"},"modified":"2021-01-10T17:17:40","modified_gmt":"2021-01-10T16:17:40","slug":"noel-2020","status":"publish","type":"post","link":"https:\/\/gallican-montbrison.fr\/wp\/?p=7288","title":{"rendered":"NO\u00cbL 2020"},"content":{"rendered":"\n<p style=\"color:#0a0003;text-align:center\" class=\"has-text-color\">MESSE DE NO\u00cbL JEUDI 24 DECEMBRE \u00e0 18H30  <\/p>\n\n\n\n<div class=\"wp-block-image\"><figure class=\"aligncenter is-resized\"><img loading=\"lazy\" decoding=\"async\" src=\"https:\/\/gallican-montbrison.fr\/wp\/wp-content\/uploads\/2020\/12\/Marie.jpeg\" alt=\"\" class=\"wp-image-7289\" width=\"174\" height=\"211\" srcset=\"https:\/\/gallican-montbrison.fr\/wp\/wp-content\/uploads\/2020\/12\/Marie.jpeg 782w, https:\/\/gallican-montbrison.fr\/wp\/wp-content\/uploads\/2020\/12\/Marie-247x300.jpeg 247w, https:\/\/gallican-montbrison.fr\/wp\/wp-content\/uploads\/2020\/12\/Marie-768x933.jpeg 768w\" sizes=\"(max-width: 174px) 100vw, 174px\" \/><\/figure><\/div>\n\n\n\n<p>Le verbe s\u2019est fait chair et il a habit\u00e9 parmi nous&nbsp;(St Jean 1,14)<\/p>\n\n\n\n<p>Encore un peu de temps, de patience, d\u2019attention, de s\u00e9paration, de confinement, de gestes barri\u00e8re \u2026mais malgr\u00e9 cela, bient\u00f4t, les Chr\u00e9tiens du monde entier vont c\u00e9l\u00e9brer la naissance de J\u00e9sus, Fils de Dieu. Ensemble pour certains, s\u00e9par\u00e9ment pour d\u2019autres, mais quoi qu\u2019il en soit, dans nos pri\u00e8res, dans nos chants et dans nos coeurs, r\u00e9jouissons nous de cette Pr\u00e9sence \u00e0 nos c\u00f4t\u00e9s, r\u00e9jouissons nous de cette Lumi\u00e8re qui anime nos vies, les fortifie et les apaise.<\/p>\n\n\n\n<p>C\u2019est la gr\u00e2ce que je nous souhaite \u00e0 toutes et tous en ces jours de la Nativit\u00e9 qui approche<\/p>\n\n\n\n<p>Bonnes et Saintes f\u00eates de No\u00ebl<br>P\u00e8re Robert&nbsp;et Dame Colette<br><\/p>\n","protected":false},"excerpt":{"rendered":"<p>MESSE DE NO\u00cbL JEUDI 24 DECEMBRE \u00e0 18H30 Le verbe s\u2019est fait chair et il a habit\u00e9 parmi nous&nbsp;(St Jean 1,14) Encore un peu de temps, de patience, d\u2019attention, de s\u00e9paration, de confinement, de gestes barri\u00e8re \u2026mais malgr\u00e9 cela, bient\u00f4t, &hellip; <a href=\"https:\/\/gallican-montbrison.fr\/wp\/?p=7288\">Continuer la lecture <span class=\"meta-nav\">&rarr;<\/span><\/a><\/p>\n","protected":false},"author":3,"featured_media":0,"comment_status":"closed","ping_status":"open","sticky":false,"template":"","format":"standard","meta":{"footnotes":""},"categories":[5],"tags":[],"class_list":["post-7288","post","type-post","status-publish","format-standard","hentry","category-vie-de-la-chapelle"],"yoast_head":"<!-- This site is optimized with the Yoast SEO plugin v25.6 - https:\/\/yoast.com\/wordpress\/plugins\/seo\/ -->\n<title>NO\u00cbL 2020 - Chapelle Saint Michel Archange Montbrison<\/title>\n<meta name=\"robots\" content=\"index, follow, max-snippet:-1, max-image-preview:large, max-video-preview:-1\" \/>\n<link rel=\"canonical\" href=\"https:\/\/gallican-montbrison.fr\/wp\/?p=7288\" \/>\n<meta property=\"og:locale\" content=\"fr_FR\" \/>\n<meta property=\"og:type\" content=\"article\" \/>\n<meta property=\"og:title\" content=\"NO\u00cbL 2020 - Chapelle Saint Michel Archange Montbrison\" \/>\n<meta property=\"og:description\" content=\"MESSE DE NO\u00cbL JEUDI 24 DECEMBRE \u00e0 18H30 Le verbe s\u2019est fait chair et il a habit\u00e9 parmi nous&nbsp;(St Jean 1,14) Encore un peu de temps, de patience, d\u2019attention, de s\u00e9paration, de confinement, de gestes barri\u00e8re \u2026mais malgr\u00e9 cela, bient\u00f4t, &hellip; Continuer la lecture &rarr;\" \/>\n<meta property=\"og:url\" content=\"https:\/\/gallican-montbrison.fr\/wp\/?p=7288\" \/>\n<meta property=\"og:site_name\" content=\"Chapelle Saint Michel Archange Montbrison\" \/>\n<meta property=\"article:publisher\" content=\"https:\/\/www.facebook.com\/people\/Eglise-Gallicane-Chapelle-Saint-Michel-Archange\/100064564306693\/\" \/>\n<meta property=\"article:published_time\" content=\"2020-12-15T17:10:34+00:00\" \/>\n<meta property=\"article:modified_time\" content=\"2021-01-10T16:17:40+00:00\" \/>\n<meta property=\"og:image\" content=\"https:\/\/gallican-montbrison.fr\/wp\/wp-content\/uploads\/2020\/12\/Marie.jpeg\" \/>\n<meta name=\"author\" content=\"Colette\" \/>\n<meta name=\"twitter:card\" content=\"summary_large_image\" \/>\n<meta name=\"twitter:label1\" content=\"\u00c9crit par\" \/>\n\t<meta name=\"twitter:data1\" content=\"Colette\" \/>\n\t<meta name=\"twitter:label2\" content=\"Dur\u00e9e de lecture estim\u00e9e\" \/>\n\t<meta name=\"twitter:data2\" content=\"1 minute\" \/>\n<script type=\"application\/ld+json\" class=\"yoast-schema-graph\">{\"@context\":\"https:\/\/schema.org\",\"@graph\":[{\"@type\":\"WebPage\",\"@id\":\"https:\/\/gallican-montbrison.fr\/wp\/?p=7288\",\"url\":\"https:\/\/gallican-montbrison.fr\/wp\/?p=7288\",\"name\":\"NO\u00cbL 2020 - Chapelle Saint Michel Archange Montbrison\",\"isPartOf\":{\"@id\":\"https:\/\/gallican-montbrison.fr\/wp\/#website\"},\"primaryImageOfPage\":{\"@id\":\"https:\/\/gallican-montbrison.fr\/wp\/?p=7288#primaryimage\"},\"image\":{\"@id\":\"https:\/\/gallican-montbrison.fr\/wp\/?p=7288#primaryimage\"},\"thumbnailUrl\":\"https:\/\/gallican-montbrison.fr\/wp\/wp-content\/uploads\/2020\/12\/Marie.jpeg\",\"datePublished\":\"2020-12-15T17:10:34+00:00\",\"dateModified\":\"2021-01-10T16:17:40+00:00\",\"author\":{\"@id\":\"https:\/\/gallican-montbrison.fr\/wp\/#\/schema\/person\/fc5571a40f7c79de2fb1b0cf72c089a4\"},\"breadcrumb\":{\"@id\":\"https:\/\/gallican-montbrison.fr\/wp\/?p=7288#breadcrumb\"},\"inLanguage\":\"fr-FR\",\"potentialAction\":[{\"@type\":\"ReadAction\",\"target\":[\"https:\/\/gallican-montbrison.fr\/wp\/?p=7288\"]}]},{\"@type\":\"ImageObject\",\"inLanguage\":\"fr-FR\",\"@id\":\"https:\/\/gallican-montbrison.fr\/wp\/?p=7288#primaryimage\",\"url\":\"https:\/\/gallican-montbrison.fr\/wp\/wp-content\/uploads\/2020\/12\/Marie.jpeg\",\"contentUrl\":\"https:\/\/gallican-montbrison.fr\/wp\/wp-content\/uploads\/2020\/12\/Marie.jpeg\",\"width\":782,\"height\":950},{\"@type\":\"BreadcrumbList\",\"@id\":\"https:\/\/gallican-montbrison.fr\/wp\/?p=7288#breadcrumb\",\"itemListElement\":[{\"@type\":\"ListItem\",\"position\":1,\"name\":\"Accueil\",\"item\":\"https:\/\/gallican-montbrison.fr\/wp\"},{\"@type\":\"ListItem\",\"position\":2,\"name\":\"NO\u00cbL 2020\"}]},{\"@type\":\"WebSite\",\"@id\":\"https:\/\/gallican-montbrison.fr\/wp\/#website\",\"url\":\"https:\/\/gallican-montbrison.fr\/wp\/\",\"name\":\"Chapelle Saint Michel Archange Montbrison\",\"description\":\"Eglise Gallicane, Tradition Apostolique de Gazinet\",\"potentialAction\":[{\"@type\":\"SearchAction\",\"target\":{\"@type\":\"EntryPoint\",\"urlTemplate\":\"https:\/\/gallican-montbrison.fr\/wp\/?s={search_term_string}\"},\"query-input\":{\"@type\":\"PropertyValueSpecification\",\"valueRequired\":true,\"valueName\":\"search_term_string\"}}],\"inLanguage\":\"fr-FR\"},{\"@type\":\"Person\",\"@id\":\"https:\/\/gallican-montbrison.fr\/wp\/#\/schema\/person\/fc5571a40f7c79de2fb1b0cf72c089a4\",\"name\":\"Colette\",\"url\":\"https:\/\/gallican-montbrison.fr\/wp\/?author=3\"}]}<\/script>\n<!-- \/ Yoast SEO plugin. -->","yoast_head_json":{"title":"NO\u00cbL 2020 - Chapelle Saint Michel Archange Montbrison","robots":{"index":"index","follow":"follow","max-snippet":"max-snippet:-1","max-image-preview":"max-image-preview:large","max-video-preview":"max-video-preview:-1"},"canonical":"https:\/\/gallican-montbrison.fr\/wp\/?p=7288","og_locale":"fr_FR","og_type":"article","og_title":"NO\u00cbL 2020 - Chapelle Saint Michel Archange Montbrison","og_description":"MESSE DE NO\u00cbL JEUDI 24 DECEMBRE \u00e0 18H30 Le verbe s\u2019est fait chair et il a habit\u00e9 parmi nous&nbsp;(St Jean 1,14) Encore un peu de temps, de patience, d\u2019attention, de s\u00e9paration, de confinement, de gestes barri\u00e8re \u2026mais malgr\u00e9 cela, bient\u00f4t, &hellip; Continuer la lecture &rarr;","og_url":"https:\/\/gallican-montbrison.fr\/wp\/?p=7288","og_site_name":"Chapelle Saint Michel Archange Montbrison","article_publisher":"https:\/\/www.facebook.com\/people\/Eglise-Gallicane-Chapelle-Saint-Michel-Archange\/100064564306693\/","article_published_time":"2020-12-15T17:10:34+00:00","article_modified_time":"2021-01-10T16:17:40+00:00","og_image":[{"url":"https:\/\/gallican-montbrison.fr\/wp\/wp-content\/uploads\/2020\/12\/Marie.jpeg","type":"","width":"","height":""}],"author":"Colette","twitter_card":"summary_large_image","twitter_misc":{"\u00c9crit par":"Colette","Dur\u00e9e de lecture estim\u00e9e":"1 minute"},"schema":{"@context":"https:\/\/schema.org","@graph":[{"@type":"WebPage","@id":"https:\/\/gallican-montbrison.fr\/wp\/?p=7288","url":"https:\/\/gallican-montbrison.fr\/wp\/?p=7288","name":"NO\u00cbL 2020 - Chapelle Saint Michel Archange Montbrison","isPartOf":{"@id":"https:\/\/gallican-montbrison.fr\/wp\/#website"},"primaryImageOfPage":{"@id":"https:\/\/gallican-montbrison.fr\/wp\/?p=7288#primaryimage"},"image":{"@id":"https:\/\/gallican-montbrison.fr\/wp\/?p=7288#primaryimage"},"thumbnailUrl":"https:\/\/gallican-montbrison.fr\/wp\/wp-content\/uploads\/2020\/12\/Marie.jpeg","datePublished":"2020-12-15T17:10:34+00:00","dateModified":"2021-01-10T16:17:40+00:00","author":{"@id":"https:\/\/gallican-montbrison.fr\/wp\/#\/schema\/person\/fc5571a40f7c79de2fb1b0cf72c089a4"},"breadcrumb":{"@id":"https:\/\/gallican-montbrison.fr\/wp\/?p=7288#breadcrumb"},"inLanguage":"fr-FR","potentialAction":[{"@type":"ReadAction","target":["https:\/\/gallican-montbrison.fr\/wp\/?p=7288"]}]},{"@type":"ImageObject","inLanguage":"fr-FR","@id":"https:\/\/gallican-montbrison.fr\/wp\/?p=7288#primaryimage","url":"https:\/\/gallican-montbrison.fr\/wp\/wp-content\/uploads\/2020\/12\/Marie.jpeg","contentUrl":"https:\/\/gallican-montbrison.fr\/wp\/wp-content\/uploads\/2020\/12\/Marie.jpeg","width":782,"height":950},{"@type":"BreadcrumbList","@id":"https:\/\/gallican-montbrison.fr\/wp\/?p=7288#breadcrumb","itemListElement":[{"@type":"ListItem","position":1,"name":"Accueil","item":"https:\/\/gallican-montbrison.fr\/wp"},{"@type":"ListItem","position":2,"name":"NO\u00cbL 2020"}]},{"@type":"WebSite","@id":"https:\/\/gallican-montbrison.fr\/wp\/#website","url":"https:\/\/gallican-montbrison.fr\/wp\/","name":"Chapelle Saint Michel Archange Montbrison","description":"Eglise Gallicane, Tradition Apostolique de Gazinet","potentialAction":[{"@type":"SearchAction","target":{"@type":"EntryPoint","urlTemplate":"https:\/\/gallican-montbrison.fr\/wp\/?s={search_term_string}"},"query-input":{"@type":"PropertyValueSpecification","valueRequired":true,"valueName":"search_term_string"}}],"inLanguage":"fr-FR"},{"@type":"Person","@id":"https:\/\/gallican-montbrison.fr\/wp\/#\/schema\/person\/fc5571a40f7c79de2fb1b0cf72c089a4","name":"Colette","url":"https:\/\/gallican-montbrison.fr\/wp\/?author=3"}]}},"_links":{"self":[{"href":"https:\/\/gallican-montbrison.fr\/wp\/index.php?rest_route=\/wp\/v2\/posts\/7288"}],"collection":[{"href":"https:\/\/gallican-montbrison.fr\/wp\/index.php?rest_route=\/wp\/v2\/posts"}],"about":[{"href":"https:\/\/gallican-montbrison.fr\/wp\/index.php?rest_route=\/wp\/v2\/types\/post"}],"author":[{"embeddable":true,"href":"https:\/\/gallican-montbrison.fr\/wp\/index.php?rest_route=\/wp\/v2\/users\/3"}],"replies":[{"embeddable":true,"href":"https:\/\/gallican-montbrison.fr\/wp\/index.php?rest_route=%2Fwp%2Fv2%2Fcomments&post=7288"}],"version-history":[{"count":5,"href":"https:\/\/gallican-montbrison.fr\/wp\/index.php?rest_route=\/wp\/v2\/posts\/7288\/revisions"}],"predecessor-version":[{"id":7294,"href":"https:\/\/gallican-montbrison.fr\/wp\/index.php?rest_route=\/wp\/v2\/posts\/7288\/revisions\/7294"}],"wp:attachment":[{"href":"https:\/\/gallican-montbrison.fr\/wp\/index.php?rest_route=%2Fwp%2Fv2%2Fmedia&parent=7288"}],"wp:term":[{"taxonomy":"category","embeddable":true,"href":"https:\/\/gallican-montbrison.fr\/wp\/index.php?rest_route=%2Fwp%2Fv2%2Fcategories&post=7288"},{"taxonomy":"post_tag","embeddable":true,"href":"https:\/\/gallican-montbrison.fr\/wp\/index.php?rest_route=%2Fwp%2Fv2%2Ftags&post=7288"}],"curies":[{"name":"wp","href":"https:\/\/api.w.org\/{rel}","templated":true}]}}