{"id":7438,"date":"2021-04-03T10:39:55","date_gmt":"2021-04-03T08:39:55","guid":{"rendered":"https:\/\/gallican-montbrison.fr\/wp\/?p=7438"},"modified":"2021-04-03T11:09:25","modified_gmt":"2021-04-03T09:09:25","slug":"samedi-saint-jour-de-silence","status":"publish","type":"post","link":"https:\/\/gallican-montbrison.fr\/wp\/?p=7438","title":{"rendered":"Samedi Saint : jour de silence ?"},"content":{"rendered":"\n<p>L&rsquo;autel est en attente, plus de c\u00e9l\u00e9bration de l&rsquo;Eucharistie entre le soir du Jeudi Saint et la R\u00e9surrection. Les linges et nappes sont enlev\u00e9s, le tabernacle est ouvert \u2026 tout semble sommeiller ou plut\u00f4t &#8230; tout attend avec Foi et esp\u00e9rance.<\/p>\n\n\n\n<figure class=\"wp-block-image\"><img loading=\"lazy\" decoding=\"async\" width=\"1024\" height=\"766\" src=\"https:\/\/gallican-montbrison.fr\/wp\/wp-content\/uploads\/2021\/04\/1-1024x766.jpeg\" alt=\"\" class=\"wp-image-7444\" srcset=\"https:\/\/gallican-montbrison.fr\/wp\/wp-content\/uploads\/2021\/04\/1-1024x766.jpeg 1024w, https:\/\/gallican-montbrison.fr\/wp\/wp-content\/uploads\/2021\/04\/1-300x224.jpeg 300w, https:\/\/gallican-montbrison.fr\/wp\/wp-content\/uploads\/2021\/04\/1-768x574.jpeg 768w, https:\/\/gallican-montbrison.fr\/wp\/wp-content\/uploads\/2021\/04\/1.jpeg 1292w\" sizes=\"(max-width: 1024px) 100vw, 1024px\" \/><\/figure>\n\n\n\n<p>Que se passe t il ? Aujourd&rsquo;hui grand silence sur la terre ; grand silence et impression de solitude. La terre a trembl\u00e9e et elle s\u2019est apais\u00e9e, parce  que Dieu s\u2019est endormi dans la chair. \u00bb Ainsi commence une ancienne hom\u00e9lie de la liturgie des heures du Samedi Saint. C\u2019est dans cette perspective qu\u2019il nous faut aborder la sp\u00e9cificit\u00e9 liturgique de ce jour.<\/p>\n\n\n\n<p>Nos coeurs attendent et esp\u00e8rent comme ceux des ap\u00f4tres<\/p>\n\n\n\n<p>Le c\u0153ur et l&rsquo;esp\u00e9rance des disciples butent sur  la mort brutale de J\u00e9sus, sur cet an\u00e9antissement apparent. M\u00eame si certains se souviennent d\u2019\u00e9tranges paroles de J\u00e9sus :<em> Il faut que le Fils de l\u2019homme soit tu\u00e9, et que, le troisi\u00e8me jour, il ressuscite<\/em> (Lc 9, 22).<\/p>\n\n\n\n<p>Si tous croient que les morts ressusciteront<em> au dernier jour<\/em>  (Jn 11, 24), si la plupart ont vu la r\u00e9surrection de Lazare, aucun n\u2019a  compris le sens exact de cette parole de J\u00e9sus. Pris entre la mort de  J\u00e9sus et sa r\u00e9surrection, le Samedi Saint fait place au silence de l\u2019int\u00e9riorisation. <\/p>\n\n\n\n<p>Il appelle \u00e0 faire un acte de foi <\/p>\n\n\n\n<p>message tir\u00e9 de la cat\u00e9ch\u00e8se.<\/p>\n\n\n\n<p><\/p>\n","protected":false},"excerpt":{"rendered":"<p>L&rsquo;autel est en attente, plus de c\u00e9l\u00e9bration de l&rsquo;Eucharistie entre le soir du Jeudi Saint et la R\u00e9surrection. Les linges et nappes sont enlev\u00e9s, le tabernacle est ouvert \u2026 tout semble sommeiller ou plut\u00f4t &#8230; tout attend avec Foi et &hellip; <a href=\"https:\/\/gallican-montbrison.fr\/wp\/?p=7438\">Continuer la lecture <span class=\"meta-nav\">&rarr;<\/span><\/a><\/p>\n","protected":false},"author":3,"featured_media":0,"comment_status":"closed","ping_status":"open","sticky":false,"template":"","format":"standard","meta":{"footnotes":""},"categories":[4,5],"tags":[],"class_list":["post-7438","post","type-post","status-publish","format-standard","hentry","category-homelies","category-vie-de-la-chapelle"],"yoast_head":"<!-- This site is optimized with the Yoast SEO plugin v25.6 - https:\/\/yoast.com\/wordpress\/plugins\/seo\/ -->\n<title>Samedi Saint : jour de silence ? - Chapelle Saint Michel Archange Montbrison<\/title>\n<meta name=\"robots\" content=\"index, follow, max-snippet:-1, max-image-preview:large, max-video-preview:-1\" \/>\n<link rel=\"canonical\" href=\"https:\/\/gallican-montbrison.fr\/wp\/?p=7438\" \/>\n<meta property=\"og:locale\" content=\"fr_FR\" \/>\n<meta property=\"og:type\" content=\"article\" \/>\n<meta property=\"og:title\" content=\"Samedi Saint : jour de silence ? - Chapelle Saint Michel Archange Montbrison\" \/>\n<meta property=\"og:description\" content=\"L&rsquo;autel est en attente, plus de c\u00e9l\u00e9bration de l&rsquo;Eucharistie entre le soir du Jeudi Saint et la R\u00e9surrection. Les linges et nappes sont enlev\u00e9s, le tabernacle est ouvert \u2026 tout semble sommeiller ou plut\u00f4t &#8230; tout attend avec Foi et &hellip; Continuer la lecture &rarr;\" \/>\n<meta property=\"og:url\" content=\"https:\/\/gallican-montbrison.fr\/wp\/?p=7438\" \/>\n<meta property=\"og:site_name\" content=\"Chapelle Saint Michel Archange Montbrison\" \/>\n<meta property=\"article:publisher\" content=\"https:\/\/www.facebook.com\/people\/Eglise-Gallicane-Chapelle-Saint-Michel-Archange\/100064564306693\/\" \/>\n<meta property=\"article:published_time\" content=\"2021-04-03T08:39:55+00:00\" \/>\n<meta property=\"article:modified_time\" content=\"2021-04-03T09:09:25+00:00\" \/>\n<meta property=\"og:image\" content=\"https:\/\/gallican-montbrison.fr\/wp\/wp-content\/uploads\/2021\/04\/1-1024x766.jpeg\" \/>\n<meta name=\"author\" content=\"Colette\" \/>\n<meta name=\"twitter:card\" content=\"summary_large_image\" \/>\n<meta name=\"twitter:label1\" content=\"\u00c9crit par\" \/>\n\t<meta name=\"twitter:data1\" content=\"Colette\" \/>\n\t<meta name=\"twitter:label2\" content=\"Dur\u00e9e de lecture estim\u00e9e\" \/>\n\t<meta name=\"twitter:data2\" content=\"1 minute\" \/>\n<script type=\"application\/ld+json\" class=\"yoast-schema-graph\">{\"@context\":\"https:\/\/schema.org\",\"@graph\":[{\"@type\":\"WebPage\",\"@id\":\"https:\/\/gallican-montbrison.fr\/wp\/?p=7438\",\"url\":\"https:\/\/gallican-montbrison.fr\/wp\/?p=7438\",\"name\":\"Samedi Saint : jour de silence ? - Chapelle Saint Michel Archange Montbrison\",\"isPartOf\":{\"@id\":\"https:\/\/gallican-montbrison.fr\/wp\/#website\"},\"primaryImageOfPage\":{\"@id\":\"https:\/\/gallican-montbrison.fr\/wp\/?p=7438#primaryimage\"},\"image\":{\"@id\":\"https:\/\/gallican-montbrison.fr\/wp\/?p=7438#primaryimage\"},\"thumbnailUrl\":\"https:\/\/gallican-montbrison.fr\/wp\/wp-content\/uploads\/2021\/04\/1-1024x766.jpeg\",\"datePublished\":\"2021-04-03T08:39:55+00:00\",\"dateModified\":\"2021-04-03T09:09:25+00:00\",\"author\":{\"@id\":\"https:\/\/gallican-montbrison.fr\/wp\/#\/schema\/person\/fc5571a40f7c79de2fb1b0cf72c089a4\"},\"breadcrumb\":{\"@id\":\"https:\/\/gallican-montbrison.fr\/wp\/?p=7438#breadcrumb\"},\"inLanguage\":\"fr-FR\",\"potentialAction\":[{\"@type\":\"ReadAction\",\"target\":[\"https:\/\/gallican-montbrison.fr\/wp\/?p=7438\"]}]},{\"@type\":\"ImageObject\",\"inLanguage\":\"fr-FR\",\"@id\":\"https:\/\/gallican-montbrison.fr\/wp\/?p=7438#primaryimage\",\"url\":\"https:\/\/gallican-montbrison.fr\/wp\/wp-content\/uploads\/2021\/04\/1.jpeg\",\"contentUrl\":\"https:\/\/gallican-montbrison.fr\/wp\/wp-content\/uploads\/2021\/04\/1.jpeg\",\"width\":1292,\"height\":966},{\"@type\":\"BreadcrumbList\",\"@id\":\"https:\/\/gallican-montbrison.fr\/wp\/?p=7438#breadcrumb\",\"itemListElement\":[{\"@type\":\"ListItem\",\"position\":1,\"name\":\"Accueil\",\"item\":\"https:\/\/gallican-montbrison.fr\/wp\"},{\"@type\":\"ListItem\",\"position\":2,\"name\":\"Samedi Saint : jour de silence ?\"}]},{\"@type\":\"WebSite\",\"@id\":\"https:\/\/gallican-montbrison.fr\/wp\/#website\",\"url\":\"https:\/\/gallican-montbrison.fr\/wp\/\",\"name\":\"Chapelle Saint Michel Archange Montbrison\",\"description\":\"Eglise Gallicane, Tradition Apostolique de Gazinet\",\"potentialAction\":[{\"@type\":\"SearchAction\",\"target\":{\"@type\":\"EntryPoint\",\"urlTemplate\":\"https:\/\/gallican-montbrison.fr\/wp\/?s={search_term_string}\"},\"query-input\":{\"@type\":\"PropertyValueSpecification\",\"valueRequired\":true,\"valueName\":\"search_term_string\"}}],\"inLanguage\":\"fr-FR\"},{\"@type\":\"Person\",\"@id\":\"https:\/\/gallican-montbrison.fr\/wp\/#\/schema\/person\/fc5571a40f7c79de2fb1b0cf72c089a4\",\"name\":\"Colette\",\"url\":\"https:\/\/gallican-montbrison.fr\/wp\/?author=3\"}]}<\/script>\n<!-- \/ Yoast SEO plugin. -->","yoast_head_json":{"title":"Samedi Saint : jour de silence ? - Chapelle Saint Michel Archange Montbrison","robots":{"index":"index","follow":"follow","max-snippet":"max-snippet:-1","max-image-preview":"max-image-preview:large","max-video-preview":"max-video-preview:-1"},"canonical":"https:\/\/gallican-montbrison.fr\/wp\/?p=7438","og_locale":"fr_FR","og_type":"article","og_title":"Samedi Saint : jour de silence ? - Chapelle Saint Michel Archange Montbrison","og_description":"L&rsquo;autel est en attente, plus de c\u00e9l\u00e9bration de l&rsquo;Eucharistie entre le soir du Jeudi Saint et la R\u00e9surrection. Les linges et nappes sont enlev\u00e9s, le tabernacle est ouvert \u2026 tout semble sommeiller ou plut\u00f4t &#8230; tout attend avec Foi et &hellip; Continuer la lecture &rarr;","og_url":"https:\/\/gallican-montbrison.fr\/wp\/?p=7438","og_site_name":"Chapelle Saint Michel Archange Montbrison","article_publisher":"https:\/\/www.facebook.com\/people\/Eglise-Gallicane-Chapelle-Saint-Michel-Archange\/100064564306693\/","article_published_time":"2021-04-03T08:39:55+00:00","article_modified_time":"2021-04-03T09:09:25+00:00","og_image":[{"url":"https:\/\/gallican-montbrison.fr\/wp\/wp-content\/uploads\/2021\/04\/1-1024x766.jpeg","type":"","width":"","height":""}],"author":"Colette","twitter_card":"summary_large_image","twitter_misc":{"\u00c9crit par":"Colette","Dur\u00e9e de lecture estim\u00e9e":"1 minute"},"schema":{"@context":"https:\/\/schema.org","@graph":[{"@type":"WebPage","@id":"https:\/\/gallican-montbrison.fr\/wp\/?p=7438","url":"https:\/\/gallican-montbrison.fr\/wp\/?p=7438","name":"Samedi Saint : jour de silence ? - Chapelle Saint Michel Archange Montbrison","isPartOf":{"@id":"https:\/\/gallican-montbrison.fr\/wp\/#website"},"primaryImageOfPage":{"@id":"https:\/\/gallican-montbrison.fr\/wp\/?p=7438#primaryimage"},"image":{"@id":"https:\/\/gallican-montbrison.fr\/wp\/?p=7438#primaryimage"},"thumbnailUrl":"https:\/\/gallican-montbrison.fr\/wp\/wp-content\/uploads\/2021\/04\/1-1024x766.jpeg","datePublished":"2021-04-03T08:39:55+00:00","dateModified":"2021-04-03T09:09:25+00:00","author":{"@id":"https:\/\/gallican-montbrison.fr\/wp\/#\/schema\/person\/fc5571a40f7c79de2fb1b0cf72c089a4"},"breadcrumb":{"@id":"https:\/\/gallican-montbrison.fr\/wp\/?p=7438#breadcrumb"},"inLanguage":"fr-FR","potentialAction":[{"@type":"ReadAction","target":["https:\/\/gallican-montbrison.fr\/wp\/?p=7438"]}]},{"@type":"ImageObject","inLanguage":"fr-FR","@id":"https:\/\/gallican-montbrison.fr\/wp\/?p=7438#primaryimage","url":"https:\/\/gallican-montbrison.fr\/wp\/wp-content\/uploads\/2021\/04\/1.jpeg","contentUrl":"https:\/\/gallican-montbrison.fr\/wp\/wp-content\/uploads\/2021\/04\/1.jpeg","width":1292,"height":966},{"@type":"BreadcrumbList","@id":"https:\/\/gallican-montbrison.fr\/wp\/?p=7438#breadcrumb","itemListElement":[{"@type":"ListItem","position":1,"name":"Accueil","item":"https:\/\/gallican-montbrison.fr\/wp"},{"@type":"ListItem","position":2,"name":"Samedi Saint : jour de silence ?"}]},{"@type":"WebSite","@id":"https:\/\/gallican-montbrison.fr\/wp\/#website","url":"https:\/\/gallican-montbrison.fr\/wp\/","name":"Chapelle Saint Michel Archange Montbrison","description":"Eglise Gallicane, Tradition Apostolique de Gazinet","potentialAction":[{"@type":"SearchAction","target":{"@type":"EntryPoint","urlTemplate":"https:\/\/gallican-montbrison.fr\/wp\/?s={search_term_string}"},"query-input":{"@type":"PropertyValueSpecification","valueRequired":true,"valueName":"search_term_string"}}],"inLanguage":"fr-FR"},{"@type":"Person","@id":"https:\/\/gallican-montbrison.fr\/wp\/#\/schema\/person\/fc5571a40f7c79de2fb1b0cf72c089a4","name":"Colette","url":"https:\/\/gallican-montbrison.fr\/wp\/?author=3"}]}},"_links":{"self":[{"href":"https:\/\/gallican-montbrison.fr\/wp\/index.php?rest_route=\/wp\/v2\/posts\/7438"}],"collection":[{"href":"https:\/\/gallican-montbrison.fr\/wp\/index.php?rest_route=\/wp\/v2\/posts"}],"about":[{"href":"https:\/\/gallican-montbrison.fr\/wp\/index.php?rest_route=\/wp\/v2\/types\/post"}],"author":[{"embeddable":true,"href":"https:\/\/gallican-montbrison.fr\/wp\/index.php?rest_route=\/wp\/v2\/users\/3"}],"replies":[{"embeddable":true,"href":"https:\/\/gallican-montbrison.fr\/wp\/index.php?rest_route=%2Fwp%2Fv2%2Fcomments&post=7438"}],"version-history":[{"count":9,"href":"https:\/\/gallican-montbrison.fr\/wp\/index.php?rest_route=\/wp\/v2\/posts\/7438\/revisions"}],"predecessor-version":[{"id":7448,"href":"https:\/\/gallican-montbrison.fr\/wp\/index.php?rest_route=\/wp\/v2\/posts\/7438\/revisions\/7448"}],"wp:attachment":[{"href":"https:\/\/gallican-montbrison.fr\/wp\/index.php?rest_route=%2Fwp%2Fv2%2Fmedia&parent=7438"}],"wp:term":[{"taxonomy":"category","embeddable":true,"href":"https:\/\/gallican-montbrison.fr\/wp\/index.php?rest_route=%2Fwp%2Fv2%2Fcategories&post=7438"},{"taxonomy":"post_tag","embeddable":true,"href":"https:\/\/gallican-montbrison.fr\/wp\/index.php?rest_route=%2Fwp%2Fv2%2Ftags&post=7438"}],"curies":[{"name":"wp","href":"https:\/\/api.w.org\/{rel}","templated":true}]}}