{"id":7476,"date":"2021-05-24T19:27:08","date_gmt":"2021-05-24T17:27:08","guid":{"rendered":"https:\/\/gallican-montbrison.fr\/wp\/?p=7476"},"modified":"2021-05-24T19:51:06","modified_gmt":"2021-05-24T17:51:06","slug":"pentecote-2021","status":"publish","type":"post","link":"https:\/\/gallican-montbrison.fr\/wp\/?p=7476","title":{"rendered":"Pentec\u00f4te 2021"},"content":{"rendered":"\n<figure class=\"wp-block-audio\"><audio controls src=\"https:\/\/gallican-montbrison.fr\/wp\/wp-content\/uploads\/2021\/05\/12-Homelie-Penteco\u0302te-2021.mp3\"><\/audio><figcaption>\u00c9couter l&rsquo;hom\u00e9lie de Pentec\u00f4te 2021<\/figcaption><\/figure>\n\n\n\n<ul class=\"wp-block-gallery columns-2 is-cropped wp-block-gallery-1 is-layout-flex wp-block-gallery-is-layout-flex\"><li class=\"blocks-gallery-item\"><figure><img loading=\"lazy\" decoding=\"async\" width=\"277\" height=\"182\" src=\"https:\/\/gallican-montbrison.fr\/wp\/wp-content\/uploads\/2015\/11\/images.jpg\" alt=\"\" data-id=\"4208\" data-link=\"https:\/\/gallican-montbrison.fr\/wp\/?attachment_id=4208\" class=\"wp-image-4208\"\/><\/figure><\/li><li class=\"blocks-gallery-item\"><figure><img loading=\"lazy\" decoding=\"async\" width=\"1024\" height=\"768\" src=\"https:\/\/gallican-montbrison.fr\/wp\/wp-content\/uploads\/2021\/05\/20210523_102116-1024x768.jpg\" alt=\"\" data-id=\"7485\" data-link=\"https:\/\/gallican-montbrison.fr\/wp\/?attachment_id=7485\" class=\"wp-image-7485\" srcset=\"https:\/\/gallican-montbrison.fr\/wp\/wp-content\/uploads\/2021\/05\/20210523_102116-1024x768.jpg 1024w, https:\/\/gallican-montbrison.fr\/wp\/wp-content\/uploads\/2021\/05\/20210523_102116-300x225.jpg 300w, https:\/\/gallican-montbrison.fr\/wp\/wp-content\/uploads\/2021\/05\/20210523_102116-768x576.jpg 768w\" sizes=\"(max-width: 1024px) 100vw, 1024px\" \/><\/figure><\/li><\/ul>\n\n\n\n<p><strong>Ep\u00eetre : Actes des Ap\u00f4tres 2,1-11<\/strong><\/p>\n\n\n\n<div class=\"wp-block-image\"><figure class=\"alignleft\"><a href=\"https:\/\/gallican-montbrison.fr\/wp\/wp-content\/uploads\/2013\/05\/images-1.jpeg\"><img loading=\"lazy\" decoding=\"async\" width=\"150\" height=\"150\" src=\"https:\/\/gallican-montbrison.fr\/wp\/wp-content\/uploads\/2013\/05\/images-1-150x150.jpeg\" alt=\"\" class=\"wp-image-2722\"\/><\/a><\/figure><\/div>\n\n\n\n<p>Quand le jour\n de la Pentec\u00f4te&nbsp;arriva, les croyants \u00e9taient r\u00e9unis tous ensemble au \nm\u00eame endroit.&nbsp;Tout \u00e0 coup, un bruit vint du ciel, comme si un vent \nviolent se mettait \u00e0 souffler, et il remplit toute la maison o\u00f9 ils \n\u00e9taient assis.&nbsp;&nbsp;Ils virent alors appara\u00eetre des langues pareilles \u00e0 des \nflammes de feu&nbsp;; elles se s\u00e9par\u00e8rent et elles se pos\u00e8rent une \u00e0 une sur \nchacun d\u2019eux.&nbsp;&nbsp;Ils furent tous remplis du Saint-Esprit et se mirent \u00e0 \nparler en d\u2019autres langues, selon ce que l\u2019Esprit leur donnait \nd\u2019exprimer.<\/p>\n\n\n\n<p>A J\u00e9rusalem vivaient des Juifs pieux,  venus de tous les pays du monde.&nbsp;Quand ce bruit se fit entendre, ils  s\u2019assembl\u00e8rent en foule. Ils \u00e9taient tous profond\u00e9ment surpris, car  chacun d\u2019eux entendait les croyants parler dans sa propre langue.&nbsp;Ils  \u00e9taient remplis d\u2019\u00e9tonnement et d\u2019admiration, et disaient&nbsp;: \u00ab&nbsp;Ces gens  qui parlent, ne sont-ils pas tous Galil\u00e9ens?&nbsp;8&nbsp;Comment se fait-il alors  que chacun de nous les entende parler dans sa langue maternelle&nbsp;?&nbsp;Parmi  nous, il y en a qui viennent du pays des Parthes, de M\u00e9die et d\u2019\u00c9lam. Il  y a des habitants de M\u00e9sopotamie, de Jud\u00e9e et de Cappadoce, du Pont et  de la province d\u2019Asie,&nbsp;de Phrygie et de Pamphylie, d\u2019\u00c9gypte et de la  r\u00e9gion de Cyr\u00e8ne, en Libye&nbsp;; il y en a qui sont venus de Rome,&nbsp;de Cr\u00e8te  et d\u2019Arabie&nbsp;; certains sont n\u00e9s Juifs, et d\u2019autres se sont convertis \u00e0  la religion juive. Et pourtant nous les entendons parler dans nos  diverses langues des grandes oeuvres de Dieu&nbsp;!&nbsp;\u00bb<\/p>\n\n\n\n<p><strong>Evangile : St Jean 14, 23-31<\/strong><\/p>\n\n\n\n<p>J\u00e9sus lui r\u00e9pondit&nbsp;: \u00ab&nbsp;Celui qui m\u2019aime\n ob\u00e9ira \u00e0 ce que je dis. Mon P\u00e8re l\u2019aimera&nbsp;; nous viendrons \u00e0 lui, mon \nP\u00e8re et moi, et nous habiterons chez lui.&nbsp;Celui qui ne m\u2019aime pas \nn\u2019ob\u00e9it pas \u00e0 mes paroles. Ce que vous m\u2019entendez dire ne vient pas de \nmoi, mais de mon P\u00e8re qui m\u2019a envoy\u00e9.&nbsp;Je vous ai dit cela pendant que je\n suis encore avec vous.&nbsp;Celui qui doit vous venir en aide, le \nSaint-Esprit que le P\u00e8re enverra en mon nom, vous enseignera tout et \nvous rappellera tout ce que je vous ai dit.<\/p>\n\n\n\n<p>\u00ab&nbsp;C\u2019est la paix que je vous laisse, \nc\u2019est ma paix que je vous donne. Je ne vous la donne pas \u00e0 la mani\u00e8re du\n monde. Ne soyez pas inquiets, ne soyez pas effray\u00e9s.&nbsp;Vous m\u2019avez \nentendu dire&nbsp;: \u00abJe m\u2019en vais, mais je reviendrai aupr\u00e8s de vous\u00bb. Si \nvous m\u2019aimiez, vous vous r\u00e9jouiriez de savoir que je vais aupr\u00e8s du \nP\u00e8re, parce que le P\u00e8re est plus grand que moi.&nbsp;Je vous l\u2019ai dit \nmaintenant, avant que ces choses arrivent, afin que lorsqu\u2019elles \narriveront vous croyiez.&nbsp;Je ne parlerai plus beaucoup avec vous, car le \ndominateur de ce monde vient. Il n\u2019a aucun pouvoir sur moi,&nbsp;mais il faut\n que le monde sache que j\u2019aime le P\u00e8re et que j\u2019agis selon l\u2019ordre que \nle P\u00e8re m\u2019a donn\u00e9. \u00bb<\/p>\n","protected":false},"excerpt":{"rendered":"<p>Ep\u00eetre : Actes des Ap\u00f4tres 2,1-11 Quand le jour de la Pentec\u00f4te&nbsp;arriva, les croyants \u00e9taient r\u00e9unis tous ensemble au m\u00eame endroit.&nbsp;Tout \u00e0 coup, un bruit vint du ciel, comme si un vent violent se mettait \u00e0 souffler, et il remplit &hellip; <a href=\"https:\/\/gallican-montbrison.fr\/wp\/?p=7476\">Continuer la lecture <span class=\"meta-nav\">&rarr;<\/span><\/a><\/p>\n","protected":false},"author":3,"featured_media":0,"comment_status":"closed","ping_status":"open","sticky":false,"template":"","format":"standard","meta":{"footnotes":""},"categories":[4,5],"tags":[],"class_list":["post-7476","post","type-post","status-publish","format-standard","hentry","category-homelies","category-vie-de-la-chapelle"],"yoast_head":"<!-- This site is optimized with the Yoast SEO plugin v25.6 - https:\/\/yoast.com\/wordpress\/plugins\/seo\/ -->\n<title>Pentec\u00f4te 2021 - Chapelle Saint Michel Archange Montbrison<\/title>\n<meta name=\"robots\" content=\"index, follow, max-snippet:-1, max-image-preview:large, max-video-preview:-1\" \/>\n<link rel=\"canonical\" href=\"https:\/\/gallican-montbrison.fr\/wp\/?p=7476\" \/>\n<meta property=\"og:locale\" content=\"fr_FR\" \/>\n<meta property=\"og:type\" content=\"article\" \/>\n<meta property=\"og:title\" content=\"Pentec\u00f4te 2021 - Chapelle Saint Michel Archange Montbrison\" \/>\n<meta property=\"og:description\" content=\"Ep\u00eetre : Actes des Ap\u00f4tres 2,1-11 Quand le jour de la Pentec\u00f4te&nbsp;arriva, les croyants \u00e9taient r\u00e9unis tous ensemble au m\u00eame endroit.&nbsp;Tout \u00e0 coup, un bruit vint du ciel, comme si un vent violent se mettait \u00e0 souffler, et il remplit &hellip; Continuer la lecture &rarr;\" \/>\n<meta property=\"og:url\" content=\"https:\/\/gallican-montbrison.fr\/wp\/?p=7476\" \/>\n<meta property=\"og:site_name\" content=\"Chapelle Saint Michel Archange Montbrison\" \/>\n<meta property=\"article:publisher\" content=\"https:\/\/www.facebook.com\/people\/Eglise-Gallicane-Chapelle-Saint-Michel-Archange\/100064564306693\/\" \/>\n<meta property=\"article:published_time\" content=\"2021-05-24T17:27:08+00:00\" \/>\n<meta property=\"article:modified_time\" content=\"2021-05-24T17:51:06+00:00\" \/>\n<meta property=\"og:image\" content=\"https:\/\/gallican-montbrison.fr\/wp\/wp-content\/uploads\/2015\/11\/images.jpg\" \/>\n<meta name=\"author\" content=\"Colette\" \/>\n<meta name=\"twitter:card\" content=\"summary_large_image\" \/>\n<meta name=\"twitter:label1\" content=\"\u00c9crit par\" \/>\n\t<meta name=\"twitter:data1\" content=\"Colette\" \/>\n\t<meta name=\"twitter:label2\" content=\"Dur\u00e9e de lecture estim\u00e9e\" \/>\n\t<meta name=\"twitter:data2\" content=\"3 minutes\" \/>\n<script type=\"application\/ld+json\" class=\"yoast-schema-graph\">{\"@context\":\"https:\/\/schema.org\",\"@graph\":[{\"@type\":\"WebPage\",\"@id\":\"https:\/\/gallican-montbrison.fr\/wp\/?p=7476\",\"url\":\"https:\/\/gallican-montbrison.fr\/wp\/?p=7476\",\"name\":\"Pentec\u00f4te 2021 - Chapelle Saint Michel Archange Montbrison\",\"isPartOf\":{\"@id\":\"https:\/\/gallican-montbrison.fr\/wp\/#website\"},\"primaryImageOfPage\":{\"@id\":\"https:\/\/gallican-montbrison.fr\/wp\/?p=7476#primaryimage\"},\"image\":{\"@id\":\"https:\/\/gallican-montbrison.fr\/wp\/?p=7476#primaryimage\"},\"thumbnailUrl\":\"https:\/\/gallican-montbrison.fr\/wp\/wp-content\/uploads\/2015\/11\/images.jpg\",\"datePublished\":\"2021-05-24T17:27:08+00:00\",\"dateModified\":\"2021-05-24T17:51:06+00:00\",\"author\":{\"@id\":\"https:\/\/gallican-montbrison.fr\/wp\/#\/schema\/person\/fc5571a40f7c79de2fb1b0cf72c089a4\"},\"breadcrumb\":{\"@id\":\"https:\/\/gallican-montbrison.fr\/wp\/?p=7476#breadcrumb\"},\"inLanguage\":\"fr-FR\",\"potentialAction\":[{\"@type\":\"ReadAction\",\"target\":[\"https:\/\/gallican-montbrison.fr\/wp\/?p=7476\"]}]},{\"@type\":\"ImageObject\",\"inLanguage\":\"fr-FR\",\"@id\":\"https:\/\/gallican-montbrison.fr\/wp\/?p=7476#primaryimage\",\"url\":\"https:\/\/gallican-montbrison.fr\/wp\/wp-content\/uploads\/2015\/11\/images.jpg\",\"contentUrl\":\"https:\/\/gallican-montbrison.fr\/wp\/wp-content\/uploads\/2015\/11\/images.jpg\",\"width\":277,\"height\":182},{\"@type\":\"BreadcrumbList\",\"@id\":\"https:\/\/gallican-montbrison.fr\/wp\/?p=7476#breadcrumb\",\"itemListElement\":[{\"@type\":\"ListItem\",\"position\":1,\"name\":\"Accueil\",\"item\":\"https:\/\/gallican-montbrison.fr\/wp\"},{\"@type\":\"ListItem\",\"position\":2,\"name\":\"Pentec\u00f4te 2021\"}]},{\"@type\":\"WebSite\",\"@id\":\"https:\/\/gallican-montbrison.fr\/wp\/#website\",\"url\":\"https:\/\/gallican-montbrison.fr\/wp\/\",\"name\":\"Chapelle Saint Michel Archange Montbrison\",\"description\":\"Eglise Gallicane, Tradition Apostolique de Gazinet\",\"potentialAction\":[{\"@type\":\"SearchAction\",\"target\":{\"@type\":\"EntryPoint\",\"urlTemplate\":\"https:\/\/gallican-montbrison.fr\/wp\/?s={search_term_string}\"},\"query-input\":{\"@type\":\"PropertyValueSpecification\",\"valueRequired\":true,\"valueName\":\"search_term_string\"}}],\"inLanguage\":\"fr-FR\"},{\"@type\":\"Person\",\"@id\":\"https:\/\/gallican-montbrison.fr\/wp\/#\/schema\/person\/fc5571a40f7c79de2fb1b0cf72c089a4\",\"name\":\"Colette\",\"url\":\"https:\/\/gallican-montbrison.fr\/wp\/?author=3\"}]}<\/script>\n<!-- \/ Yoast SEO plugin. -->","yoast_head_json":{"title":"Pentec\u00f4te 2021 - Chapelle Saint Michel Archange Montbrison","robots":{"index":"index","follow":"follow","max-snippet":"max-snippet:-1","max-image-preview":"max-image-preview:large","max-video-preview":"max-video-preview:-1"},"canonical":"https:\/\/gallican-montbrison.fr\/wp\/?p=7476","og_locale":"fr_FR","og_type":"article","og_title":"Pentec\u00f4te 2021 - Chapelle Saint Michel Archange Montbrison","og_description":"Ep\u00eetre : Actes des Ap\u00f4tres 2,1-11 Quand le jour de la Pentec\u00f4te&nbsp;arriva, les croyants \u00e9taient r\u00e9unis tous ensemble au m\u00eame endroit.&nbsp;Tout \u00e0 coup, un bruit vint du ciel, comme si un vent violent se mettait \u00e0 souffler, et il remplit &hellip; Continuer la lecture &rarr;","og_url":"https:\/\/gallican-montbrison.fr\/wp\/?p=7476","og_site_name":"Chapelle Saint Michel Archange Montbrison","article_publisher":"https:\/\/www.facebook.com\/people\/Eglise-Gallicane-Chapelle-Saint-Michel-Archange\/100064564306693\/","article_published_time":"2021-05-24T17:27:08+00:00","article_modified_time":"2021-05-24T17:51:06+00:00","og_image":[{"url":"https:\/\/gallican-montbrison.fr\/wp\/wp-content\/uploads\/2015\/11\/images.jpg","type":"","width":"","height":""}],"author":"Colette","twitter_card":"summary_large_image","twitter_misc":{"\u00c9crit par":"Colette","Dur\u00e9e de lecture estim\u00e9e":"3 minutes"},"schema":{"@context":"https:\/\/schema.org","@graph":[{"@type":"WebPage","@id":"https:\/\/gallican-montbrison.fr\/wp\/?p=7476","url":"https:\/\/gallican-montbrison.fr\/wp\/?p=7476","name":"Pentec\u00f4te 2021 - Chapelle Saint Michel Archange Montbrison","isPartOf":{"@id":"https:\/\/gallican-montbrison.fr\/wp\/#website"},"primaryImageOfPage":{"@id":"https:\/\/gallican-montbrison.fr\/wp\/?p=7476#primaryimage"},"image":{"@id":"https:\/\/gallican-montbrison.fr\/wp\/?p=7476#primaryimage"},"thumbnailUrl":"https:\/\/gallican-montbrison.fr\/wp\/wp-content\/uploads\/2015\/11\/images.jpg","datePublished":"2021-05-24T17:27:08+00:00","dateModified":"2021-05-24T17:51:06+00:00","author":{"@id":"https:\/\/gallican-montbrison.fr\/wp\/#\/schema\/person\/fc5571a40f7c79de2fb1b0cf72c089a4"},"breadcrumb":{"@id":"https:\/\/gallican-montbrison.fr\/wp\/?p=7476#breadcrumb"},"inLanguage":"fr-FR","potentialAction":[{"@type":"ReadAction","target":["https:\/\/gallican-montbrison.fr\/wp\/?p=7476"]}]},{"@type":"ImageObject","inLanguage":"fr-FR","@id":"https:\/\/gallican-montbrison.fr\/wp\/?p=7476#primaryimage","url":"https:\/\/gallican-montbrison.fr\/wp\/wp-content\/uploads\/2015\/11\/images.jpg","contentUrl":"https:\/\/gallican-montbrison.fr\/wp\/wp-content\/uploads\/2015\/11\/images.jpg","width":277,"height":182},{"@type":"BreadcrumbList","@id":"https:\/\/gallican-montbrison.fr\/wp\/?p=7476#breadcrumb","itemListElement":[{"@type":"ListItem","position":1,"name":"Accueil","item":"https:\/\/gallican-montbrison.fr\/wp"},{"@type":"ListItem","position":2,"name":"Pentec\u00f4te 2021"}]},{"@type":"WebSite","@id":"https:\/\/gallican-montbrison.fr\/wp\/#website","url":"https:\/\/gallican-montbrison.fr\/wp\/","name":"Chapelle Saint Michel Archange Montbrison","description":"Eglise Gallicane, Tradition Apostolique de Gazinet","potentialAction":[{"@type":"SearchAction","target":{"@type":"EntryPoint","urlTemplate":"https:\/\/gallican-montbrison.fr\/wp\/?s={search_term_string}"},"query-input":{"@type":"PropertyValueSpecification","valueRequired":true,"valueName":"search_term_string"}}],"inLanguage":"fr-FR"},{"@type":"Person","@id":"https:\/\/gallican-montbrison.fr\/wp\/#\/schema\/person\/fc5571a40f7c79de2fb1b0cf72c089a4","name":"Colette","url":"https:\/\/gallican-montbrison.fr\/wp\/?author=3"}]}},"_links":{"self":[{"href":"https:\/\/gallican-montbrison.fr\/wp\/index.php?rest_route=\/wp\/v2\/posts\/7476"}],"collection":[{"href":"https:\/\/gallican-montbrison.fr\/wp\/index.php?rest_route=\/wp\/v2\/posts"}],"about":[{"href":"https:\/\/gallican-montbrison.fr\/wp\/index.php?rest_route=\/wp\/v2\/types\/post"}],"author":[{"embeddable":true,"href":"https:\/\/gallican-montbrison.fr\/wp\/index.php?rest_route=\/wp\/v2\/users\/3"}],"replies":[{"embeddable":true,"href":"https:\/\/gallican-montbrison.fr\/wp\/index.php?rest_route=%2Fwp%2Fv2%2Fcomments&post=7476"}],"version-history":[{"count":6,"href":"https:\/\/gallican-montbrison.fr\/wp\/index.php?rest_route=\/wp\/v2\/posts\/7476\/revisions"}],"predecessor-version":[{"id":7486,"href":"https:\/\/gallican-montbrison.fr\/wp\/index.php?rest_route=\/wp\/v2\/posts\/7476\/revisions\/7486"}],"wp:attachment":[{"href":"https:\/\/gallican-montbrison.fr\/wp\/index.php?rest_route=%2Fwp%2Fv2%2Fmedia&parent=7476"}],"wp:term":[{"taxonomy":"category","embeddable":true,"href":"https:\/\/gallican-montbrison.fr\/wp\/index.php?rest_route=%2Fwp%2Fv2%2Fcategories&post=7476"},{"taxonomy":"post_tag","embeddable":true,"href":"https:\/\/gallican-montbrison.fr\/wp\/index.php?rest_route=%2Fwp%2Fv2%2Ftags&post=7476"}],"curies":[{"name":"wp","href":"https:\/\/api.w.org\/{rel}","templated":true}]}}