{"id":7490,"date":"2021-06-07T18:01:08","date_gmt":"2021-06-07T16:01:08","guid":{"rendered":"https:\/\/gallican-montbrison.fr\/wp\/?p=7490"},"modified":"2021-06-07T18:01:08","modified_gmt":"2021-06-07T16:01:08","slug":"faire-une-place-a-dieu-dans-notre-vie","status":"publish","type":"post","link":"https:\/\/gallican-montbrison.fr\/wp\/?p=7490","title":{"rendered":"Faire une place \u00e0 Dieu dans notre vie."},"content":{"rendered":"\n<figure class=\"wp-block-audio\"><audio controls src=\"https:\/\/gallican-montbrison.fr\/wp\/wp-content\/uploads\/2021\/06\/13-Homelie-2e-dim-apres-Penteco\u0302te-2021-.mp3\"><\/audio><figcaption>Ecouter l&rsquo;hom\u00e9lie 2e Dimanche apr\u00e8s Pentec\u00f4te 2021<br><\/figcaption><\/figure>\n\n\n\n<div class=\"wp-block-image\"><figure class=\"alignleft is-resized\"><img loading=\"lazy\" decoding=\"async\" src=\"https:\/\/gallican-montbrison.fr\/wp\/wp-content\/uploads\/2021\/06\/place-a-dieu.jpeg\" alt=\"\" class=\"wp-image-7492\" width=\"266\" height=\"214\" srcset=\"https:\/\/gallican-montbrison.fr\/wp\/wp-content\/uploads\/2021\/06\/place-a-dieu.jpeg 846w, https:\/\/gallican-montbrison.fr\/wp\/wp-content\/uploads\/2021\/06\/place-a-dieu-300x243.jpeg 300w, https:\/\/gallican-montbrison.fr\/wp\/wp-content\/uploads\/2021\/06\/place-a-dieu-768x621.jpeg 768w\" sizes=\"(max-width: 266px) 100vw, 266px\" \/><\/figure><\/div>\n\n\n\n<p><strong>Ep\u00eetre : St Jean 1&nbsp; 3,13-18<\/strong><\/p>\n\n\n\n<p>Ne vous \u00e9tonnez pas, fr\u00e8res, si les gens de ce monde vous ha\u00efssent<sup>. <\/sup>Nous\n  savons que nous sommes pass\u00e9s de la mort \u00e0 la vie; nous le savons \nparce  que nous aimons nos fr\u00e8res. Celui qui n\u2019aime pas est encore sous \nle  pouvoir de la mort. Quiconque a de la haine pour son fr\u00e8re est un  \nmeurtrier. Or vous savez qu\u2019aucun meurtrier n\u2019a de place en lui pour la \n vie \u00e9ternelle. Voici comment nous savons ce qu\u2019est l\u2019amour&nbsp;:  \nJ\u00e9sus-Christ a donn\u00e9 sa vie pour nous. Donc, nous aussi, nous devons  \n\u00eatre pr\u00eats \u00e0 donner notre vie pour nos fr\u00e8res. Si quelqu\u2019un, ayant  \nlargement de quoi vivre, voit son fr\u00e8re dans le besoin mais lui ferme  \nson coeur , comment peut-il pr\u00e9tendre qu\u2019il aime Dieu&nbsp;? Mes enfants,  \nn\u2019aimons pas seulement en paroles, avec de beaux discours&nbsp;; faisons  \npreuve d\u2019un v\u00e9ritable amour qui se manifeste par des actes.<\/p>\n\n\n\n<p><strong>Evangile:&nbsp; St Luc 14, 16-24<\/strong><\/p>\n\n\n\n<p>J\u00e9sus lui raconta cette parabole&nbsp;: \u00ab&nbsp;Un\n homme offrit un grand repas auquel il invita beaucoup de monde. A \nl\u2019heure du repas, il envoya son serviteur dire aux invit\u00e9s&nbsp;: \u00abVenez, car\n c\u2019est pr\u00eat maintenant.\u00bb Mais tous, l\u2019un apr\u00e8s l\u2019autre, se mirent \u00e0 \ns\u2019excuser. Le premier dit au serviteur&nbsp;: \u00abJ\u2019ai achet\u00e9 un champ et il \nfaut que j\u2019aille le voir&nbsp;; je te prie de m\u2019excuser.\u00bb Un autre lui dit&nbsp;: \n\u00abJ\u2019ai achet\u00e9 cinq paires de boeufs et je vais les essayer&nbsp;; je te prie \nde m\u2019excuser.\u00bb Un autre encore dit&nbsp;: \u00abJe viens de me marier et c\u2019est \npourquoi je ne peux pas y aller.\u00bb Le serviteur retourna aupr\u00e8s de son \nma\u00eetre et lui rapporta ces r\u00e9ponses. Le ma\u00eetre de la maison se mit en \ncol\u00e8re et dit \u00e0 son serviteur&nbsp;: \u00abVa vite sur les places et dans les rues\n de la ville, et am\u00e8ne ici les pauvres, les infirmes, les aveugles et \nles boiteux.\u00bb Apr\u00e8s un moment, le serviteur vint dire&nbsp;: \u00abMa\u00eetre, tes \nordres ont \u00e9t\u00e9 ex\u00e9cut\u00e9s, mais il y a encore de la place.\u00bb Le ma\u00eetre dit \nalors \u00e0 son serviteur&nbsp;: \u00abVa sur les chemins de campagne, le long des \nhaies, et oblige les gens \u00e0 entrer, afin que ma maison soit remplie. Je \nvous le dis&nbsp;: aucun de ceux qui avaient \u00e9t\u00e9 invit\u00e9s ne mangera de mon \nrepas&nbsp;!\u00bb<\/p>\n","protected":false},"excerpt":{"rendered":"<p>Ep\u00eetre : St Jean 1&nbsp; 3,13-18 Ne vous \u00e9tonnez pas, fr\u00e8res, si les gens de ce monde vous ha\u00efssent. Nous savons que nous sommes pass\u00e9s de la mort \u00e0 la vie; nous le savons parce que nous aimons nos fr\u00e8res. &hellip; <a href=\"https:\/\/gallican-montbrison.fr\/wp\/?p=7490\">Continuer la lecture <span class=\"meta-nav\">&rarr;<\/span><\/a><\/p>\n","protected":false},"author":3,"featured_media":0,"comment_status":"closed","ping_status":"open","sticky":false,"template":"","format":"standard","meta":{"footnotes":""},"categories":[4],"tags":[],"class_list":["post-7490","post","type-post","status-publish","format-standard","hentry","category-homelies"],"yoast_head":"<!-- This site is optimized with the Yoast SEO plugin v25.6 - https:\/\/yoast.com\/wordpress\/plugins\/seo\/ -->\n<title>Faire une place \u00e0 Dieu dans notre vie. - Chapelle Saint Michel Archange Montbrison<\/title>\n<meta name=\"robots\" content=\"index, follow, max-snippet:-1, max-image-preview:large, max-video-preview:-1\" \/>\n<link rel=\"canonical\" href=\"https:\/\/gallican-montbrison.fr\/wp\/?p=7490\" \/>\n<meta property=\"og:locale\" content=\"fr_FR\" \/>\n<meta property=\"og:type\" content=\"article\" \/>\n<meta property=\"og:title\" content=\"Faire une place \u00e0 Dieu dans notre vie. - Chapelle Saint Michel Archange Montbrison\" \/>\n<meta property=\"og:description\" content=\"Ep\u00eetre : St Jean 1&nbsp; 3,13-18 Ne vous \u00e9tonnez pas, fr\u00e8res, si les gens de ce monde vous ha\u00efssent. Nous savons que nous sommes pass\u00e9s de la mort \u00e0 la vie; nous le savons parce que nous aimons nos fr\u00e8res. &hellip; Continuer la lecture &rarr;\" \/>\n<meta property=\"og:url\" content=\"https:\/\/gallican-montbrison.fr\/wp\/?p=7490\" \/>\n<meta property=\"og:site_name\" content=\"Chapelle Saint Michel Archange Montbrison\" \/>\n<meta property=\"article:publisher\" content=\"https:\/\/www.facebook.com\/people\/Eglise-Gallicane-Chapelle-Saint-Michel-Archange\/100064564306693\/\" \/>\n<meta property=\"article:published_time\" content=\"2021-06-07T16:01:08+00:00\" \/>\n<meta property=\"og:image\" content=\"https:\/\/gallican-montbrison.fr\/wp\/wp-content\/uploads\/2021\/06\/place-a-dieu.jpeg\" \/>\n<meta name=\"author\" content=\"Colette\" \/>\n<meta name=\"twitter:card\" content=\"summary_large_image\" \/>\n<meta name=\"twitter:label1\" content=\"\u00c9crit par\" \/>\n\t<meta name=\"twitter:data1\" content=\"Colette\" \/>\n\t<meta name=\"twitter:label2\" content=\"Dur\u00e9e de lecture estim\u00e9e\" \/>\n\t<meta name=\"twitter:data2\" content=\"2 minutes\" \/>\n<script type=\"application\/ld+json\" class=\"yoast-schema-graph\">{\"@context\":\"https:\/\/schema.org\",\"@graph\":[{\"@type\":\"WebPage\",\"@id\":\"https:\/\/gallican-montbrison.fr\/wp\/?p=7490\",\"url\":\"https:\/\/gallican-montbrison.fr\/wp\/?p=7490\",\"name\":\"Faire une place \u00e0 Dieu dans notre vie. - Chapelle Saint Michel Archange Montbrison\",\"isPartOf\":{\"@id\":\"https:\/\/gallican-montbrison.fr\/wp\/#website\"},\"primaryImageOfPage\":{\"@id\":\"https:\/\/gallican-montbrison.fr\/wp\/?p=7490#primaryimage\"},\"image\":{\"@id\":\"https:\/\/gallican-montbrison.fr\/wp\/?p=7490#primaryimage\"},\"thumbnailUrl\":\"https:\/\/gallican-montbrison.fr\/wp\/wp-content\/uploads\/2021\/06\/place-a-dieu.jpeg\",\"datePublished\":\"2021-06-07T16:01:08+00:00\",\"author\":{\"@id\":\"https:\/\/gallican-montbrison.fr\/wp\/#\/schema\/person\/fc5571a40f7c79de2fb1b0cf72c089a4\"},\"breadcrumb\":{\"@id\":\"https:\/\/gallican-montbrison.fr\/wp\/?p=7490#breadcrumb\"},\"inLanguage\":\"fr-FR\",\"potentialAction\":[{\"@type\":\"ReadAction\",\"target\":[\"https:\/\/gallican-montbrison.fr\/wp\/?p=7490\"]}]},{\"@type\":\"ImageObject\",\"inLanguage\":\"fr-FR\",\"@id\":\"https:\/\/gallican-montbrison.fr\/wp\/?p=7490#primaryimage\",\"url\":\"https:\/\/gallican-montbrison.fr\/wp\/wp-content\/uploads\/2021\/06\/place-a-dieu.jpeg\",\"contentUrl\":\"https:\/\/gallican-montbrison.fr\/wp\/wp-content\/uploads\/2021\/06\/place-a-dieu.jpeg\",\"width\":846,\"height\":684},{\"@type\":\"BreadcrumbList\",\"@id\":\"https:\/\/gallican-montbrison.fr\/wp\/?p=7490#breadcrumb\",\"itemListElement\":[{\"@type\":\"ListItem\",\"position\":1,\"name\":\"Accueil\",\"item\":\"https:\/\/gallican-montbrison.fr\/wp\"},{\"@type\":\"ListItem\",\"position\":2,\"name\":\"Faire une place \u00e0 Dieu dans notre vie.\"}]},{\"@type\":\"WebSite\",\"@id\":\"https:\/\/gallican-montbrison.fr\/wp\/#website\",\"url\":\"https:\/\/gallican-montbrison.fr\/wp\/\",\"name\":\"Chapelle Saint Michel Archange Montbrison\",\"description\":\"Eglise Gallicane, Tradition Apostolique de Gazinet\",\"potentialAction\":[{\"@type\":\"SearchAction\",\"target\":{\"@type\":\"EntryPoint\",\"urlTemplate\":\"https:\/\/gallican-montbrison.fr\/wp\/?s={search_term_string}\"},\"query-input\":{\"@type\":\"PropertyValueSpecification\",\"valueRequired\":true,\"valueName\":\"search_term_string\"}}],\"inLanguage\":\"fr-FR\"},{\"@type\":\"Person\",\"@id\":\"https:\/\/gallican-montbrison.fr\/wp\/#\/schema\/person\/fc5571a40f7c79de2fb1b0cf72c089a4\",\"name\":\"Colette\",\"url\":\"https:\/\/gallican-montbrison.fr\/wp\/?author=3\"}]}<\/script>\n<!-- \/ Yoast SEO plugin. -->","yoast_head_json":{"title":"Faire une place \u00e0 Dieu dans notre vie. - Chapelle Saint Michel Archange Montbrison","robots":{"index":"index","follow":"follow","max-snippet":"max-snippet:-1","max-image-preview":"max-image-preview:large","max-video-preview":"max-video-preview:-1"},"canonical":"https:\/\/gallican-montbrison.fr\/wp\/?p=7490","og_locale":"fr_FR","og_type":"article","og_title":"Faire une place \u00e0 Dieu dans notre vie. - Chapelle Saint Michel Archange Montbrison","og_description":"Ep\u00eetre : St Jean 1&nbsp; 3,13-18 Ne vous \u00e9tonnez pas, fr\u00e8res, si les gens de ce monde vous ha\u00efssent. Nous savons que nous sommes pass\u00e9s de la mort \u00e0 la vie; nous le savons parce que nous aimons nos fr\u00e8res. &hellip; Continuer la lecture &rarr;","og_url":"https:\/\/gallican-montbrison.fr\/wp\/?p=7490","og_site_name":"Chapelle Saint Michel Archange Montbrison","article_publisher":"https:\/\/www.facebook.com\/people\/Eglise-Gallicane-Chapelle-Saint-Michel-Archange\/100064564306693\/","article_published_time":"2021-06-07T16:01:08+00:00","og_image":[{"url":"https:\/\/gallican-montbrison.fr\/wp\/wp-content\/uploads\/2021\/06\/place-a-dieu.jpeg","type":"","width":"","height":""}],"author":"Colette","twitter_card":"summary_large_image","twitter_misc":{"\u00c9crit par":"Colette","Dur\u00e9e de lecture estim\u00e9e":"2 minutes"},"schema":{"@context":"https:\/\/schema.org","@graph":[{"@type":"WebPage","@id":"https:\/\/gallican-montbrison.fr\/wp\/?p=7490","url":"https:\/\/gallican-montbrison.fr\/wp\/?p=7490","name":"Faire une place \u00e0 Dieu dans notre vie. - Chapelle Saint Michel Archange Montbrison","isPartOf":{"@id":"https:\/\/gallican-montbrison.fr\/wp\/#website"},"primaryImageOfPage":{"@id":"https:\/\/gallican-montbrison.fr\/wp\/?p=7490#primaryimage"},"image":{"@id":"https:\/\/gallican-montbrison.fr\/wp\/?p=7490#primaryimage"},"thumbnailUrl":"https:\/\/gallican-montbrison.fr\/wp\/wp-content\/uploads\/2021\/06\/place-a-dieu.jpeg","datePublished":"2021-06-07T16:01:08+00:00","author":{"@id":"https:\/\/gallican-montbrison.fr\/wp\/#\/schema\/person\/fc5571a40f7c79de2fb1b0cf72c089a4"},"breadcrumb":{"@id":"https:\/\/gallican-montbrison.fr\/wp\/?p=7490#breadcrumb"},"inLanguage":"fr-FR","potentialAction":[{"@type":"ReadAction","target":["https:\/\/gallican-montbrison.fr\/wp\/?p=7490"]}]},{"@type":"ImageObject","inLanguage":"fr-FR","@id":"https:\/\/gallican-montbrison.fr\/wp\/?p=7490#primaryimage","url":"https:\/\/gallican-montbrison.fr\/wp\/wp-content\/uploads\/2021\/06\/place-a-dieu.jpeg","contentUrl":"https:\/\/gallican-montbrison.fr\/wp\/wp-content\/uploads\/2021\/06\/place-a-dieu.jpeg","width":846,"height":684},{"@type":"BreadcrumbList","@id":"https:\/\/gallican-montbrison.fr\/wp\/?p=7490#breadcrumb","itemListElement":[{"@type":"ListItem","position":1,"name":"Accueil","item":"https:\/\/gallican-montbrison.fr\/wp"},{"@type":"ListItem","position":2,"name":"Faire une place \u00e0 Dieu dans notre vie."}]},{"@type":"WebSite","@id":"https:\/\/gallican-montbrison.fr\/wp\/#website","url":"https:\/\/gallican-montbrison.fr\/wp\/","name":"Chapelle Saint Michel Archange Montbrison","description":"Eglise Gallicane, Tradition Apostolique de Gazinet","potentialAction":[{"@type":"SearchAction","target":{"@type":"EntryPoint","urlTemplate":"https:\/\/gallican-montbrison.fr\/wp\/?s={search_term_string}"},"query-input":{"@type":"PropertyValueSpecification","valueRequired":true,"valueName":"search_term_string"}}],"inLanguage":"fr-FR"},{"@type":"Person","@id":"https:\/\/gallican-montbrison.fr\/wp\/#\/schema\/person\/fc5571a40f7c79de2fb1b0cf72c089a4","name":"Colette","url":"https:\/\/gallican-montbrison.fr\/wp\/?author=3"}]}},"_links":{"self":[{"href":"https:\/\/gallican-montbrison.fr\/wp\/index.php?rest_route=\/wp\/v2\/posts\/7490"}],"collection":[{"href":"https:\/\/gallican-montbrison.fr\/wp\/index.php?rest_route=\/wp\/v2\/posts"}],"about":[{"href":"https:\/\/gallican-montbrison.fr\/wp\/index.php?rest_route=\/wp\/v2\/types\/post"}],"author":[{"embeddable":true,"href":"https:\/\/gallican-montbrison.fr\/wp\/index.php?rest_route=\/wp\/v2\/users\/3"}],"replies":[{"embeddable":true,"href":"https:\/\/gallican-montbrison.fr\/wp\/index.php?rest_route=%2Fwp%2Fv2%2Fcomments&post=7490"}],"version-history":[{"count":1,"href":"https:\/\/gallican-montbrison.fr\/wp\/index.php?rest_route=\/wp\/v2\/posts\/7490\/revisions"}],"predecessor-version":[{"id":7493,"href":"https:\/\/gallican-montbrison.fr\/wp\/index.php?rest_route=\/wp\/v2\/posts\/7490\/revisions\/7493"}],"wp:attachment":[{"href":"https:\/\/gallican-montbrison.fr\/wp\/index.php?rest_route=%2Fwp%2Fv2%2Fmedia&parent=7490"}],"wp:term":[{"taxonomy":"category","embeddable":true,"href":"https:\/\/gallican-montbrison.fr\/wp\/index.php?rest_route=%2Fwp%2Fv2%2Fcategories&post=7490"},{"taxonomy":"post_tag","embeddable":true,"href":"https:\/\/gallican-montbrison.fr\/wp\/index.php?rest_route=%2Fwp%2Fv2%2Ftags&post=7490"}],"curies":[{"name":"wp","href":"https:\/\/api.w.org\/{rel}","templated":true}]}}