{"id":7581,"date":"2021-08-30T14:09:57","date_gmt":"2021-08-30T12:09:57","guid":{"rendered":"https:\/\/gallican-montbrison.fr\/wp\/?p=7581"},"modified":"2021-08-30T14:29:10","modified_gmt":"2021-08-30T12:29:10","slug":"bapteme-de-leo-08-2021","status":"publish","type":"post","link":"https:\/\/gallican-montbrison.fr\/wp\/?p=7581","title":{"rendered":"Bapt\u00eame de L\u00e9o (08 2021)"},"content":{"rendered":"\n<div class=\"wp-block-image\"><figure class=\"alignleft is-resized\"><img loading=\"lazy\" decoding=\"async\" src=\"https:\/\/gallican-montbrison.fr\/wp\/wp-content\/uploads\/2021\/08\/Leo-3.jpeg\" alt=\"\" class=\"wp-image-7598\" width=\"186\" height=\"205\" srcset=\"https:\/\/gallican-montbrison.fr\/wp\/wp-content\/uploads\/2021\/08\/Leo-3.jpeg 520w, https:\/\/gallican-montbrison.fr\/wp\/wp-content\/uploads\/2021\/08\/Leo-3-273x300.jpeg 273w\" sizes=\"(max-width: 186px) 100vw, 186px\" \/><\/figure><\/div>\n\n\n\n<p>Quel plus grand bonheur que de faire entrer un enfant dans la grande famille chr\u00e9tienne!&#8230; L\u00e9o a \u00e9t\u00e9 baptis\u00e9 Dimanche \u00e0 la chapelle. Nous remercions ses parents de leur confiance en notre chapelle et en notre Eglise.                 Port\u00e9 par la Foi de ses parents et tout l&rsquo;amour de sa famille, L\u00e9o commence bien sa vie de petit gar\u00e7on. Ses parrain et marraine ainsi que ses cousines l&rsquo;ont assur\u00e9 de leur pr\u00e9sence \u00e0 ses c\u00f4t\u00e9s et de leur affection pour le soutenir et l&rsquo;accompagner tout au long de sa vie.<\/p>\n\n\n\n<figure class=\"wp-block-image\"><img loading=\"lazy\" decoding=\"async\" width=\"1024\" height=\"768\" src=\"https:\/\/gallican-montbrison.fr\/wp\/wp-content\/uploads\/2021\/08\/A2021-1-1024x768.jpg\" alt=\"\" class=\"wp-image-7587\" srcset=\"https:\/\/gallican-montbrison.fr\/wp\/wp-content\/uploads\/2021\/08\/A2021-1-1024x768.jpg 1024w, https:\/\/gallican-montbrison.fr\/wp\/wp-content\/uploads\/2021\/08\/A2021-1-300x225.jpg 300w, https:\/\/gallican-montbrison.fr\/wp\/wp-content\/uploads\/2021\/08\/A2021-1-768x576.jpg 768w\" sizes=\"(max-width: 1024px) 100vw, 1024px\" \/><\/figure>\n\n\n\n<ul class=\"wp-block-gallery columns-3 is-cropped wp-block-gallery-1 is-layout-flex wp-block-gallery-is-layout-flex\"><li class=\"blocks-gallery-item\"><figure><img loading=\"lazy\" decoding=\"async\" width=\"1024\" height=\"768\" src=\"https:\/\/gallican-montbrison.fr\/wp\/wp-content\/uploads\/2021\/08\/B20210829_111703-1024x768.jpg\" alt=\"\" data-id=\"7588\" data-link=\"https:\/\/gallican-montbrison.fr\/wp\/?attachment_id=7588\" class=\"wp-image-7588\" srcset=\"https:\/\/gallican-montbrison.fr\/wp\/wp-content\/uploads\/2021\/08\/B20210829_111703-1024x768.jpg 1024w, https:\/\/gallican-montbrison.fr\/wp\/wp-content\/uploads\/2021\/08\/B20210829_111703-300x225.jpg 300w, https:\/\/gallican-montbrison.fr\/wp\/wp-content\/uploads\/2021\/08\/B20210829_111703-768x576.jpg 768w\" sizes=\"(max-width: 1024px) 100vw, 1024px\" \/><\/figure><\/li><li class=\"blocks-gallery-item\"><figure><img loading=\"lazy\" decoding=\"async\" width=\"804\" height=\"826\" src=\"https:\/\/gallican-montbrison.fr\/wp\/wp-content\/uploads\/2021\/08\/bapteme-1.jpeg\" alt=\"\" data-id=\"7596\" data-link=\"https:\/\/gallican-montbrison.fr\/wp\/?attachment_id=7596\" class=\"wp-image-7596\" srcset=\"https:\/\/gallican-montbrison.fr\/wp\/wp-content\/uploads\/2021\/08\/bapteme-1.jpeg 804w, https:\/\/gallican-montbrison.fr\/wp\/wp-content\/uploads\/2021\/08\/bapteme-1-292x300.jpeg 292w, https:\/\/gallican-montbrison.fr\/wp\/wp-content\/uploads\/2021\/08\/bapteme-1-768x789.jpeg 768w\" sizes=\"(max-width: 804px) 100vw, 804px\" \/><\/figure><\/li><li class=\"blocks-gallery-item\"><figure><img loading=\"lazy\" decoding=\"async\" width=\"768\" height=\"1024\" src=\"https:\/\/gallican-montbrison.fr\/wp\/wp-content\/uploads\/2021\/08\/C20210829-2-768x1024.jpg\" alt=\"\" data-id=\"7597\" data-link=\"https:\/\/gallican-montbrison.fr\/wp\/?attachment_id=7597\" class=\"wp-image-7597\" srcset=\"https:\/\/gallican-montbrison.fr\/wp\/wp-content\/uploads\/2021\/08\/C20210829-2-768x1024.jpg 768w, https:\/\/gallican-montbrison.fr\/wp\/wp-content\/uploads\/2021\/08\/C20210829-2-225x300.jpg 225w\" sizes=\"(max-width: 768px) 100vw, 768px\" \/><\/figure><\/li><\/ul>\n","protected":false},"excerpt":{"rendered":"<p>Quel plus grand bonheur que de faire entrer un enfant dans la grande famille chr\u00e9tienne!&#8230; L\u00e9o a \u00e9t\u00e9 baptis\u00e9 Dimanche \u00e0 la chapelle. Nous remercions ses parents de leur confiance en notre chapelle et en notre Eglise. Port\u00e9 par la &hellip; <a href=\"https:\/\/gallican-montbrison.fr\/wp\/?p=7581\">Continuer la lecture <span class=\"meta-nav\">&rarr;<\/span><\/a><\/p>\n","protected":false},"author":3,"featured_media":0,"comment_status":"closed","ping_status":"open","sticky":false,"template":"","format":"standard","meta":{"footnotes":""},"categories":[249,5],"tags":[],"class_list":["post-7581","post","type-post","status-publish","format-standard","hentry","category-sacrements","category-vie-de-la-chapelle"],"yoast_head":"<!-- This site is optimized with the Yoast SEO plugin v25.6 - https:\/\/yoast.com\/wordpress\/plugins\/seo\/ -->\n<title>Bapt\u00eame de L\u00e9o (08 2021) - Chapelle Saint Michel Archange Montbrison<\/title>\n<meta name=\"robots\" content=\"index, follow, max-snippet:-1, max-image-preview:large, max-video-preview:-1\" \/>\n<link rel=\"canonical\" href=\"https:\/\/gallican-montbrison.fr\/wp\/?p=7581\" \/>\n<meta property=\"og:locale\" content=\"fr_FR\" \/>\n<meta property=\"og:type\" content=\"article\" \/>\n<meta property=\"og:title\" content=\"Bapt\u00eame de L\u00e9o (08 2021) - Chapelle Saint Michel Archange Montbrison\" \/>\n<meta property=\"og:description\" content=\"Quel plus grand bonheur que de faire entrer un enfant dans la grande famille chr\u00e9tienne!&#8230; L\u00e9o a \u00e9t\u00e9 baptis\u00e9 Dimanche \u00e0 la chapelle. Nous remercions ses parents de leur confiance en notre chapelle et en notre Eglise. Port\u00e9 par la &hellip; Continuer la lecture &rarr;\" \/>\n<meta property=\"og:url\" content=\"https:\/\/gallican-montbrison.fr\/wp\/?p=7581\" \/>\n<meta property=\"og:site_name\" content=\"Chapelle Saint Michel Archange Montbrison\" \/>\n<meta property=\"article:publisher\" content=\"https:\/\/www.facebook.com\/people\/Eglise-Gallicane-Chapelle-Saint-Michel-Archange\/100064564306693\/\" \/>\n<meta property=\"article:published_time\" content=\"2021-08-30T12:09:57+00:00\" \/>\n<meta property=\"article:modified_time\" content=\"2021-08-30T12:29:10+00:00\" \/>\n<meta property=\"og:image\" content=\"https:\/\/gallican-montbrison.fr\/wp\/wp-content\/uploads\/2021\/08\/Leo-3.jpeg\" \/>\n<meta name=\"author\" content=\"Colette\" \/>\n<meta name=\"twitter:card\" content=\"summary_large_image\" \/>\n<meta name=\"twitter:label1\" content=\"\u00c9crit par\" \/>\n\t<meta name=\"twitter:data1\" content=\"Colette\" \/>\n<script type=\"application\/ld+json\" class=\"yoast-schema-graph\">{\"@context\":\"https:\/\/schema.org\",\"@graph\":[{\"@type\":\"WebPage\",\"@id\":\"https:\/\/gallican-montbrison.fr\/wp\/?p=7581\",\"url\":\"https:\/\/gallican-montbrison.fr\/wp\/?p=7581\",\"name\":\"Bapt\u00eame de L\u00e9o (08 2021) - Chapelle Saint Michel Archange Montbrison\",\"isPartOf\":{\"@id\":\"https:\/\/gallican-montbrison.fr\/wp\/#website\"},\"primaryImageOfPage\":{\"@id\":\"https:\/\/gallican-montbrison.fr\/wp\/?p=7581#primaryimage\"},\"image\":{\"@id\":\"https:\/\/gallican-montbrison.fr\/wp\/?p=7581#primaryimage\"},\"thumbnailUrl\":\"https:\/\/gallican-montbrison.fr\/wp\/wp-content\/uploads\/2021\/08\/Leo-3.jpeg\",\"datePublished\":\"2021-08-30T12:09:57+00:00\",\"dateModified\":\"2021-08-30T12:29:10+00:00\",\"author\":{\"@id\":\"https:\/\/gallican-montbrison.fr\/wp\/#\/schema\/person\/fc5571a40f7c79de2fb1b0cf72c089a4\"},\"breadcrumb\":{\"@id\":\"https:\/\/gallican-montbrison.fr\/wp\/?p=7581#breadcrumb\"},\"inLanguage\":\"fr-FR\",\"potentialAction\":[{\"@type\":\"ReadAction\",\"target\":[\"https:\/\/gallican-montbrison.fr\/wp\/?p=7581\"]}]},{\"@type\":\"ImageObject\",\"inLanguage\":\"fr-FR\",\"@id\":\"https:\/\/gallican-montbrison.fr\/wp\/?p=7581#primaryimage\",\"url\":\"https:\/\/gallican-montbrison.fr\/wp\/wp-content\/uploads\/2021\/08\/Leo-3.jpeg\",\"contentUrl\":\"https:\/\/gallican-montbrison.fr\/wp\/wp-content\/uploads\/2021\/08\/Leo-3.jpeg\",\"width\":520,\"height\":572},{\"@type\":\"BreadcrumbList\",\"@id\":\"https:\/\/gallican-montbrison.fr\/wp\/?p=7581#breadcrumb\",\"itemListElement\":[{\"@type\":\"ListItem\",\"position\":1,\"name\":\"Accueil\",\"item\":\"https:\/\/gallican-montbrison.fr\/wp\"},{\"@type\":\"ListItem\",\"position\":2,\"name\":\"Bapt\u00eame de L\u00e9o (08 2021)\"}]},{\"@type\":\"WebSite\",\"@id\":\"https:\/\/gallican-montbrison.fr\/wp\/#website\",\"url\":\"https:\/\/gallican-montbrison.fr\/wp\/\",\"name\":\"Chapelle Saint Michel Archange Montbrison\",\"description\":\"Eglise Gallicane, Tradition Apostolique de Gazinet\",\"potentialAction\":[{\"@type\":\"SearchAction\",\"target\":{\"@type\":\"EntryPoint\",\"urlTemplate\":\"https:\/\/gallican-montbrison.fr\/wp\/?s={search_term_string}\"},\"query-input\":{\"@type\":\"PropertyValueSpecification\",\"valueRequired\":true,\"valueName\":\"search_term_string\"}}],\"inLanguage\":\"fr-FR\"},{\"@type\":\"Person\",\"@id\":\"https:\/\/gallican-montbrison.fr\/wp\/#\/schema\/person\/fc5571a40f7c79de2fb1b0cf72c089a4\",\"name\":\"Colette\",\"url\":\"https:\/\/gallican-montbrison.fr\/wp\/?author=3\"}]}<\/script>\n<!-- \/ Yoast SEO plugin. -->","yoast_head_json":{"title":"Bapt\u00eame de L\u00e9o (08 2021) - Chapelle Saint Michel Archange Montbrison","robots":{"index":"index","follow":"follow","max-snippet":"max-snippet:-1","max-image-preview":"max-image-preview:large","max-video-preview":"max-video-preview:-1"},"canonical":"https:\/\/gallican-montbrison.fr\/wp\/?p=7581","og_locale":"fr_FR","og_type":"article","og_title":"Bapt\u00eame de L\u00e9o (08 2021) - Chapelle Saint Michel Archange Montbrison","og_description":"Quel plus grand bonheur que de faire entrer un enfant dans la grande famille chr\u00e9tienne!&#8230; L\u00e9o a \u00e9t\u00e9 baptis\u00e9 Dimanche \u00e0 la chapelle. Nous remercions ses parents de leur confiance en notre chapelle et en notre Eglise. Port\u00e9 par la &hellip; Continuer la lecture &rarr;","og_url":"https:\/\/gallican-montbrison.fr\/wp\/?p=7581","og_site_name":"Chapelle Saint Michel Archange Montbrison","article_publisher":"https:\/\/www.facebook.com\/people\/Eglise-Gallicane-Chapelle-Saint-Michel-Archange\/100064564306693\/","article_published_time":"2021-08-30T12:09:57+00:00","article_modified_time":"2021-08-30T12:29:10+00:00","og_image":[{"url":"https:\/\/gallican-montbrison.fr\/wp\/wp-content\/uploads\/2021\/08\/Leo-3.jpeg","type":"","width":"","height":""}],"author":"Colette","twitter_card":"summary_large_image","twitter_misc":{"\u00c9crit par":"Colette"},"schema":{"@context":"https:\/\/schema.org","@graph":[{"@type":"WebPage","@id":"https:\/\/gallican-montbrison.fr\/wp\/?p=7581","url":"https:\/\/gallican-montbrison.fr\/wp\/?p=7581","name":"Bapt\u00eame de L\u00e9o (08 2021) - Chapelle Saint Michel Archange Montbrison","isPartOf":{"@id":"https:\/\/gallican-montbrison.fr\/wp\/#website"},"primaryImageOfPage":{"@id":"https:\/\/gallican-montbrison.fr\/wp\/?p=7581#primaryimage"},"image":{"@id":"https:\/\/gallican-montbrison.fr\/wp\/?p=7581#primaryimage"},"thumbnailUrl":"https:\/\/gallican-montbrison.fr\/wp\/wp-content\/uploads\/2021\/08\/Leo-3.jpeg","datePublished":"2021-08-30T12:09:57+00:00","dateModified":"2021-08-30T12:29:10+00:00","author":{"@id":"https:\/\/gallican-montbrison.fr\/wp\/#\/schema\/person\/fc5571a40f7c79de2fb1b0cf72c089a4"},"breadcrumb":{"@id":"https:\/\/gallican-montbrison.fr\/wp\/?p=7581#breadcrumb"},"inLanguage":"fr-FR","potentialAction":[{"@type":"ReadAction","target":["https:\/\/gallican-montbrison.fr\/wp\/?p=7581"]}]},{"@type":"ImageObject","inLanguage":"fr-FR","@id":"https:\/\/gallican-montbrison.fr\/wp\/?p=7581#primaryimage","url":"https:\/\/gallican-montbrison.fr\/wp\/wp-content\/uploads\/2021\/08\/Leo-3.jpeg","contentUrl":"https:\/\/gallican-montbrison.fr\/wp\/wp-content\/uploads\/2021\/08\/Leo-3.jpeg","width":520,"height":572},{"@type":"BreadcrumbList","@id":"https:\/\/gallican-montbrison.fr\/wp\/?p=7581#breadcrumb","itemListElement":[{"@type":"ListItem","position":1,"name":"Accueil","item":"https:\/\/gallican-montbrison.fr\/wp"},{"@type":"ListItem","position":2,"name":"Bapt\u00eame de L\u00e9o (08 2021)"}]},{"@type":"WebSite","@id":"https:\/\/gallican-montbrison.fr\/wp\/#website","url":"https:\/\/gallican-montbrison.fr\/wp\/","name":"Chapelle Saint Michel Archange Montbrison","description":"Eglise Gallicane, Tradition Apostolique de Gazinet","potentialAction":[{"@type":"SearchAction","target":{"@type":"EntryPoint","urlTemplate":"https:\/\/gallican-montbrison.fr\/wp\/?s={search_term_string}"},"query-input":{"@type":"PropertyValueSpecification","valueRequired":true,"valueName":"search_term_string"}}],"inLanguage":"fr-FR"},{"@type":"Person","@id":"https:\/\/gallican-montbrison.fr\/wp\/#\/schema\/person\/fc5571a40f7c79de2fb1b0cf72c089a4","name":"Colette","url":"https:\/\/gallican-montbrison.fr\/wp\/?author=3"}]}},"_links":{"self":[{"href":"https:\/\/gallican-montbrison.fr\/wp\/index.php?rest_route=\/wp\/v2\/posts\/7581"}],"collection":[{"href":"https:\/\/gallican-montbrison.fr\/wp\/index.php?rest_route=\/wp\/v2\/posts"}],"about":[{"href":"https:\/\/gallican-montbrison.fr\/wp\/index.php?rest_route=\/wp\/v2\/types\/post"}],"author":[{"embeddable":true,"href":"https:\/\/gallican-montbrison.fr\/wp\/index.php?rest_route=\/wp\/v2\/users\/3"}],"replies":[{"embeddable":true,"href":"https:\/\/gallican-montbrison.fr\/wp\/index.php?rest_route=%2Fwp%2Fv2%2Fcomments&post=7581"}],"version-history":[{"count":4,"href":"https:\/\/gallican-montbrison.fr\/wp\/index.php?rest_route=\/wp\/v2\/posts\/7581\/revisions"}],"predecessor-version":[{"id":7599,"href":"https:\/\/gallican-montbrison.fr\/wp\/index.php?rest_route=\/wp\/v2\/posts\/7581\/revisions\/7599"}],"wp:attachment":[{"href":"https:\/\/gallican-montbrison.fr\/wp\/index.php?rest_route=%2Fwp%2Fv2%2Fmedia&parent=7581"}],"wp:term":[{"taxonomy":"category","embeddable":true,"href":"https:\/\/gallican-montbrison.fr\/wp\/index.php?rest_route=%2Fwp%2Fv2%2Fcategories&post=7581"},{"taxonomy":"post_tag","embeddable":true,"href":"https:\/\/gallican-montbrison.fr\/wp\/index.php?rest_route=%2Fwp%2Fv2%2Ftags&post=7581"}],"curies":[{"name":"wp","href":"https:\/\/api.w.org\/{rel}","templated":true}]}}