{"id":7998,"date":"2022-06-27T18:59:17","date_gmt":"2022-06-27T16:59:17","guid":{"rendered":"https:\/\/gallican-montbrison.fr\/wp\/?p=7998"},"modified":"2022-06-27T19:07:46","modified_gmt":"2022-06-27T17:07:46","slug":"mariage-angelique-et-jonathan-06-2022","status":"publish","type":"post","link":"https:\/\/gallican-montbrison.fr\/wp\/?p=7998","title":{"rendered":"Mariage Ang\u00e9lique et Jonathan (06 2022)"},"content":{"rendered":"\n<figure class=\"wp-block-gallery has-nested-images columns-default is-cropped wp-block-gallery-1 is-layout-flex wp-block-gallery-is-layout-flex\"><\/figure>\n\n\n\n<div class=\"wp-block-group\"><div class=\"wp-block-group__inner-container is-layout-flow wp-block-group-is-layout-flow\">\n<div class=\"wp-block-image is-style-default\"><figure class=\"alignleft is-resized\"><img loading=\"lazy\" decoding=\"async\" src=\"https:\/\/gallican-montbrison.fr\/wp\/wp-content\/uploads\/2022\/06\/20220625_165749-2-768x1024.jpg\" alt=\"\" class=\"wp-image-8001\" width=\"251\" height=\"334\" srcset=\"https:\/\/gallican-montbrison.fr\/wp\/wp-content\/uploads\/2022\/06\/20220625_165749-2-768x1024.jpg 768w, https:\/\/gallican-montbrison.fr\/wp\/wp-content\/uploads\/2022\/06\/20220625_165749-2-225x300.jpg 225w, https:\/\/gallican-montbrison.fr\/wp\/wp-content\/uploads\/2022\/06\/20220625_165749-2-1152x1536.jpg 1152w, https:\/\/gallican-montbrison.fr\/wp\/wp-content\/uploads\/2022\/06\/20220625_165749-2-1536x2048.jpg 1536w, https:\/\/gallican-montbrison.fr\/wp\/wp-content\/uploads\/2022\/06\/20220625_165749-2-scaled.jpg 1920w\" sizes=\"(max-width: 251px) 100vw, 251px\" \/><\/figure><\/div>\n<\/div><\/div>\n\n\n\n<p>Ang\u00e9lique et Jonathan, 16 ans de vie commune et 3 enfants .. ils se sont dits OUI ce week-end devant Dieu. Nous avons re\u00e7u leur consentement dans un magnifique cadre champ\u00eatre et sous quelques gouttes d&rsquo;eau &#8230; heureusement pas trop .. juste ce qu&rsquo;il faut pour se rappeler que \u00ab\u00a0mariage pluvieux, mariage heureux!\u00a0\u00bb.. F\u00e9licitations et beaucoup de bonheur \u00e0 cette belle famille.<\/p>\n\n\n\n<figure class=\"wp-block-gallery has-nested-images columns-default is-cropped wp-block-gallery-2 is-layout-flex wp-block-gallery-is-layout-flex\">\n<figure class=\"wp-block-image size-large\"><a href=\"https:\/\/gallican-montbrison.fr\/wp\/wp-content\/uploads\/2022\/06\/20220625_162421-scaled.jpg\"><img loading=\"lazy\" decoding=\"async\" width=\"768\" height=\"1024\" data-id=\"8002\" src=\"https:\/\/gallican-montbrison.fr\/wp\/wp-content\/uploads\/2022\/06\/20220625_162421-768x1024.jpg\" alt=\"\" class=\"wp-image-8002\" srcset=\"https:\/\/gallican-montbrison.fr\/wp\/wp-content\/uploads\/2022\/06\/20220625_162421-768x1024.jpg 768w, https:\/\/gallican-montbrison.fr\/wp\/wp-content\/uploads\/2022\/06\/20220625_162421-225x300.jpg 225w, https:\/\/gallican-montbrison.fr\/wp\/wp-content\/uploads\/2022\/06\/20220625_162421-1152x1536.jpg 1152w, https:\/\/gallican-montbrison.fr\/wp\/wp-content\/uploads\/2022\/06\/20220625_162421-1536x2048.jpg 1536w, https:\/\/gallican-montbrison.fr\/wp\/wp-content\/uploads\/2022\/06\/20220625_162421-scaled.jpg 1920w\" sizes=\"(max-width: 768px) 100vw, 768px\" \/><\/a><\/figure>\n\n\n\n<figure class=\"wp-block-image size-large\"><a href=\"https:\/\/gallican-montbrison.fr\/wp\/wp-content\/uploads\/2022\/06\/20220625_163844-scaled.jpg\"><img loading=\"lazy\" decoding=\"async\" width=\"768\" height=\"1024\" data-id=\"8003\" src=\"https:\/\/gallican-montbrison.fr\/wp\/wp-content\/uploads\/2022\/06\/20220625_163844-768x1024.jpg\" alt=\"\" class=\"wp-image-8003\" srcset=\"https:\/\/gallican-montbrison.fr\/wp\/wp-content\/uploads\/2022\/06\/20220625_163844-768x1024.jpg 768w, https:\/\/gallican-montbrison.fr\/wp\/wp-content\/uploads\/2022\/06\/20220625_163844-225x300.jpg 225w, https:\/\/gallican-montbrison.fr\/wp\/wp-content\/uploads\/2022\/06\/20220625_163844-1152x1536.jpg 1152w, https:\/\/gallican-montbrison.fr\/wp\/wp-content\/uploads\/2022\/06\/20220625_163844-1536x2048.jpg 1536w, https:\/\/gallican-montbrison.fr\/wp\/wp-content\/uploads\/2022\/06\/20220625_163844-scaled.jpg 1920w\" sizes=\"(max-width: 768px) 100vw, 768px\" \/><\/a><\/figure>\n\n\n\n<figure class=\"wp-block-image size-large\"><a href=\"https:\/\/gallican-montbrison.fr\/wp\/wp-content\/uploads\/2022\/06\/20220625_170028-scaled.jpg\"><img loading=\"lazy\" decoding=\"async\" width=\"768\" height=\"1024\" data-id=\"8004\" src=\"https:\/\/gallican-montbrison.fr\/wp\/wp-content\/uploads\/2022\/06\/20220625_170028-768x1024.jpg\" alt=\"\" class=\"wp-image-8004\" srcset=\"https:\/\/gallican-montbrison.fr\/wp\/wp-content\/uploads\/2022\/06\/20220625_170028-768x1024.jpg 768w, https:\/\/gallican-montbrison.fr\/wp\/wp-content\/uploads\/2022\/06\/20220625_170028-225x300.jpg 225w, https:\/\/gallican-montbrison.fr\/wp\/wp-content\/uploads\/2022\/06\/20220625_170028-1152x1536.jpg 1152w, https:\/\/gallican-montbrison.fr\/wp\/wp-content\/uploads\/2022\/06\/20220625_170028-1536x2048.jpg 1536w, https:\/\/gallican-montbrison.fr\/wp\/wp-content\/uploads\/2022\/06\/20220625_170028-scaled.jpg 1920w\" sizes=\"(max-width: 768px) 100vw, 768px\" \/><\/a><\/figure>\n<\/figure>\n","protected":false},"excerpt":{"rendered":"<p>Ang\u00e9lique et Jonathan, 16 ans de vie commune et 3 enfants .. ils se sont dits OUI ce week-end devant Dieu. Nous avons re\u00e7u leur consentement dans un magnifique cadre champ\u00eatre et sous quelques gouttes d&rsquo;eau &#8230; heureusement pas trop &hellip; <a href=\"https:\/\/gallican-montbrison.fr\/wp\/?p=7998\">Continuer la lecture <span class=\"meta-nav\">&rarr;<\/span><\/a><\/p>\n","protected":false},"author":3,"featured_media":0,"comment_status":"closed","ping_status":"open","sticky":false,"template":"","format":"standard","meta":{"footnotes":""},"categories":[249,5],"tags":[],"class_list":["post-7998","post","type-post","status-publish","format-standard","hentry","category-sacrements","category-vie-de-la-chapelle"],"yoast_head":"<!-- This site is optimized with the Yoast SEO plugin v25.6 - https:\/\/yoast.com\/wordpress\/plugins\/seo\/ -->\n<title>Mariage Ang\u00e9lique et Jonathan (06 2022) - Chapelle Saint Michel Archange Montbrison<\/title>\n<meta name=\"robots\" content=\"index, follow, max-snippet:-1, max-image-preview:large, max-video-preview:-1\" \/>\n<link rel=\"canonical\" href=\"https:\/\/gallican-montbrison.fr\/wp\/?p=7998\" \/>\n<meta property=\"og:locale\" content=\"fr_FR\" \/>\n<meta property=\"og:type\" content=\"article\" \/>\n<meta property=\"og:title\" content=\"Mariage Ang\u00e9lique et Jonathan (06 2022) - Chapelle Saint Michel Archange Montbrison\" \/>\n<meta property=\"og:description\" content=\"Ang\u00e9lique et Jonathan, 16 ans de vie commune et 3 enfants .. ils se sont dits OUI ce week-end devant Dieu. Nous avons re\u00e7u leur consentement dans un magnifique cadre champ\u00eatre et sous quelques gouttes d&rsquo;eau &#8230; heureusement pas trop &hellip; Continuer la lecture &rarr;\" \/>\n<meta property=\"og:url\" content=\"https:\/\/gallican-montbrison.fr\/wp\/?p=7998\" \/>\n<meta property=\"og:site_name\" content=\"Chapelle Saint Michel Archange Montbrison\" \/>\n<meta property=\"article:publisher\" content=\"https:\/\/www.facebook.com\/people\/Eglise-Gallicane-Chapelle-Saint-Michel-Archange\/100064564306693\/\" \/>\n<meta property=\"article:published_time\" content=\"2022-06-27T16:59:17+00:00\" \/>\n<meta property=\"article:modified_time\" content=\"2022-06-27T17:07:46+00:00\" \/>\n<meta property=\"og:image\" content=\"https:\/\/gallican-montbrison.fr\/wp\/wp-content\/uploads\/2022\/06\/20220625_165749-2-768x1024.jpg\" \/>\n<meta name=\"author\" content=\"Colette\" \/>\n<meta name=\"twitter:card\" content=\"summary_large_image\" \/>\n<meta name=\"twitter:label1\" content=\"\u00c9crit par\" \/>\n\t<meta name=\"twitter:data1\" content=\"Colette\" \/>\n<script type=\"application\/ld+json\" class=\"yoast-schema-graph\">{\"@context\":\"https:\/\/schema.org\",\"@graph\":[{\"@type\":\"WebPage\",\"@id\":\"https:\/\/gallican-montbrison.fr\/wp\/?p=7998\",\"url\":\"https:\/\/gallican-montbrison.fr\/wp\/?p=7998\",\"name\":\"Mariage Ang\u00e9lique et Jonathan (06 2022) - Chapelle Saint Michel Archange Montbrison\",\"isPartOf\":{\"@id\":\"https:\/\/gallican-montbrison.fr\/wp\/#website\"},\"primaryImageOfPage\":{\"@id\":\"https:\/\/gallican-montbrison.fr\/wp\/?p=7998#primaryimage\"},\"image\":{\"@id\":\"https:\/\/gallican-montbrison.fr\/wp\/?p=7998#primaryimage\"},\"thumbnailUrl\":\"https:\/\/gallican-montbrison.fr\/wp\/wp-content\/uploads\/2022\/06\/20220625_165749-2-768x1024.jpg\",\"datePublished\":\"2022-06-27T16:59:17+00:00\",\"dateModified\":\"2022-06-27T17:07:46+00:00\",\"author\":{\"@id\":\"https:\/\/gallican-montbrison.fr\/wp\/#\/schema\/person\/fc5571a40f7c79de2fb1b0cf72c089a4\"},\"breadcrumb\":{\"@id\":\"https:\/\/gallican-montbrison.fr\/wp\/?p=7998#breadcrumb\"},\"inLanguage\":\"fr-FR\",\"potentialAction\":[{\"@type\":\"ReadAction\",\"target\":[\"https:\/\/gallican-montbrison.fr\/wp\/?p=7998\"]}]},{\"@type\":\"ImageObject\",\"inLanguage\":\"fr-FR\",\"@id\":\"https:\/\/gallican-montbrison.fr\/wp\/?p=7998#primaryimage\",\"url\":\"https:\/\/gallican-montbrison.fr\/wp\/wp-content\/uploads\/2022\/06\/20220625_165749-2-scaled.jpg\",\"contentUrl\":\"https:\/\/gallican-montbrison.fr\/wp\/wp-content\/uploads\/2022\/06\/20220625_165749-2-scaled.jpg\",\"width\":1920,\"height\":2560},{\"@type\":\"BreadcrumbList\",\"@id\":\"https:\/\/gallican-montbrison.fr\/wp\/?p=7998#breadcrumb\",\"itemListElement\":[{\"@type\":\"ListItem\",\"position\":1,\"name\":\"Accueil\",\"item\":\"https:\/\/gallican-montbrison.fr\/wp\"},{\"@type\":\"ListItem\",\"position\":2,\"name\":\"Mariage Ang\u00e9lique et Jonathan (06 2022)\"}]},{\"@type\":\"WebSite\",\"@id\":\"https:\/\/gallican-montbrison.fr\/wp\/#website\",\"url\":\"https:\/\/gallican-montbrison.fr\/wp\/\",\"name\":\"Chapelle Saint Michel Archange Montbrison\",\"description\":\"Eglise Gallicane, Tradition Apostolique de Gazinet\",\"potentialAction\":[{\"@type\":\"SearchAction\",\"target\":{\"@type\":\"EntryPoint\",\"urlTemplate\":\"https:\/\/gallican-montbrison.fr\/wp\/?s={search_term_string}\"},\"query-input\":{\"@type\":\"PropertyValueSpecification\",\"valueRequired\":true,\"valueName\":\"search_term_string\"}}],\"inLanguage\":\"fr-FR\"},{\"@type\":\"Person\",\"@id\":\"https:\/\/gallican-montbrison.fr\/wp\/#\/schema\/person\/fc5571a40f7c79de2fb1b0cf72c089a4\",\"name\":\"Colette\",\"url\":\"https:\/\/gallican-montbrison.fr\/wp\/?author=3\"}]}<\/script>\n<!-- \/ Yoast SEO plugin. -->","yoast_head_json":{"title":"Mariage Ang\u00e9lique et Jonathan (06 2022) - Chapelle Saint Michel Archange Montbrison","robots":{"index":"index","follow":"follow","max-snippet":"max-snippet:-1","max-image-preview":"max-image-preview:large","max-video-preview":"max-video-preview:-1"},"canonical":"https:\/\/gallican-montbrison.fr\/wp\/?p=7998","og_locale":"fr_FR","og_type":"article","og_title":"Mariage Ang\u00e9lique et Jonathan (06 2022) - Chapelle Saint Michel Archange Montbrison","og_description":"Ang\u00e9lique et Jonathan, 16 ans de vie commune et 3 enfants .. ils se sont dits OUI ce week-end devant Dieu. Nous avons re\u00e7u leur consentement dans un magnifique cadre champ\u00eatre et sous quelques gouttes d&rsquo;eau &#8230; heureusement pas trop &hellip; Continuer la lecture &rarr;","og_url":"https:\/\/gallican-montbrison.fr\/wp\/?p=7998","og_site_name":"Chapelle Saint Michel Archange Montbrison","article_publisher":"https:\/\/www.facebook.com\/people\/Eglise-Gallicane-Chapelle-Saint-Michel-Archange\/100064564306693\/","article_published_time":"2022-06-27T16:59:17+00:00","article_modified_time":"2022-06-27T17:07:46+00:00","og_image":[{"url":"https:\/\/gallican-montbrison.fr\/wp\/wp-content\/uploads\/2022\/06\/20220625_165749-2-768x1024.jpg","type":"","width":"","height":""}],"author":"Colette","twitter_card":"summary_large_image","twitter_misc":{"\u00c9crit par":"Colette"},"schema":{"@context":"https:\/\/schema.org","@graph":[{"@type":"WebPage","@id":"https:\/\/gallican-montbrison.fr\/wp\/?p=7998","url":"https:\/\/gallican-montbrison.fr\/wp\/?p=7998","name":"Mariage Ang\u00e9lique et Jonathan (06 2022) - Chapelle Saint Michel Archange Montbrison","isPartOf":{"@id":"https:\/\/gallican-montbrison.fr\/wp\/#website"},"primaryImageOfPage":{"@id":"https:\/\/gallican-montbrison.fr\/wp\/?p=7998#primaryimage"},"image":{"@id":"https:\/\/gallican-montbrison.fr\/wp\/?p=7998#primaryimage"},"thumbnailUrl":"https:\/\/gallican-montbrison.fr\/wp\/wp-content\/uploads\/2022\/06\/20220625_165749-2-768x1024.jpg","datePublished":"2022-06-27T16:59:17+00:00","dateModified":"2022-06-27T17:07:46+00:00","author":{"@id":"https:\/\/gallican-montbrison.fr\/wp\/#\/schema\/person\/fc5571a40f7c79de2fb1b0cf72c089a4"},"breadcrumb":{"@id":"https:\/\/gallican-montbrison.fr\/wp\/?p=7998#breadcrumb"},"inLanguage":"fr-FR","potentialAction":[{"@type":"ReadAction","target":["https:\/\/gallican-montbrison.fr\/wp\/?p=7998"]}]},{"@type":"ImageObject","inLanguage":"fr-FR","@id":"https:\/\/gallican-montbrison.fr\/wp\/?p=7998#primaryimage","url":"https:\/\/gallican-montbrison.fr\/wp\/wp-content\/uploads\/2022\/06\/20220625_165749-2-scaled.jpg","contentUrl":"https:\/\/gallican-montbrison.fr\/wp\/wp-content\/uploads\/2022\/06\/20220625_165749-2-scaled.jpg","width":1920,"height":2560},{"@type":"BreadcrumbList","@id":"https:\/\/gallican-montbrison.fr\/wp\/?p=7998#breadcrumb","itemListElement":[{"@type":"ListItem","position":1,"name":"Accueil","item":"https:\/\/gallican-montbrison.fr\/wp"},{"@type":"ListItem","position":2,"name":"Mariage Ang\u00e9lique et Jonathan (06 2022)"}]},{"@type":"WebSite","@id":"https:\/\/gallican-montbrison.fr\/wp\/#website","url":"https:\/\/gallican-montbrison.fr\/wp\/","name":"Chapelle Saint Michel Archange Montbrison","description":"Eglise Gallicane, Tradition Apostolique de Gazinet","potentialAction":[{"@type":"SearchAction","target":{"@type":"EntryPoint","urlTemplate":"https:\/\/gallican-montbrison.fr\/wp\/?s={search_term_string}"},"query-input":{"@type":"PropertyValueSpecification","valueRequired":true,"valueName":"search_term_string"}}],"inLanguage":"fr-FR"},{"@type":"Person","@id":"https:\/\/gallican-montbrison.fr\/wp\/#\/schema\/person\/fc5571a40f7c79de2fb1b0cf72c089a4","name":"Colette","url":"https:\/\/gallican-montbrison.fr\/wp\/?author=3"}]}},"_links":{"self":[{"href":"https:\/\/gallican-montbrison.fr\/wp\/index.php?rest_route=\/wp\/v2\/posts\/7998"}],"collection":[{"href":"https:\/\/gallican-montbrison.fr\/wp\/index.php?rest_route=\/wp\/v2\/posts"}],"about":[{"href":"https:\/\/gallican-montbrison.fr\/wp\/index.php?rest_route=\/wp\/v2\/types\/post"}],"author":[{"embeddable":true,"href":"https:\/\/gallican-montbrison.fr\/wp\/index.php?rest_route=\/wp\/v2\/users\/3"}],"replies":[{"embeddable":true,"href":"https:\/\/gallican-montbrison.fr\/wp\/index.php?rest_route=%2Fwp%2Fv2%2Fcomments&post=7998"}],"version-history":[{"count":4,"href":"https:\/\/gallican-montbrison.fr\/wp\/index.php?rest_route=\/wp\/v2\/posts\/7998\/revisions"}],"predecessor-version":[{"id":8012,"href":"https:\/\/gallican-montbrison.fr\/wp\/index.php?rest_route=\/wp\/v2\/posts\/7998\/revisions\/8012"}],"wp:attachment":[{"href":"https:\/\/gallican-montbrison.fr\/wp\/index.php?rest_route=%2Fwp%2Fv2%2Fmedia&parent=7998"}],"wp:term":[{"taxonomy":"category","embeddable":true,"href":"https:\/\/gallican-montbrison.fr\/wp\/index.php?rest_route=%2Fwp%2Fv2%2Fcategories&post=7998"},{"taxonomy":"post_tag","embeddable":true,"href":"https:\/\/gallican-montbrison.fr\/wp\/index.php?rest_route=%2Fwp%2Fv2%2Ftags&post=7998"}],"curies":[{"name":"wp","href":"https:\/\/api.w.org\/{rel}","templated":true}]}}