{"id":8038,"date":"2022-06-15T08:26:00","date_gmt":"2022-06-15T06:26:00","guid":{"rendered":"https:\/\/gallican-montbrison.fr\/wp\/?p=8038"},"modified":"2022-07-07T08:30:21","modified_gmt":"2022-07-07T06:30:21","slug":"leternel","status":"publish","type":"post","link":"https:\/\/gallican-montbrison.fr\/wp\/?p=8038","title":{"rendered":"L&rsquo;Eternel"},"content":{"rendered":"\n<p>En ces temps tourment\u00e9s de pand\u00e9mie qui semblent ne plus finir \u2026 de guerre qu&rsquo;on pensait ne pas revoir aux portes de l&rsquo;Europe, de troubles \u00e9cologiques, soci\u00e9taux, politiques \u2026 il nous semble important de garder de la stabilit\u00e9 en nos c\u0153urs et en nos vies \u2026 aussi parlons aujourd&rsquo;hui de ce qui est immuable et qui nous construit \u2026 la pr\u00e9sence de Dieu \u00e0 nos c\u00f4t\u00e9s<br>\u00ab Voici, Je suis avec toi,<br>Je te garderai partout o\u00f9 tu iras \u00bb Gen\u00e8se 28:15<\/p>\n\n\n\n<p>Phrase porteuse de sens et \u00ab\u00a0O\u00a0\u00bb combien r\u00e9confortante \u2026 \u00ab Oui \u00bb Dieu est pr\u00e9sent avec chacun de nous \u00e0 tous les instants de notre vie, dans la joie, dans les peines, dans les soucis quotidiens \u2026 Dieu nous comprend, son Fils a v\u00e9cu notre vie, \u00e0 port\u00e9 nos douleurs.<\/p>\n\n\n\n<p>\u00ab\u00a0Osons nous confier \u00e0 Dieu dans la simplicit\u00e9 et la confiance\u00a0\u00bb<\/p>\n\n\n\n<p>Si nous acceptons de lui ouvrir notre c\u0153ur dans la pri\u00e8re ou le silence, de nous mettre au service de ses \u0153uvres. Si nous r\u00e9pondons \u00ab oui \u00bb \u00e0 son \u00ab suis-moi \u00bb, alors la voie est libre pour que passe en nous cette vie divine pr\u00e9sente \u00e0 nos c\u00f4t\u00e9s. Nous pourrons alors nous recentrer sur ce qui est important, notre relation \u00e0 Dieu et aux autres.<\/p>\n\n\n\n<p>\u00ab\u00a0La vraie richesse d&rsquo;un homme<br>en ce monde se mesure au bien qu&rsquo;il a fait autour de lui\u00a0\u00bb<br>Mahomet<\/p>\n\n\n\n<p>Notre fardeau terrestre ne nous sera pas enlev\u00e9 pour autant, mais il y a, en ceux qui croient, un \u00e9lan et une force suppl\u00e9mentaire qui les aident \u00e0 avancer et \u00e0 traverser les difficult\u00e9s de la vie.<\/p>\n\n\n\n<p>Cette vie divine qui infuse en nos c\u0153urs nous nourrit afin de nous rendre plus humain \u2026. alors la terre sera plus humaine !<\/p>\n\n\n\n<p>Qu&rsquo;as tu fait de ton fr\u00e8re? nous questionne l&rsquo;Evangile. Notre regard sur lui peut changer et alors nous le d\u00e9couvrirons pr\u00e9cieux \u00e0 nos yeux comme chacun est unique aux yeux de Dieu\u2026 de cet amour qui rend le monde meilleur et dont nous pouvons, nous devons, t\u00e9moigner \u2026 il y a urgence \u2026 pour que notre monde se porte mieux !<\/p>\n\n\n\n<p>Dame Colette +<\/p>\n","protected":false},"excerpt":{"rendered":"<p>En ces temps tourment\u00e9s de pand\u00e9mie qui semblent ne plus finir \u2026 de guerre qu&rsquo;on pensait ne pas revoir aux portes de l&rsquo;Europe, de troubles \u00e9cologiques, soci\u00e9taux, politiques \u2026 il nous semble important de garder de la stabilit\u00e9 en nos &hellip; <a href=\"https:\/\/gallican-montbrison.fr\/wp\/?p=8038\">Continuer la lecture <span class=\"meta-nav\">&rarr;<\/span><\/a><\/p>\n","protected":false},"author":3,"featured_media":0,"comment_status":"closed","ping_status":"open","sticky":false,"template":"","format":"standard","meta":{"footnotes":""},"categories":[11],"tags":[],"class_list":["post-8038","post","type-post","status-publish","format-standard","hentry","category-articles-et-conferences"],"yoast_head":"<!-- This site is optimized with the Yoast SEO plugin v25.6 - https:\/\/yoast.com\/wordpress\/plugins\/seo\/ -->\n<title>L&#039;Eternel - Chapelle Saint Michel Archange Montbrison<\/title>\n<meta name=\"robots\" content=\"index, follow, max-snippet:-1, max-image-preview:large, max-video-preview:-1\" \/>\n<link rel=\"canonical\" href=\"https:\/\/gallican-montbrison.fr\/wp\/?p=8038\" \/>\n<meta property=\"og:locale\" content=\"fr_FR\" \/>\n<meta property=\"og:type\" content=\"article\" \/>\n<meta property=\"og:title\" content=\"L&#039;Eternel - Chapelle Saint Michel Archange Montbrison\" \/>\n<meta property=\"og:description\" content=\"En ces temps tourment\u00e9s de pand\u00e9mie qui semblent ne plus finir \u2026 de guerre qu&rsquo;on pensait ne pas revoir aux portes de l&rsquo;Europe, de troubles \u00e9cologiques, soci\u00e9taux, politiques \u2026 il nous semble important de garder de la stabilit\u00e9 en nos &hellip; Continuer la lecture &rarr;\" \/>\n<meta property=\"og:url\" content=\"https:\/\/gallican-montbrison.fr\/wp\/?p=8038\" \/>\n<meta property=\"og:site_name\" content=\"Chapelle Saint Michel Archange Montbrison\" \/>\n<meta property=\"article:publisher\" content=\"https:\/\/www.facebook.com\/people\/Eglise-Gallicane-Chapelle-Saint-Michel-Archange\/100064564306693\/\" \/>\n<meta property=\"article:published_time\" content=\"2022-06-15T06:26:00+00:00\" \/>\n<meta property=\"article:modified_time\" content=\"2022-07-07T06:30:21+00:00\" \/>\n<meta name=\"author\" content=\"Colette\" \/>\n<meta name=\"twitter:card\" content=\"summary_large_image\" \/>\n<meta name=\"twitter:label1\" content=\"\u00c9crit par\" \/>\n\t<meta name=\"twitter:data1\" content=\"Colette\" \/>\n\t<meta name=\"twitter:label2\" content=\"Dur\u00e9e de lecture estim\u00e9e\" \/>\n\t<meta name=\"twitter:data2\" content=\"2 minutes\" \/>\n<script type=\"application\/ld+json\" class=\"yoast-schema-graph\">{\"@context\":\"https:\/\/schema.org\",\"@graph\":[{\"@type\":\"WebPage\",\"@id\":\"https:\/\/gallican-montbrison.fr\/wp\/?p=8038\",\"url\":\"https:\/\/gallican-montbrison.fr\/wp\/?p=8038\",\"name\":\"L'Eternel - Chapelle Saint Michel Archange Montbrison\",\"isPartOf\":{\"@id\":\"https:\/\/gallican-montbrison.fr\/wp\/#website\"},\"datePublished\":\"2022-06-15T06:26:00+00:00\",\"dateModified\":\"2022-07-07T06:30:21+00:00\",\"author\":{\"@id\":\"https:\/\/gallican-montbrison.fr\/wp\/#\/schema\/person\/fc5571a40f7c79de2fb1b0cf72c089a4\"},\"breadcrumb\":{\"@id\":\"https:\/\/gallican-montbrison.fr\/wp\/?p=8038#breadcrumb\"},\"inLanguage\":\"fr-FR\",\"potentialAction\":[{\"@type\":\"ReadAction\",\"target\":[\"https:\/\/gallican-montbrison.fr\/wp\/?p=8038\"]}]},{\"@type\":\"BreadcrumbList\",\"@id\":\"https:\/\/gallican-montbrison.fr\/wp\/?p=8038#breadcrumb\",\"itemListElement\":[{\"@type\":\"ListItem\",\"position\":1,\"name\":\"Accueil\",\"item\":\"https:\/\/gallican-montbrison.fr\/wp\"},{\"@type\":\"ListItem\",\"position\":2,\"name\":\"L&rsquo;Eternel\"}]},{\"@type\":\"WebSite\",\"@id\":\"https:\/\/gallican-montbrison.fr\/wp\/#website\",\"url\":\"https:\/\/gallican-montbrison.fr\/wp\/\",\"name\":\"Chapelle Saint Michel Archange Montbrison\",\"description\":\"Eglise Gallicane, Tradition Apostolique de Gazinet\",\"potentialAction\":[{\"@type\":\"SearchAction\",\"target\":{\"@type\":\"EntryPoint\",\"urlTemplate\":\"https:\/\/gallican-montbrison.fr\/wp\/?s={search_term_string}\"},\"query-input\":{\"@type\":\"PropertyValueSpecification\",\"valueRequired\":true,\"valueName\":\"search_term_string\"}}],\"inLanguage\":\"fr-FR\"},{\"@type\":\"Person\",\"@id\":\"https:\/\/gallican-montbrison.fr\/wp\/#\/schema\/person\/fc5571a40f7c79de2fb1b0cf72c089a4\",\"name\":\"Colette\",\"url\":\"https:\/\/gallican-montbrison.fr\/wp\/?author=3\"}]}<\/script>\n<!-- \/ Yoast SEO plugin. -->","yoast_head_json":{"title":"L'Eternel - Chapelle Saint Michel Archange Montbrison","robots":{"index":"index","follow":"follow","max-snippet":"max-snippet:-1","max-image-preview":"max-image-preview:large","max-video-preview":"max-video-preview:-1"},"canonical":"https:\/\/gallican-montbrison.fr\/wp\/?p=8038","og_locale":"fr_FR","og_type":"article","og_title":"L'Eternel - Chapelle Saint Michel Archange Montbrison","og_description":"En ces temps tourment\u00e9s de pand\u00e9mie qui semblent ne plus finir \u2026 de guerre qu&rsquo;on pensait ne pas revoir aux portes de l&rsquo;Europe, de troubles \u00e9cologiques, soci\u00e9taux, politiques \u2026 il nous semble important de garder de la stabilit\u00e9 en nos &hellip; Continuer la lecture &rarr;","og_url":"https:\/\/gallican-montbrison.fr\/wp\/?p=8038","og_site_name":"Chapelle Saint Michel Archange Montbrison","article_publisher":"https:\/\/www.facebook.com\/people\/Eglise-Gallicane-Chapelle-Saint-Michel-Archange\/100064564306693\/","article_published_time":"2022-06-15T06:26:00+00:00","article_modified_time":"2022-07-07T06:30:21+00:00","author":"Colette","twitter_card":"summary_large_image","twitter_misc":{"\u00c9crit par":"Colette","Dur\u00e9e de lecture estim\u00e9e":"2 minutes"},"schema":{"@context":"https:\/\/schema.org","@graph":[{"@type":"WebPage","@id":"https:\/\/gallican-montbrison.fr\/wp\/?p=8038","url":"https:\/\/gallican-montbrison.fr\/wp\/?p=8038","name":"L'Eternel - Chapelle Saint Michel Archange Montbrison","isPartOf":{"@id":"https:\/\/gallican-montbrison.fr\/wp\/#website"},"datePublished":"2022-06-15T06:26:00+00:00","dateModified":"2022-07-07T06:30:21+00:00","author":{"@id":"https:\/\/gallican-montbrison.fr\/wp\/#\/schema\/person\/fc5571a40f7c79de2fb1b0cf72c089a4"},"breadcrumb":{"@id":"https:\/\/gallican-montbrison.fr\/wp\/?p=8038#breadcrumb"},"inLanguage":"fr-FR","potentialAction":[{"@type":"ReadAction","target":["https:\/\/gallican-montbrison.fr\/wp\/?p=8038"]}]},{"@type":"BreadcrumbList","@id":"https:\/\/gallican-montbrison.fr\/wp\/?p=8038#breadcrumb","itemListElement":[{"@type":"ListItem","position":1,"name":"Accueil","item":"https:\/\/gallican-montbrison.fr\/wp"},{"@type":"ListItem","position":2,"name":"L&rsquo;Eternel"}]},{"@type":"WebSite","@id":"https:\/\/gallican-montbrison.fr\/wp\/#website","url":"https:\/\/gallican-montbrison.fr\/wp\/","name":"Chapelle Saint Michel Archange Montbrison","description":"Eglise Gallicane, Tradition Apostolique de Gazinet","potentialAction":[{"@type":"SearchAction","target":{"@type":"EntryPoint","urlTemplate":"https:\/\/gallican-montbrison.fr\/wp\/?s={search_term_string}"},"query-input":{"@type":"PropertyValueSpecification","valueRequired":true,"valueName":"search_term_string"}}],"inLanguage":"fr-FR"},{"@type":"Person","@id":"https:\/\/gallican-montbrison.fr\/wp\/#\/schema\/person\/fc5571a40f7c79de2fb1b0cf72c089a4","name":"Colette","url":"https:\/\/gallican-montbrison.fr\/wp\/?author=3"}]}},"_links":{"self":[{"href":"https:\/\/gallican-montbrison.fr\/wp\/index.php?rest_route=\/wp\/v2\/posts\/8038"}],"collection":[{"href":"https:\/\/gallican-montbrison.fr\/wp\/index.php?rest_route=\/wp\/v2\/posts"}],"about":[{"href":"https:\/\/gallican-montbrison.fr\/wp\/index.php?rest_route=\/wp\/v2\/types\/post"}],"author":[{"embeddable":true,"href":"https:\/\/gallican-montbrison.fr\/wp\/index.php?rest_route=\/wp\/v2\/users\/3"}],"replies":[{"embeddable":true,"href":"https:\/\/gallican-montbrison.fr\/wp\/index.php?rest_route=%2Fwp%2Fv2%2Fcomments&post=8038"}],"version-history":[{"count":1,"href":"https:\/\/gallican-montbrison.fr\/wp\/index.php?rest_route=\/wp\/v2\/posts\/8038\/revisions"}],"predecessor-version":[{"id":8039,"href":"https:\/\/gallican-montbrison.fr\/wp\/index.php?rest_route=\/wp\/v2\/posts\/8038\/revisions\/8039"}],"wp:attachment":[{"href":"https:\/\/gallican-montbrison.fr\/wp\/index.php?rest_route=%2Fwp%2Fv2%2Fmedia&parent=8038"}],"wp:term":[{"taxonomy":"category","embeddable":true,"href":"https:\/\/gallican-montbrison.fr\/wp\/index.php?rest_route=%2Fwp%2Fv2%2Fcategories&post=8038"},{"taxonomy":"post_tag","embeddable":true,"href":"https:\/\/gallican-montbrison.fr\/wp\/index.php?rest_route=%2Fwp%2Fv2%2Ftags&post=8038"}],"curies":[{"name":"wp","href":"https:\/\/api.w.org\/{rel}","templated":true}]}}