{"id":8163,"date":"2022-09-17T15:30:00","date_gmt":"2022-09-17T13:30:00","guid":{"rendered":"https:\/\/gallican-montbrison.fr\/wp\/?p=8163"},"modified":"2022-10-16T15:35:49","modified_gmt":"2022-10-16T13:35:49","slug":"semer-selon-lesprit","status":"publish","type":"post","link":"https:\/\/gallican-montbrison.fr\/wp\/?p=8163","title":{"rendered":"Semer selon l&rsquo;Esprit."},"content":{"rendered":"\n<figure class=\"wp-block-audio\"><audio controls src=\"https:\/\/gallican-montbrison.fr\/wp\/wp-content\/uploads\/2022\/10\/16-Homelie-15e-dim-apres-Pentecote-2022.mp3\"><\/audio><figcaption>Hom\u00e9lie 15e Dimanche apr\u00e8s Pentec\u00f4te<\/figcaption><\/figure>\n\n\n\n<div class=\"wp-block-image\"><figure class=\"alignleft size-full is-resized\"><a href=\"https:\/\/gallican-montbrison.fr\/wp\/wp-content\/uploads\/2022\/04\/Capture-de\u0301cran-2022-04-16-a\u0300-18.39.41.png\"><img loading=\"lazy\" decoding=\"async\" src=\"https:\/\/gallican-montbrison.fr\/wp\/wp-content\/uploads\/2022\/04\/Capture-de\u0301cran-2022-04-16-a\u0300-18.39.41.png\" alt=\"\" class=\"wp-image-7873\" width=\"151\" height=\"184\" srcset=\"https:\/\/gallican-montbrison.fr\/wp\/wp-content\/uploads\/2022\/04\/Capture-de\u0301cran-2022-04-16-a\u0300-18.39.41.png 700w, https:\/\/gallican-montbrison.fr\/wp\/wp-content\/uploads\/2022\/04\/Capture-de\u0301cran-2022-04-16-a\u0300-18.39.41-246x300.png 246w\" sizes=\"(max-width: 151px) 100vw, 151px\" \/><\/a><\/figure><\/div>\n\n\n\n<p><strong>Ep\u00eetre: St Paul aux Galates 5,25-26 et 6,1-10<\/strong><\/p>\n\n\n\n<p>L\u2019Esprit nous a donn\u00e9 la vie&nbsp;; laissons-le donc aussi diriger notre conduite. Ne soyons pas vaniteux, renon\u00e7ons \u00e0 nous d\u00e9fier ou \u00e0 nous envier les uns les autres.<\/p>\n\n\n\n<p>Fr\u00e8res, si quelqu\u2019un vient \u00e0 \u00eatre pris en faute, vous qui avez l\u2019Esprit de Dieu ramenez-le dans le droit chemin&nbsp;; mais faites preuve de douceur \u00e0 son \u00e9gard. Et prenez bien garde, chacun, de ne pas vous laisser tenter, vous aussi. Aidez-vous les uns les autres \u00e0 porter vos fardeaux&nbsp;: vous ob\u00e9irez&nbsp;ainsi \u00e0 la loi du Christ. Si quelqu\u2019un pense \u00eatre important alors qu\u2019il n\u2019est rien, il se trompe lui-m\u00eame. Que chacun examine sa propre conduite&nbsp;; s\u2019il peut en \u00eatre fier, il le sera alors par rapport \u00e0 lui seul et non par comparaison avec autrui. Car chacun doit porter sa propre charge.<\/p>\n\n\n\n<p>Celui qui est instruit dans la foi chr\u00e9tienne doit partager les biens qu\u2019il poss\u00e8de avec celui qui lui donne cet enseignement. Ne vous y trompez pas&nbsp;: on ne se moque pas de Dieu. L\u2019homme r\u00e9coltera ce qu\u2019il aura sem\u00e9. S\u2019il s\u00e8me ce qui pla\u00eet \u00e0 sa propre nature, la r\u00e9colte qu\u2019il en aura sera la mort&nbsp;; mais s\u2019il s\u00e8me ce qui pla\u00eet \u00e0 l\u2019Esprit Saint, la r\u00e9colte qu\u2019il en aura sera la vie \u00e9ternelle. Ne nous lassons pas de faire le bien&nbsp;; car si nous ne nous d\u00e9courageons pas, nous aurons notre r\u00e9colte au moment voulu. Ainsi, tant que nous en avons l\u2019occasion, faisons du bien \u00e0 tous, et surtout \u00e0 nos fr\u00e8res dans la foi.<\/p>\n\n\n\n<p><strong>Evangile: St Luc 7,11-16<\/strong><\/p>\n\n\n\n<p>J\u00e9sus se rendit ensuite dans une localit\u00e9 appel\u00e9e Na\u00efm &nbsp;; ses disciples et une grande foule l\u2019accompagnaient. Au moment o\u00f9 il approchait de la porte de cette localit\u00e9, on menait un mort au cimeti\u00e8re&nbsp;: c\u2019\u00e9tait le fils unique d\u2019une veuve. Un grand nombre d\u2019habitants de l\u2019endroit se trouvaient avec elle. Quand le Seigneur la vit, il fut rempli de piti\u00e9 pour elle et lui dit&nbsp;: \u00ab&nbsp;Ne pleure pas&nbsp;!&nbsp;\u00bb. Puis il s\u2019avan\u00e7a et toucha le cercueil&nbsp;; les porteurs s\u2019arr\u00eat\u00e8rent. J\u00e9sus dit&nbsp;: \u00ab&nbsp;Jeune homme, je te l\u2019ordonne, l\u00e8ve-toi&nbsp;!&nbsp;\u00bb. Le mort se dressa et se mit \u00e0 parler. J\u00e9sus le rendit \u00e0 sa m\u00e8re. Tous furent saisis de crainte&nbsp;; ils louaient Dieu en disant&nbsp;: \u00ab&nbsp;Un grand proph\u00e8te est apparu parmi nous&nbsp;!&nbsp;\u00bb et aussi&nbsp;: \u00ab&nbsp;Dieu est venu secourir son peuple&nbsp;!&nbsp;\u00bb<\/p>\n","protected":false},"excerpt":{"rendered":"<p>Ep\u00eetre: St Paul aux Galates 5,25-26 et 6,1-10 L\u2019Esprit nous a donn\u00e9 la vie&nbsp;; laissons-le donc aussi diriger notre conduite. Ne soyons pas vaniteux, renon\u00e7ons \u00e0 nous d\u00e9fier ou \u00e0 nous envier les uns les autres. Fr\u00e8res, si quelqu\u2019un vient &hellip; <a href=\"https:\/\/gallican-montbrison.fr\/wp\/?p=8163\">Continuer la lecture <span class=\"meta-nav\">&rarr;<\/span><\/a><\/p>\n","protected":false},"author":3,"featured_media":0,"comment_status":"closed","ping_status":"open","sticky":false,"template":"","format":"standard","meta":{"footnotes":""},"categories":[4,5],"tags":[],"class_list":["post-8163","post","type-post","status-publish","format-standard","hentry","category-homelies","category-vie-de-la-chapelle"],"yoast_head":"<!-- This site is optimized with the Yoast SEO plugin v25.6 - https:\/\/yoast.com\/wordpress\/plugins\/seo\/ -->\n<title>Semer selon l&#039;Esprit. - Chapelle Saint Michel Archange Montbrison<\/title>\n<meta name=\"robots\" content=\"index, follow, max-snippet:-1, max-image-preview:large, max-video-preview:-1\" \/>\n<link rel=\"canonical\" href=\"https:\/\/gallican-montbrison.fr\/wp\/?p=8163\" \/>\n<meta property=\"og:locale\" content=\"fr_FR\" \/>\n<meta property=\"og:type\" content=\"article\" \/>\n<meta property=\"og:title\" content=\"Semer selon l&#039;Esprit. - Chapelle Saint Michel Archange Montbrison\" \/>\n<meta property=\"og:description\" content=\"Ep\u00eetre: St Paul aux Galates 5,25-26 et 6,1-10 L\u2019Esprit nous a donn\u00e9 la vie&nbsp;; laissons-le donc aussi diriger notre conduite. Ne soyons pas vaniteux, renon\u00e7ons \u00e0 nous d\u00e9fier ou \u00e0 nous envier les uns les autres. Fr\u00e8res, si quelqu\u2019un vient &hellip; Continuer la lecture &rarr;\" \/>\n<meta property=\"og:url\" content=\"https:\/\/gallican-montbrison.fr\/wp\/?p=8163\" \/>\n<meta property=\"og:site_name\" content=\"Chapelle Saint Michel Archange Montbrison\" \/>\n<meta property=\"article:publisher\" content=\"https:\/\/www.facebook.com\/people\/Eglise-Gallicane-Chapelle-Saint-Michel-Archange\/100064564306693\/\" \/>\n<meta property=\"article:published_time\" content=\"2022-09-17T13:30:00+00:00\" \/>\n<meta property=\"article:modified_time\" content=\"2022-10-16T13:35:49+00:00\" \/>\n<meta name=\"author\" content=\"Colette\" \/>\n<meta name=\"twitter:card\" content=\"summary_large_image\" \/>\n<meta name=\"twitter:label1\" content=\"\u00c9crit par\" \/>\n\t<meta name=\"twitter:data1\" content=\"Colette\" \/>\n\t<meta name=\"twitter:label2\" content=\"Dur\u00e9e de lecture estim\u00e9e\" \/>\n\t<meta name=\"twitter:data2\" content=\"2 minutes\" \/>\n<script type=\"application\/ld+json\" class=\"yoast-schema-graph\">{\"@context\":\"https:\/\/schema.org\",\"@graph\":[{\"@type\":\"WebPage\",\"@id\":\"https:\/\/gallican-montbrison.fr\/wp\/?p=8163\",\"url\":\"https:\/\/gallican-montbrison.fr\/wp\/?p=8163\",\"name\":\"Semer selon l'Esprit. - Chapelle Saint Michel Archange Montbrison\",\"isPartOf\":{\"@id\":\"https:\/\/gallican-montbrison.fr\/wp\/#website\"},\"datePublished\":\"2022-09-17T13:30:00+00:00\",\"dateModified\":\"2022-10-16T13:35:49+00:00\",\"author\":{\"@id\":\"https:\/\/gallican-montbrison.fr\/wp\/#\/schema\/person\/fc5571a40f7c79de2fb1b0cf72c089a4\"},\"breadcrumb\":{\"@id\":\"https:\/\/gallican-montbrison.fr\/wp\/?p=8163#breadcrumb\"},\"inLanguage\":\"fr-FR\",\"potentialAction\":[{\"@type\":\"ReadAction\",\"target\":[\"https:\/\/gallican-montbrison.fr\/wp\/?p=8163\"]}]},{\"@type\":\"BreadcrumbList\",\"@id\":\"https:\/\/gallican-montbrison.fr\/wp\/?p=8163#breadcrumb\",\"itemListElement\":[{\"@type\":\"ListItem\",\"position\":1,\"name\":\"Accueil\",\"item\":\"https:\/\/gallican-montbrison.fr\/wp\"},{\"@type\":\"ListItem\",\"position\":2,\"name\":\"Semer selon l&rsquo;Esprit.\"}]},{\"@type\":\"WebSite\",\"@id\":\"https:\/\/gallican-montbrison.fr\/wp\/#website\",\"url\":\"https:\/\/gallican-montbrison.fr\/wp\/\",\"name\":\"Chapelle Saint Michel Archange Montbrison\",\"description\":\"Eglise Gallicane, Tradition Apostolique de Gazinet\",\"potentialAction\":[{\"@type\":\"SearchAction\",\"target\":{\"@type\":\"EntryPoint\",\"urlTemplate\":\"https:\/\/gallican-montbrison.fr\/wp\/?s={search_term_string}\"},\"query-input\":{\"@type\":\"PropertyValueSpecification\",\"valueRequired\":true,\"valueName\":\"search_term_string\"}}],\"inLanguage\":\"fr-FR\"},{\"@type\":\"Person\",\"@id\":\"https:\/\/gallican-montbrison.fr\/wp\/#\/schema\/person\/fc5571a40f7c79de2fb1b0cf72c089a4\",\"name\":\"Colette\",\"url\":\"https:\/\/gallican-montbrison.fr\/wp\/?author=3\"}]}<\/script>\n<!-- \/ Yoast SEO plugin. -->","yoast_head_json":{"title":"Semer selon l'Esprit. - Chapelle Saint Michel Archange Montbrison","robots":{"index":"index","follow":"follow","max-snippet":"max-snippet:-1","max-image-preview":"max-image-preview:large","max-video-preview":"max-video-preview:-1"},"canonical":"https:\/\/gallican-montbrison.fr\/wp\/?p=8163","og_locale":"fr_FR","og_type":"article","og_title":"Semer selon l'Esprit. - Chapelle Saint Michel Archange Montbrison","og_description":"Ep\u00eetre: St Paul aux Galates 5,25-26 et 6,1-10 L\u2019Esprit nous a donn\u00e9 la vie&nbsp;; laissons-le donc aussi diriger notre conduite. Ne soyons pas vaniteux, renon\u00e7ons \u00e0 nous d\u00e9fier ou \u00e0 nous envier les uns les autres. Fr\u00e8res, si quelqu\u2019un vient &hellip; Continuer la lecture &rarr;","og_url":"https:\/\/gallican-montbrison.fr\/wp\/?p=8163","og_site_name":"Chapelle Saint Michel Archange Montbrison","article_publisher":"https:\/\/www.facebook.com\/people\/Eglise-Gallicane-Chapelle-Saint-Michel-Archange\/100064564306693\/","article_published_time":"2022-09-17T13:30:00+00:00","article_modified_time":"2022-10-16T13:35:49+00:00","author":"Colette","twitter_card":"summary_large_image","twitter_misc":{"\u00c9crit par":"Colette","Dur\u00e9e de lecture estim\u00e9e":"2 minutes"},"schema":{"@context":"https:\/\/schema.org","@graph":[{"@type":"WebPage","@id":"https:\/\/gallican-montbrison.fr\/wp\/?p=8163","url":"https:\/\/gallican-montbrison.fr\/wp\/?p=8163","name":"Semer selon l'Esprit. - Chapelle Saint Michel Archange Montbrison","isPartOf":{"@id":"https:\/\/gallican-montbrison.fr\/wp\/#website"},"datePublished":"2022-09-17T13:30:00+00:00","dateModified":"2022-10-16T13:35:49+00:00","author":{"@id":"https:\/\/gallican-montbrison.fr\/wp\/#\/schema\/person\/fc5571a40f7c79de2fb1b0cf72c089a4"},"breadcrumb":{"@id":"https:\/\/gallican-montbrison.fr\/wp\/?p=8163#breadcrumb"},"inLanguage":"fr-FR","potentialAction":[{"@type":"ReadAction","target":["https:\/\/gallican-montbrison.fr\/wp\/?p=8163"]}]},{"@type":"BreadcrumbList","@id":"https:\/\/gallican-montbrison.fr\/wp\/?p=8163#breadcrumb","itemListElement":[{"@type":"ListItem","position":1,"name":"Accueil","item":"https:\/\/gallican-montbrison.fr\/wp"},{"@type":"ListItem","position":2,"name":"Semer selon l&rsquo;Esprit."}]},{"@type":"WebSite","@id":"https:\/\/gallican-montbrison.fr\/wp\/#website","url":"https:\/\/gallican-montbrison.fr\/wp\/","name":"Chapelle Saint Michel Archange Montbrison","description":"Eglise Gallicane, Tradition Apostolique de Gazinet","potentialAction":[{"@type":"SearchAction","target":{"@type":"EntryPoint","urlTemplate":"https:\/\/gallican-montbrison.fr\/wp\/?s={search_term_string}"},"query-input":{"@type":"PropertyValueSpecification","valueRequired":true,"valueName":"search_term_string"}}],"inLanguage":"fr-FR"},{"@type":"Person","@id":"https:\/\/gallican-montbrison.fr\/wp\/#\/schema\/person\/fc5571a40f7c79de2fb1b0cf72c089a4","name":"Colette","url":"https:\/\/gallican-montbrison.fr\/wp\/?author=3"}]}},"_links":{"self":[{"href":"https:\/\/gallican-montbrison.fr\/wp\/index.php?rest_route=\/wp\/v2\/posts\/8163"}],"collection":[{"href":"https:\/\/gallican-montbrison.fr\/wp\/index.php?rest_route=\/wp\/v2\/posts"}],"about":[{"href":"https:\/\/gallican-montbrison.fr\/wp\/index.php?rest_route=\/wp\/v2\/types\/post"}],"author":[{"embeddable":true,"href":"https:\/\/gallican-montbrison.fr\/wp\/index.php?rest_route=\/wp\/v2\/users\/3"}],"replies":[{"embeddable":true,"href":"https:\/\/gallican-montbrison.fr\/wp\/index.php?rest_route=%2Fwp%2Fv2%2Fcomments&post=8163"}],"version-history":[{"count":2,"href":"https:\/\/gallican-montbrison.fr\/wp\/index.php?rest_route=\/wp\/v2\/posts\/8163\/revisions"}],"predecessor-version":[{"id":8166,"href":"https:\/\/gallican-montbrison.fr\/wp\/index.php?rest_route=\/wp\/v2\/posts\/8163\/revisions\/8166"}],"wp:attachment":[{"href":"https:\/\/gallican-montbrison.fr\/wp\/index.php?rest_route=%2Fwp%2Fv2%2Fmedia&parent=8163"}],"wp:term":[{"taxonomy":"category","embeddable":true,"href":"https:\/\/gallican-montbrison.fr\/wp\/index.php?rest_route=%2Fwp%2Fv2%2Fcategories&post=8163"},{"taxonomy":"post_tag","embeddable":true,"href":"https:\/\/gallican-montbrison.fr\/wp\/index.php?rest_route=%2Fwp%2Fv2%2Ftags&post=8163"}],"curies":[{"name":"wp","href":"https:\/\/api.w.org\/{rel}","templated":true}]}}