{"id":8540,"date":"2023-06-11T17:10:00","date_gmt":"2023-06-11T15:10:00","guid":{"rendered":"https:\/\/gallican-montbrison.fr\/wp\/?p=8540"},"modified":"2023-06-11T17:10:07","modified_gmt":"2023-06-11T15:10:07","slug":"baptemes-alix-et-priam-06-2023","status":"publish","type":"post","link":"https:\/\/gallican-montbrison.fr\/wp\/?p=8540","title":{"rendered":"Bapt\u00eames Alix et Priam (06.2023)"},"content":{"rendered":"\n<div class=\"wp-block-image\"><figure class=\"alignleft size-large is-resized\"><a href=\"https:\/\/gallican-montbrison.fr\/wp\/wp-content\/uploads\/2023\/06\/baptises-1-scaled.jpg\"><img loading=\"lazy\" decoding=\"async\" src=\"https:\/\/gallican-montbrison.fr\/wp\/wp-content\/uploads\/2023\/06\/baptises-1-1024x768.jpg\" alt=\"\" class=\"wp-image-8544\" width=\"400\" height=\"299\" srcset=\"https:\/\/gallican-montbrison.fr\/wp\/wp-content\/uploads\/2023\/06\/baptises-1-1024x768.jpg 1024w, https:\/\/gallican-montbrison.fr\/wp\/wp-content\/uploads\/2023\/06\/baptises-1-300x225.jpg 300w, https:\/\/gallican-montbrison.fr\/wp\/wp-content\/uploads\/2023\/06\/baptises-1-768x576.jpg 768w, https:\/\/gallican-montbrison.fr\/wp\/wp-content\/uploads\/2023\/06\/baptises-1-1536x1152.jpg 1536w, https:\/\/gallican-montbrison.fr\/wp\/wp-content\/uploads\/2023\/06\/baptises-1-2048x1536.jpg 2048w\" sizes=\"(max-width: 400px) 100vw, 400px\" \/><\/a><\/figure><\/div>\n\n\n\n<p>En ce jour, nous avons eu la joie de baptiser Alix n\u00e9 en 2020 et Priam n\u00e9 en 2022, deux petits fr\u00e8res unis et sages. Nous avons eu aussi beaucoup de plaisir \u00e0 revoir leurs parents mari\u00e9s en 2018 au sein de notre Eglise. <\/p>\n\n\n\n<p>Plaisir  pour nous \u00e9galement de c\u00e9l\u00e9brer ensemble, chacun un bapt\u00eame en entrem\u00ealant nos voix et les b\u00e9n\u00e9dictions pour chacun des enfants.<\/p>\n\n\n\n<p>l&rsquo;assembl\u00e9e familiale \u00e9tait l\u00e0 pour entourer ses deux petits et leurs parents &#8230; des dessins ont \u00e9t\u00e9 offerts \u00e0 Alix et Priam par leurs cousines. Merci encore de votre confiance et de votre soutien \u00e0 notre chapelle.<\/p>\n\n\n\n<figure class=\"wp-block-gallery has-nested-images columns-default is-cropped wp-block-gallery-1 is-layout-flex wp-block-gallery-is-layout-flex\">\n<figure class=\"wp-block-image size-large\"><a href=\"https:\/\/gallican-montbrison.fr\/wp\/wp-content\/uploads\/2023\/06\/signature-2.jpeg\"><img loading=\"lazy\" decoding=\"async\" width=\"1024\" height=\"768\" data-id=\"8548\" src=\"https:\/\/gallican-montbrison.fr\/wp\/wp-content\/uploads\/2023\/06\/signature-2-1024x768.jpeg\" alt=\"\" class=\"wp-image-8548\" srcset=\"https:\/\/gallican-montbrison.fr\/wp\/wp-content\/uploads\/2023\/06\/signature-2-1024x768.jpeg 1024w, https:\/\/gallican-montbrison.fr\/wp\/wp-content\/uploads\/2023\/06\/signature-2-300x225.jpeg 300w, https:\/\/gallican-montbrison.fr\/wp\/wp-content\/uploads\/2023\/06\/signature-2-768x576.jpeg 768w, https:\/\/gallican-montbrison.fr\/wp\/wp-content\/uploads\/2023\/06\/signature-2.jpeg 1280w\" sizes=\"(max-width: 1024px) 100vw, 1024px\" \/><\/a><\/figure>\n\n\n\n<figure class=\"wp-block-image size-large\"><a href=\"https:\/\/gallican-montbrison.fr\/wp\/wp-content\/uploads\/2023\/06\/assemble\u0301e-scaled.jpg\"><img loading=\"lazy\" decoding=\"async\" width=\"1024\" height=\"768\" data-id=\"8549\" src=\"https:\/\/gallican-montbrison.fr\/wp\/wp-content\/uploads\/2023\/06\/assemble\u0301e-1024x768.jpg\" alt=\"\" class=\"wp-image-8549\" srcset=\"https:\/\/gallican-montbrison.fr\/wp\/wp-content\/uploads\/2023\/06\/assemble\u0301e-1024x768.jpg 1024w, https:\/\/gallican-montbrison.fr\/wp\/wp-content\/uploads\/2023\/06\/assemble\u0301e-300x225.jpg 300w, https:\/\/gallican-montbrison.fr\/wp\/wp-content\/uploads\/2023\/06\/assemble\u0301e-768x576.jpg 768w, https:\/\/gallican-montbrison.fr\/wp\/wp-content\/uploads\/2023\/06\/assemble\u0301e-1536x1152.jpg 1536w, https:\/\/gallican-montbrison.fr\/wp\/wp-content\/uploads\/2023\/06\/assemble\u0301e-2048x1536.jpg 2048w\" sizes=\"(max-width: 1024px) 100vw, 1024px\" \/><\/a><\/figure>\n<\/figure>\n\n\n\n<figure class=\"wp-block-image size-large\"><a href=\"https:\/\/gallican-montbrison.fr\/wp\/wp-content\/uploads\/2023\/06\/bapteme-2.jpeg\"><img loading=\"lazy\" decoding=\"async\" width=\"1024\" height=\"768\" src=\"https:\/\/gallican-montbrison.fr\/wp\/wp-content\/uploads\/2023\/06\/bapteme-2-1024x768.jpeg\" alt=\"\" class=\"wp-image-8550\" srcset=\"https:\/\/gallican-montbrison.fr\/wp\/wp-content\/uploads\/2023\/06\/bapteme-2-1024x768.jpeg 1024w, https:\/\/gallican-montbrison.fr\/wp\/wp-content\/uploads\/2023\/06\/bapteme-2-300x225.jpeg 300w, https:\/\/gallican-montbrison.fr\/wp\/wp-content\/uploads\/2023\/06\/bapteme-2-768x576.jpeg 768w, https:\/\/gallican-montbrison.fr\/wp\/wp-content\/uploads\/2023\/06\/bapteme-2.jpeg 1280w\" sizes=\"(max-width: 1024px) 100vw, 1024px\" \/><\/a><\/figure>\n","protected":false},"excerpt":{"rendered":"<p>En ce jour, nous avons eu la joie de baptiser Alix n\u00e9 en 2020 et Priam n\u00e9 en 2022, deux petits fr\u00e8res unis et sages. Nous avons eu aussi beaucoup de plaisir \u00e0 revoir leurs parents mari\u00e9s en 2018 au &hellip; <a href=\"https:\/\/gallican-montbrison.fr\/wp\/?p=8540\">Continuer la lecture <span class=\"meta-nav\">&rarr;<\/span><\/a><\/p>\n","protected":false},"author":3,"featured_media":0,"comment_status":"closed","ping_status":"open","sticky":false,"template":"","format":"standard","meta":{"footnotes":""},"categories":[249,5],"tags":[100,88,27,26,138,23,132],"class_list":["post-8540","post","type-post","status-publish","format-standard","hentry","category-sacrements","category-vie-de-la-chapelle","tag-bapteme","tag-benediction","tag-celebration","tag-chapelle","tag-eglise-gallicane","tag-foi","tag-sacrement"],"yoast_head":"<!-- This site is optimized with the Yoast SEO plugin v25.6 - https:\/\/yoast.com\/wordpress\/plugins\/seo\/ -->\n<title>Bapt\u00eames Alix et Priam (06.2023) - Chapelle Saint Michel Archange Montbrison<\/title>\n<meta name=\"robots\" content=\"index, follow, max-snippet:-1, max-image-preview:large, max-video-preview:-1\" \/>\n<link rel=\"canonical\" href=\"https:\/\/gallican-montbrison.fr\/wp\/?p=8540\" \/>\n<meta property=\"og:locale\" content=\"fr_FR\" \/>\n<meta property=\"og:type\" content=\"article\" \/>\n<meta property=\"og:title\" content=\"Bapt\u00eames Alix et Priam (06.2023) - Chapelle Saint Michel Archange Montbrison\" \/>\n<meta property=\"og:description\" content=\"En ce jour, nous avons eu la joie de baptiser Alix n\u00e9 en 2020 et Priam n\u00e9 en 2022, deux petits fr\u00e8res unis et sages. Nous avons eu aussi beaucoup de plaisir \u00e0 revoir leurs parents mari\u00e9s en 2018 au &hellip; Continuer la lecture &rarr;\" \/>\n<meta property=\"og:url\" content=\"https:\/\/gallican-montbrison.fr\/wp\/?p=8540\" \/>\n<meta property=\"og:site_name\" content=\"Chapelle Saint Michel Archange Montbrison\" \/>\n<meta property=\"article:publisher\" content=\"https:\/\/www.facebook.com\/people\/Eglise-Gallicane-Chapelle-Saint-Michel-Archange\/100064564306693\/\" \/>\n<meta property=\"article:published_time\" content=\"2023-06-11T15:10:00+00:00\" \/>\n<meta property=\"article:modified_time\" content=\"2023-06-11T15:10:07+00:00\" \/>\n<meta property=\"og:image\" content=\"https:\/\/gallican-montbrison.fr\/wp\/wp-content\/uploads\/2023\/06\/baptises-1-1024x768.jpg\" \/>\n<meta name=\"author\" content=\"Colette\" \/>\n<meta name=\"twitter:card\" content=\"summary_large_image\" \/>\n<meta name=\"twitter:label1\" content=\"\u00c9crit par\" \/>\n\t<meta name=\"twitter:data1\" content=\"Colette\" \/>\n\t<meta name=\"twitter:label2\" content=\"Dur\u00e9e de lecture estim\u00e9e\" \/>\n\t<meta name=\"twitter:data2\" content=\"1 minute\" \/>\n<script type=\"application\/ld+json\" class=\"yoast-schema-graph\">{\"@context\":\"https:\/\/schema.org\",\"@graph\":[{\"@type\":\"WebPage\",\"@id\":\"https:\/\/gallican-montbrison.fr\/wp\/?p=8540\",\"url\":\"https:\/\/gallican-montbrison.fr\/wp\/?p=8540\",\"name\":\"Bapt\u00eames Alix et Priam (06.2023) - Chapelle Saint Michel Archange Montbrison\",\"isPartOf\":{\"@id\":\"https:\/\/gallican-montbrison.fr\/wp\/#website\"},\"primaryImageOfPage\":{\"@id\":\"https:\/\/gallican-montbrison.fr\/wp\/?p=8540#primaryimage\"},\"image\":{\"@id\":\"https:\/\/gallican-montbrison.fr\/wp\/?p=8540#primaryimage\"},\"thumbnailUrl\":\"https:\/\/gallican-montbrison.fr\/wp\/wp-content\/uploads\/2023\/06\/baptises-1-1024x768.jpg\",\"datePublished\":\"2023-06-11T15:10:00+00:00\",\"dateModified\":\"2023-06-11T15:10:07+00:00\",\"author\":{\"@id\":\"https:\/\/gallican-montbrison.fr\/wp\/#\/schema\/person\/fc5571a40f7c79de2fb1b0cf72c089a4\"},\"breadcrumb\":{\"@id\":\"https:\/\/gallican-montbrison.fr\/wp\/?p=8540#breadcrumb\"},\"inLanguage\":\"fr-FR\",\"potentialAction\":[{\"@type\":\"ReadAction\",\"target\":[\"https:\/\/gallican-montbrison.fr\/wp\/?p=8540\"]}]},{\"@type\":\"ImageObject\",\"inLanguage\":\"fr-FR\",\"@id\":\"https:\/\/gallican-montbrison.fr\/wp\/?p=8540#primaryimage\",\"url\":\"https:\/\/gallican-montbrison.fr\/wp\/wp-content\/uploads\/2023\/06\/baptises-1-scaled.jpg\",\"contentUrl\":\"https:\/\/gallican-montbrison.fr\/wp\/wp-content\/uploads\/2023\/06\/baptises-1-scaled.jpg\",\"width\":2560,\"height\":1920},{\"@type\":\"BreadcrumbList\",\"@id\":\"https:\/\/gallican-montbrison.fr\/wp\/?p=8540#breadcrumb\",\"itemListElement\":[{\"@type\":\"ListItem\",\"position\":1,\"name\":\"Accueil\",\"item\":\"https:\/\/gallican-montbrison.fr\/wp\"},{\"@type\":\"ListItem\",\"position\":2,\"name\":\"Bapt\u00eames Alix et Priam (06.2023)\"}]},{\"@type\":\"WebSite\",\"@id\":\"https:\/\/gallican-montbrison.fr\/wp\/#website\",\"url\":\"https:\/\/gallican-montbrison.fr\/wp\/\",\"name\":\"Chapelle Saint Michel Archange Montbrison\",\"description\":\"Eglise Gallicane, Tradition Apostolique de Gazinet\",\"potentialAction\":[{\"@type\":\"SearchAction\",\"target\":{\"@type\":\"EntryPoint\",\"urlTemplate\":\"https:\/\/gallican-montbrison.fr\/wp\/?s={search_term_string}\"},\"query-input\":{\"@type\":\"PropertyValueSpecification\",\"valueRequired\":true,\"valueName\":\"search_term_string\"}}],\"inLanguage\":\"fr-FR\"},{\"@type\":\"Person\",\"@id\":\"https:\/\/gallican-montbrison.fr\/wp\/#\/schema\/person\/fc5571a40f7c79de2fb1b0cf72c089a4\",\"name\":\"Colette\",\"url\":\"https:\/\/gallican-montbrison.fr\/wp\/?author=3\"}]}<\/script>\n<!-- \/ Yoast SEO plugin. -->","yoast_head_json":{"title":"Bapt\u00eames Alix et Priam (06.2023) - Chapelle Saint Michel Archange Montbrison","robots":{"index":"index","follow":"follow","max-snippet":"max-snippet:-1","max-image-preview":"max-image-preview:large","max-video-preview":"max-video-preview:-1"},"canonical":"https:\/\/gallican-montbrison.fr\/wp\/?p=8540","og_locale":"fr_FR","og_type":"article","og_title":"Bapt\u00eames Alix et Priam (06.2023) - Chapelle Saint Michel Archange Montbrison","og_description":"En ce jour, nous avons eu la joie de baptiser Alix n\u00e9 en 2020 et Priam n\u00e9 en 2022, deux petits fr\u00e8res unis et sages. Nous avons eu aussi beaucoup de plaisir \u00e0 revoir leurs parents mari\u00e9s en 2018 au &hellip; Continuer la lecture &rarr;","og_url":"https:\/\/gallican-montbrison.fr\/wp\/?p=8540","og_site_name":"Chapelle Saint Michel Archange Montbrison","article_publisher":"https:\/\/www.facebook.com\/people\/Eglise-Gallicane-Chapelle-Saint-Michel-Archange\/100064564306693\/","article_published_time":"2023-06-11T15:10:00+00:00","article_modified_time":"2023-06-11T15:10:07+00:00","og_image":[{"url":"https:\/\/gallican-montbrison.fr\/wp\/wp-content\/uploads\/2023\/06\/baptises-1-1024x768.jpg","type":"","width":"","height":""}],"author":"Colette","twitter_card":"summary_large_image","twitter_misc":{"\u00c9crit par":"Colette","Dur\u00e9e de lecture estim\u00e9e":"1 minute"},"schema":{"@context":"https:\/\/schema.org","@graph":[{"@type":"WebPage","@id":"https:\/\/gallican-montbrison.fr\/wp\/?p=8540","url":"https:\/\/gallican-montbrison.fr\/wp\/?p=8540","name":"Bapt\u00eames Alix et Priam (06.2023) - Chapelle Saint Michel Archange Montbrison","isPartOf":{"@id":"https:\/\/gallican-montbrison.fr\/wp\/#website"},"primaryImageOfPage":{"@id":"https:\/\/gallican-montbrison.fr\/wp\/?p=8540#primaryimage"},"image":{"@id":"https:\/\/gallican-montbrison.fr\/wp\/?p=8540#primaryimage"},"thumbnailUrl":"https:\/\/gallican-montbrison.fr\/wp\/wp-content\/uploads\/2023\/06\/baptises-1-1024x768.jpg","datePublished":"2023-06-11T15:10:00+00:00","dateModified":"2023-06-11T15:10:07+00:00","author":{"@id":"https:\/\/gallican-montbrison.fr\/wp\/#\/schema\/person\/fc5571a40f7c79de2fb1b0cf72c089a4"},"breadcrumb":{"@id":"https:\/\/gallican-montbrison.fr\/wp\/?p=8540#breadcrumb"},"inLanguage":"fr-FR","potentialAction":[{"@type":"ReadAction","target":["https:\/\/gallican-montbrison.fr\/wp\/?p=8540"]}]},{"@type":"ImageObject","inLanguage":"fr-FR","@id":"https:\/\/gallican-montbrison.fr\/wp\/?p=8540#primaryimage","url":"https:\/\/gallican-montbrison.fr\/wp\/wp-content\/uploads\/2023\/06\/baptises-1-scaled.jpg","contentUrl":"https:\/\/gallican-montbrison.fr\/wp\/wp-content\/uploads\/2023\/06\/baptises-1-scaled.jpg","width":2560,"height":1920},{"@type":"BreadcrumbList","@id":"https:\/\/gallican-montbrison.fr\/wp\/?p=8540#breadcrumb","itemListElement":[{"@type":"ListItem","position":1,"name":"Accueil","item":"https:\/\/gallican-montbrison.fr\/wp"},{"@type":"ListItem","position":2,"name":"Bapt\u00eames Alix et Priam (06.2023)"}]},{"@type":"WebSite","@id":"https:\/\/gallican-montbrison.fr\/wp\/#website","url":"https:\/\/gallican-montbrison.fr\/wp\/","name":"Chapelle Saint Michel Archange Montbrison","description":"Eglise Gallicane, Tradition Apostolique de Gazinet","potentialAction":[{"@type":"SearchAction","target":{"@type":"EntryPoint","urlTemplate":"https:\/\/gallican-montbrison.fr\/wp\/?s={search_term_string}"},"query-input":{"@type":"PropertyValueSpecification","valueRequired":true,"valueName":"search_term_string"}}],"inLanguage":"fr-FR"},{"@type":"Person","@id":"https:\/\/gallican-montbrison.fr\/wp\/#\/schema\/person\/fc5571a40f7c79de2fb1b0cf72c089a4","name":"Colette","url":"https:\/\/gallican-montbrison.fr\/wp\/?author=3"}]}},"_links":{"self":[{"href":"https:\/\/gallican-montbrison.fr\/wp\/index.php?rest_route=\/wp\/v2\/posts\/8540"}],"collection":[{"href":"https:\/\/gallican-montbrison.fr\/wp\/index.php?rest_route=\/wp\/v2\/posts"}],"about":[{"href":"https:\/\/gallican-montbrison.fr\/wp\/index.php?rest_route=\/wp\/v2\/types\/post"}],"author":[{"embeddable":true,"href":"https:\/\/gallican-montbrison.fr\/wp\/index.php?rest_route=\/wp\/v2\/users\/3"}],"replies":[{"embeddable":true,"href":"https:\/\/gallican-montbrison.fr\/wp\/index.php?rest_route=%2Fwp%2Fv2%2Fcomments&post=8540"}],"version-history":[{"count":3,"href":"https:\/\/gallican-montbrison.fr\/wp\/index.php?rest_route=\/wp\/v2\/posts\/8540\/revisions"}],"predecessor-version":[{"id":8554,"href":"https:\/\/gallican-montbrison.fr\/wp\/index.php?rest_route=\/wp\/v2\/posts\/8540\/revisions\/8554"}],"wp:attachment":[{"href":"https:\/\/gallican-montbrison.fr\/wp\/index.php?rest_route=%2Fwp%2Fv2%2Fmedia&parent=8540"}],"wp:term":[{"taxonomy":"category","embeddable":true,"href":"https:\/\/gallican-montbrison.fr\/wp\/index.php?rest_route=%2Fwp%2Fv2%2Fcategories&post=8540"},{"taxonomy":"post_tag","embeddable":true,"href":"https:\/\/gallican-montbrison.fr\/wp\/index.php?rest_route=%2Fwp%2Fv2%2Ftags&post=8540"}],"curies":[{"name":"wp","href":"https:\/\/api.w.org\/{rel}","templated":true}]}}