{"id":8555,"date":"2023-06-11T16:39:18","date_gmt":"2023-06-11T14:39:18","guid":{"rendered":"https:\/\/gallican-montbrison.fr\/wp\/?p=8555"},"modified":"2023-06-11T16:40:52","modified_gmt":"2023-06-11T14:40:52","slug":"fete-dieu-2023","status":"publish","type":"post","link":"https:\/\/gallican-montbrison.fr\/wp\/?p=8555","title":{"rendered":"F\u00eate-Dieu 2023"},"content":{"rendered":"\n<figure class=\"wp-block-audio\"><audio controls src=\"https:\/\/gallican-montbrison.fr\/wp\/wp-content\/uploads\/2023\/06\/15-Homelie-Fete-Dieu.mp3\"><\/audio><figcaption>Hom\u00e9lie 2e Dimanche apr\u00e8s Pentec\u00f4te   &#8211;   F\u00eate-Dieu<\/figcaption><\/figure>\n\n\n\n<div class=\"wp-block-image\"><figure class=\"alignleft size-full is-resized\"><a href=\"https:\/\/gallican-montbrison.fr\/wp\/wp-content\/uploads\/2023\/06\/10.jpg\"><img loading=\"lazy\" decoding=\"async\" src=\"https:\/\/gallican-montbrison.fr\/wp\/wp-content\/uploads\/2023\/06\/10.jpg\" alt=\"\" class=\"wp-image-8557\" width=\"178\" height=\"257\" srcset=\"https:\/\/gallican-montbrison.fr\/wp\/wp-content\/uploads\/2023\/06\/10.jpg 654w, https:\/\/gallican-montbrison.fr\/wp\/wp-content\/uploads\/2023\/06\/10-208x300.jpg 208w\" sizes=\"(max-width: 178px) 100vw, 178px\" \/><\/a><\/figure><\/div>\n\n\n\n<p><strong>Ep\u00eetre selon St Paul: I,Corinthiens 11,23-29<\/strong><\/p>\n\n\n\n<p>En effet, voici l\u2019enseignement que j\u2019ai re\u00e7u du Seigneur et que je vous ai transmis&nbsp;: Le Seigneur J\u00e9sus, dans la nuit o\u00f9 il fut livr\u00e9, prit du pain et, apr\u00e8s avoir remerci\u00e9 Dieu, il le rompit et dit&nbsp;: \u00ab&nbsp;Ceci est mon corps, qui est pour vous. Faites ceci en m\u00e9moire de moi.&nbsp;\u00bb De m\u00eame, il prit la coupe apr\u00e8s le repas et dit&nbsp;: \u00ab&nbsp;Cette coupe est la nouvelle alliance de Dieu, garantie par mon sang. Toutes les fois que vous en boirez, faites-le en m\u00e9moire de moi.&nbsp;\u00bb En effet, jusqu\u2019\u00e0 ce que le Seigneur vienne, vous annoncez sa mort toutes les fois que vous mangez de ce pain et que vous buvez de cette coupe.<\/p>\n\n\n\n<p>C\u2019est pourquoi, celui qui mange le pain du Seigneur ou boit de sa coupe de fa\u00e7on indigne, se rend coupable de p\u00e9ch\u00e9 envers le corps et le sang du Seigneur. Que chacun donc s\u2019examine soi-m\u00eame et qu\u2019il mange alors de ce pain et boive de cette coupe&nbsp;; car si quelqu\u2019un mange du pain et boit de la coupe sans reconna\u00eetre leur relation avec le corps du Seigneur, il attire ainsi le jugement sur lui-m\u00eame.<\/p>\n\n\n\n<p><strong>Evangile selon St Jean 6,54-59<\/strong><\/p>\n\n\n\n<p>Celui qui mange ma chair et boit mon sang poss\u00e8de la vie \u00e9ternelle et je le rel\u00e8verai de la mort au dernier jour. Car ma chair est une vraie nourriture et mon sang est une vraie boisson. Celui qui mange ma chair et boit mon sang demeure uni \u00e0 moi et moi \u00e0 lui. Le P\u00e8re qui m\u2019a envoy\u00e9 est vivant et je vis par lui&nbsp;; de m\u00eame, celui qui me mange vivra par moi. Voici donc le pain qui est descendu du ciel. Il n\u2019est pas comme celui qu\u2019ont mang\u00e9 vos anc\u00eatres, qui sont morts. Mais celui qui mange ce pain vivra pour toujours.&nbsp;\u00bb J\u00e9sus pronon\u00e7a ces paroles alors qu\u2019il enseignait dans la synagogue de Capharna\u00fcm.<\/p>\n","protected":false},"excerpt":{"rendered":"<p>Ep\u00eetre selon St Paul: I,Corinthiens 11,23-29 En effet, voici l\u2019enseignement que j\u2019ai re\u00e7u du Seigneur et que je vous ai transmis&nbsp;: Le Seigneur J\u00e9sus, dans la nuit o\u00f9 il fut livr\u00e9, prit du pain et, apr\u00e8s avoir remerci\u00e9 Dieu, il &hellip; <a href=\"https:\/\/gallican-montbrison.fr\/wp\/?p=8555\">Continuer la lecture <span class=\"meta-nav\">&rarr;<\/span><\/a><\/p>\n","protected":false},"author":3,"featured_media":0,"comment_status":"closed","ping_status":"open","sticky":false,"template":"","format":"standard","meta":{"footnotes":""},"categories":[4,5],"tags":[100,27,138,98,52,87,6],"class_list":["post-8555","post","type-post","status-publish","format-standard","hentry","category-homelies","category-vie-de-la-chapelle","tag-bapteme","tag-celebration","tag-eglise-gallicane","tag-eucharistie","tag-evangile","tag-mariage","tag-messe"],"yoast_head":"<!-- This site is optimized with the Yoast SEO plugin v25.6 - https:\/\/yoast.com\/wordpress\/plugins\/seo\/ -->\n<title>F\u00eate-Dieu 2023 - Chapelle Saint Michel Archange Montbrison<\/title>\n<meta name=\"robots\" content=\"index, follow, max-snippet:-1, max-image-preview:large, max-video-preview:-1\" \/>\n<link rel=\"canonical\" href=\"https:\/\/gallican-montbrison.fr\/wp\/?p=8555\" \/>\n<meta property=\"og:locale\" content=\"fr_FR\" \/>\n<meta property=\"og:type\" content=\"article\" \/>\n<meta property=\"og:title\" content=\"F\u00eate-Dieu 2023 - Chapelle Saint Michel Archange Montbrison\" \/>\n<meta property=\"og:description\" content=\"Ep\u00eetre selon St Paul: I,Corinthiens 11,23-29 En effet, voici l\u2019enseignement que j\u2019ai re\u00e7u du Seigneur et que je vous ai transmis&nbsp;: Le Seigneur J\u00e9sus, dans la nuit o\u00f9 il fut livr\u00e9, prit du pain et, apr\u00e8s avoir remerci\u00e9 Dieu, il &hellip; Continuer la lecture &rarr;\" \/>\n<meta property=\"og:url\" content=\"https:\/\/gallican-montbrison.fr\/wp\/?p=8555\" \/>\n<meta property=\"og:site_name\" content=\"Chapelle Saint Michel Archange Montbrison\" \/>\n<meta property=\"article:publisher\" content=\"https:\/\/www.facebook.com\/people\/Eglise-Gallicane-Chapelle-Saint-Michel-Archange\/100064564306693\/\" \/>\n<meta property=\"article:published_time\" content=\"2023-06-11T14:39:18+00:00\" \/>\n<meta property=\"article:modified_time\" content=\"2023-06-11T14:40:52+00:00\" \/>\n<meta property=\"og:image\" content=\"https:\/\/gallican-montbrison.fr\/wp\/wp-content\/uploads\/2023\/06\/10.jpg\" \/>\n<meta name=\"author\" content=\"Colette\" \/>\n<meta name=\"twitter:card\" content=\"summary_large_image\" \/>\n<meta name=\"twitter:label1\" content=\"\u00c9crit par\" \/>\n\t<meta name=\"twitter:data1\" content=\"Colette\" \/>\n\t<meta name=\"twitter:label2\" content=\"Dur\u00e9e de lecture estim\u00e9e\" \/>\n\t<meta name=\"twitter:data2\" content=\"2 minutes\" \/>\n<script type=\"application\/ld+json\" class=\"yoast-schema-graph\">{\"@context\":\"https:\/\/schema.org\",\"@graph\":[{\"@type\":\"WebPage\",\"@id\":\"https:\/\/gallican-montbrison.fr\/wp\/?p=8555\",\"url\":\"https:\/\/gallican-montbrison.fr\/wp\/?p=8555\",\"name\":\"F\u00eate-Dieu 2023 - Chapelle Saint Michel Archange Montbrison\",\"isPartOf\":{\"@id\":\"https:\/\/gallican-montbrison.fr\/wp\/#website\"},\"primaryImageOfPage\":{\"@id\":\"https:\/\/gallican-montbrison.fr\/wp\/?p=8555#primaryimage\"},\"image\":{\"@id\":\"https:\/\/gallican-montbrison.fr\/wp\/?p=8555#primaryimage\"},\"thumbnailUrl\":\"https:\/\/gallican-montbrison.fr\/wp\/wp-content\/uploads\/2023\/06\/10.jpg\",\"datePublished\":\"2023-06-11T14:39:18+00:00\",\"dateModified\":\"2023-06-11T14:40:52+00:00\",\"author\":{\"@id\":\"https:\/\/gallican-montbrison.fr\/wp\/#\/schema\/person\/fc5571a40f7c79de2fb1b0cf72c089a4\"},\"breadcrumb\":{\"@id\":\"https:\/\/gallican-montbrison.fr\/wp\/?p=8555#breadcrumb\"},\"inLanguage\":\"fr-FR\",\"potentialAction\":[{\"@type\":\"ReadAction\",\"target\":[\"https:\/\/gallican-montbrison.fr\/wp\/?p=8555\"]}]},{\"@type\":\"ImageObject\",\"inLanguage\":\"fr-FR\",\"@id\":\"https:\/\/gallican-montbrison.fr\/wp\/?p=8555#primaryimage\",\"url\":\"https:\/\/gallican-montbrison.fr\/wp\/wp-content\/uploads\/2023\/06\/10.jpg\",\"contentUrl\":\"https:\/\/gallican-montbrison.fr\/wp\/wp-content\/uploads\/2023\/06\/10.jpg\"},{\"@type\":\"BreadcrumbList\",\"@id\":\"https:\/\/gallican-montbrison.fr\/wp\/?p=8555#breadcrumb\",\"itemListElement\":[{\"@type\":\"ListItem\",\"position\":1,\"name\":\"Accueil\",\"item\":\"https:\/\/gallican-montbrison.fr\/wp\"},{\"@type\":\"ListItem\",\"position\":2,\"name\":\"F\u00eate-Dieu 2023\"}]},{\"@type\":\"WebSite\",\"@id\":\"https:\/\/gallican-montbrison.fr\/wp\/#website\",\"url\":\"https:\/\/gallican-montbrison.fr\/wp\/\",\"name\":\"Chapelle Saint Michel Archange Montbrison\",\"description\":\"Eglise Gallicane, Tradition Apostolique de Gazinet\",\"potentialAction\":[{\"@type\":\"SearchAction\",\"target\":{\"@type\":\"EntryPoint\",\"urlTemplate\":\"https:\/\/gallican-montbrison.fr\/wp\/?s={search_term_string}\"},\"query-input\":{\"@type\":\"PropertyValueSpecification\",\"valueRequired\":true,\"valueName\":\"search_term_string\"}}],\"inLanguage\":\"fr-FR\"},{\"@type\":\"Person\",\"@id\":\"https:\/\/gallican-montbrison.fr\/wp\/#\/schema\/person\/fc5571a40f7c79de2fb1b0cf72c089a4\",\"name\":\"Colette\",\"url\":\"https:\/\/gallican-montbrison.fr\/wp\/?author=3\"}]}<\/script>\n<!-- \/ Yoast SEO plugin. -->","yoast_head_json":{"title":"F\u00eate-Dieu 2023 - Chapelle Saint Michel Archange Montbrison","robots":{"index":"index","follow":"follow","max-snippet":"max-snippet:-1","max-image-preview":"max-image-preview:large","max-video-preview":"max-video-preview:-1"},"canonical":"https:\/\/gallican-montbrison.fr\/wp\/?p=8555","og_locale":"fr_FR","og_type":"article","og_title":"F\u00eate-Dieu 2023 - Chapelle Saint Michel Archange Montbrison","og_description":"Ep\u00eetre selon St Paul: I,Corinthiens 11,23-29 En effet, voici l\u2019enseignement que j\u2019ai re\u00e7u du Seigneur et que je vous ai transmis&nbsp;: Le Seigneur J\u00e9sus, dans la nuit o\u00f9 il fut livr\u00e9, prit du pain et, apr\u00e8s avoir remerci\u00e9 Dieu, il &hellip; Continuer la lecture &rarr;","og_url":"https:\/\/gallican-montbrison.fr\/wp\/?p=8555","og_site_name":"Chapelle Saint Michel Archange Montbrison","article_publisher":"https:\/\/www.facebook.com\/people\/Eglise-Gallicane-Chapelle-Saint-Michel-Archange\/100064564306693\/","article_published_time":"2023-06-11T14:39:18+00:00","article_modified_time":"2023-06-11T14:40:52+00:00","og_image":[{"url":"https:\/\/gallican-montbrison.fr\/wp\/wp-content\/uploads\/2023\/06\/10.jpg","type":"","width":"","height":""}],"author":"Colette","twitter_card":"summary_large_image","twitter_misc":{"\u00c9crit par":"Colette","Dur\u00e9e de lecture estim\u00e9e":"2 minutes"},"schema":{"@context":"https:\/\/schema.org","@graph":[{"@type":"WebPage","@id":"https:\/\/gallican-montbrison.fr\/wp\/?p=8555","url":"https:\/\/gallican-montbrison.fr\/wp\/?p=8555","name":"F\u00eate-Dieu 2023 - Chapelle Saint Michel Archange Montbrison","isPartOf":{"@id":"https:\/\/gallican-montbrison.fr\/wp\/#website"},"primaryImageOfPage":{"@id":"https:\/\/gallican-montbrison.fr\/wp\/?p=8555#primaryimage"},"image":{"@id":"https:\/\/gallican-montbrison.fr\/wp\/?p=8555#primaryimage"},"thumbnailUrl":"https:\/\/gallican-montbrison.fr\/wp\/wp-content\/uploads\/2023\/06\/10.jpg","datePublished":"2023-06-11T14:39:18+00:00","dateModified":"2023-06-11T14:40:52+00:00","author":{"@id":"https:\/\/gallican-montbrison.fr\/wp\/#\/schema\/person\/fc5571a40f7c79de2fb1b0cf72c089a4"},"breadcrumb":{"@id":"https:\/\/gallican-montbrison.fr\/wp\/?p=8555#breadcrumb"},"inLanguage":"fr-FR","potentialAction":[{"@type":"ReadAction","target":["https:\/\/gallican-montbrison.fr\/wp\/?p=8555"]}]},{"@type":"ImageObject","inLanguage":"fr-FR","@id":"https:\/\/gallican-montbrison.fr\/wp\/?p=8555#primaryimage","url":"https:\/\/gallican-montbrison.fr\/wp\/wp-content\/uploads\/2023\/06\/10.jpg","contentUrl":"https:\/\/gallican-montbrison.fr\/wp\/wp-content\/uploads\/2023\/06\/10.jpg"},{"@type":"BreadcrumbList","@id":"https:\/\/gallican-montbrison.fr\/wp\/?p=8555#breadcrumb","itemListElement":[{"@type":"ListItem","position":1,"name":"Accueil","item":"https:\/\/gallican-montbrison.fr\/wp"},{"@type":"ListItem","position":2,"name":"F\u00eate-Dieu 2023"}]},{"@type":"WebSite","@id":"https:\/\/gallican-montbrison.fr\/wp\/#website","url":"https:\/\/gallican-montbrison.fr\/wp\/","name":"Chapelle Saint Michel Archange Montbrison","description":"Eglise Gallicane, Tradition Apostolique de Gazinet","potentialAction":[{"@type":"SearchAction","target":{"@type":"EntryPoint","urlTemplate":"https:\/\/gallican-montbrison.fr\/wp\/?s={search_term_string}"},"query-input":{"@type":"PropertyValueSpecification","valueRequired":true,"valueName":"search_term_string"}}],"inLanguage":"fr-FR"},{"@type":"Person","@id":"https:\/\/gallican-montbrison.fr\/wp\/#\/schema\/person\/fc5571a40f7c79de2fb1b0cf72c089a4","name":"Colette","url":"https:\/\/gallican-montbrison.fr\/wp\/?author=3"}]}},"_links":{"self":[{"href":"https:\/\/gallican-montbrison.fr\/wp\/index.php?rest_route=\/wp\/v2\/posts\/8555"}],"collection":[{"href":"https:\/\/gallican-montbrison.fr\/wp\/index.php?rest_route=\/wp\/v2\/posts"}],"about":[{"href":"https:\/\/gallican-montbrison.fr\/wp\/index.php?rest_route=\/wp\/v2\/types\/post"}],"author":[{"embeddable":true,"href":"https:\/\/gallican-montbrison.fr\/wp\/index.php?rest_route=\/wp\/v2\/users\/3"}],"replies":[{"embeddable":true,"href":"https:\/\/gallican-montbrison.fr\/wp\/index.php?rest_route=%2Fwp%2Fv2%2Fcomments&post=8555"}],"version-history":[{"count":2,"href":"https:\/\/gallican-montbrison.fr\/wp\/index.php?rest_route=\/wp\/v2\/posts\/8555\/revisions"}],"predecessor-version":[{"id":8559,"href":"https:\/\/gallican-montbrison.fr\/wp\/index.php?rest_route=\/wp\/v2\/posts\/8555\/revisions\/8559"}],"wp:attachment":[{"href":"https:\/\/gallican-montbrison.fr\/wp\/index.php?rest_route=%2Fwp%2Fv2%2Fmedia&parent=8555"}],"wp:term":[{"taxonomy":"category","embeddable":true,"href":"https:\/\/gallican-montbrison.fr\/wp\/index.php?rest_route=%2Fwp%2Fv2%2Fcategories&post=8555"},{"taxonomy":"post_tag","embeddable":true,"href":"https:\/\/gallican-montbrison.fr\/wp\/index.php?rest_route=%2Fwp%2Fv2%2Ftags&post=8555"}],"curies":[{"name":"wp","href":"https:\/\/api.w.org\/{rel}","templated":true}]}}