{"id":8590,"date":"2023-06-30T10:27:19","date_gmt":"2023-06-30T08:27:19","guid":{"rendered":"https:\/\/gallican-montbrison.fr\/wp\/?p=8590"},"modified":"2025-03-31T14:34:06","modified_gmt":"2025-03-31T12:34:06","slug":"semaine-de-priere-du-matin-sur-rcf","status":"publish","type":"post","link":"https:\/\/gallican-montbrison.fr\/wp\/?p=8590","title":{"rendered":"Semaine de \u00ab\u00a0pri\u00e8re du matin\u00a0\u00bb sur RCF"},"content":{"rendered":"\n<div class=\"wp-block-image\"><figure class=\"alignleft size-full is-resized\"><a href=\"https:\/\/gallican-montbrison.fr\/wp\/wp-content\/uploads\/2023\/06\/LA-PRIERE-DU-MATIN.jpeg\"><img loading=\"lazy\" decoding=\"async\" src=\"https:\/\/gallican-montbrison.fr\/wp\/wp-content\/uploads\/2023\/06\/LA-PRIERE-DU-MATIN.jpeg\" alt=\"\" class=\"wp-image-8607\" width=\"103\" height=\"103\" srcset=\"https:\/\/gallican-montbrison.fr\/wp\/wp-content\/uploads\/2023\/06\/LA-PRIERE-DU-MATIN.jpeg 330w, https:\/\/gallican-montbrison.fr\/wp\/wp-content\/uploads\/2023\/06\/LA-PRIERE-DU-MATIN-300x300.jpeg 300w, https:\/\/gallican-montbrison.fr\/wp\/wp-content\/uploads\/2023\/06\/LA-PRIERE-DU-MATIN-150x150.jpeg 150w\" sizes=\"(max-width: 103px) 100vw, 103px\" \/><\/a><\/figure><\/div>\n\n\n\n<p>La semaine du 26 au 30 Juin 2023, <\/p>\n\n\n\n<p>l&rsquo;ACAT et l&rsquo;Eglise Gallicane par la chapelle St Michel Archange ont propos\u00e9 \u00e0 RCF (Radio Chr\u00e9tienne Francophone) la pri\u00e8re du matin sur leurs ondes. <\/p>\n\n\n\n<figure class=\"wp-block-gallery has-nested-images columns-default is-cropped wp-block-gallery-1 is-layout-flex wp-block-gallery-is-layout-flex\">\n<figure class=\"wp-block-image size-large\"><a href=\"https:\/\/gallican-montbrison.fr\/wp\/wp-content\/uploads\/2023\/06\/13-1.jpg\"><img loading=\"lazy\" decoding=\"async\" width=\"1024\" height=\"768\" data-id=\"8591\" src=\"https:\/\/gallican-montbrison.fr\/wp\/wp-content\/uploads\/2023\/06\/13-1-1024x768.jpg\" alt=\"\" class=\"wp-image-8591\" srcset=\"https:\/\/gallican-montbrison.fr\/wp\/wp-content\/uploads\/2023\/06\/13-1-1024x768.jpg 1024w, https:\/\/gallican-montbrison.fr\/wp\/wp-content\/uploads\/2023\/06\/13-1-300x225.jpg 300w, https:\/\/gallican-montbrison.fr\/wp\/wp-content\/uploads\/2023\/06\/13-1-768x576.jpg 768w, https:\/\/gallican-montbrison.fr\/wp\/wp-content\/uploads\/2023\/06\/13-1-1536x1152.jpg 1536w, https:\/\/gallican-montbrison.fr\/wp\/wp-content\/uploads\/2023\/06\/13-1.jpg 2016w\" sizes=\"(max-width: 1024px) 100vw, 1024px\" \/><\/a><\/figure>\n\n\n\n<figure class=\"wp-block-image size-large\"><a href=\"https:\/\/gallican-montbrison.fr\/wp\/wp-content\/uploads\/2023\/06\/12.jpg\"><img loading=\"lazy\" decoding=\"async\" width=\"1024\" height=\"768\" data-id=\"8592\" src=\"https:\/\/gallican-montbrison.fr\/wp\/wp-content\/uploads\/2023\/06\/12-1024x768.jpg\" alt=\"\" class=\"wp-image-8592\" srcset=\"https:\/\/gallican-montbrison.fr\/wp\/wp-content\/uploads\/2023\/06\/12-1024x768.jpg 1024w, https:\/\/gallican-montbrison.fr\/wp\/wp-content\/uploads\/2023\/06\/12-300x225.jpg 300w, https:\/\/gallican-montbrison.fr\/wp\/wp-content\/uploads\/2023\/06\/12-768x576.jpg 768w, https:\/\/gallican-montbrison.fr\/wp\/wp-content\/uploads\/2023\/06\/12-1536x1152.jpg 1536w, https:\/\/gallican-montbrison.fr\/wp\/wp-content\/uploads\/2023\/06\/12.jpg 2016w\" sizes=\"(max-width: 1024px) 100vw, 1024px\" \/><\/a><\/figure>\n<\/figure>\n\n\n\n<p>Grand moment de pri\u00e8re pour nous tous et toutes puisque: construire cette semaine de pri\u00e8re est d\u00e9j\u00e0 prier ensemble, l&rsquo;enregistrer est prier en commun, la diffuser est transmettre la Parole, l&rsquo;\u00e9couter est laisser la pri\u00e8re grandir en nous.<\/p>\n\n\n\n<figure class=\"wp-block-audio\"><audio controls src=\"https:\/\/gallican-montbrison.fr\/wp\/wp-content\/uploads\/2023\/06\/Priere-ACAT-Lundi.mp3\"><\/audio><figcaption>Priere RCF Lundi<\/figcaption><\/figure>\n\n\n\n<figure class=\"wp-block-audio\"><audio controls src=\"https:\/\/gallican-montbrison.fr\/wp\/wp-content\/uploads\/2023\/06\/Priere-ACAT-Mardi.mp3\"><\/audio><figcaption>Priere RCF Mardi<\/figcaption><\/figure>\n\n\n\n<figure class=\"wp-block-audio\"><audio controls src=\"https:\/\/gallican-montbrison.fr\/wp\/wp-content\/uploads\/2023\/06\/Priere-ACAT-Mercredi.mp3\"><\/audio><figcaption>Priere RCF Mercredi<\/figcaption><\/figure>\n\n\n\n<figure class=\"wp-block-audio\"><audio controls src=\"https:\/\/gallican-montbrison.fr\/wp\/wp-content\/uploads\/2023\/06\/Priere-ACAT-Jeudi.mp3\"><\/audio><figcaption>Priere RCF Jeudi<\/figcaption><\/figure>\n\n\n\n<figure class=\"wp-block-audio\"><audio controls src=\"https:\/\/gallican-montbrison.fr\/wp\/wp-content\/uploads\/2023\/06\/Priere-ACAT-Vendredi.mp3\"><\/audio><figcaption>Priere RCF Vendredi<\/figcaption><\/figure>\n\n\n\n<div class=\"wp-block-image\"><figure class=\"aligncenter size-large is-resized\"><a href=\"https:\/\/gallican-montbrison.fr\/wp\/wp-content\/uploads\/2023\/06\/14-2-rotated.jpg\"><img loading=\"lazy\" decoding=\"async\" src=\"https:\/\/gallican-montbrison.fr\/wp\/wp-content\/uploads\/2023\/06\/14-2-768x1024.jpg\" alt=\"\" class=\"wp-image-8602\" width=\"368\" height=\"491\" srcset=\"https:\/\/gallican-montbrison.fr\/wp\/wp-content\/uploads\/2023\/06\/14-2-768x1024.jpg 768w, https:\/\/gallican-montbrison.fr\/wp\/wp-content\/uploads\/2023\/06\/14-2-225x300.jpg 225w, https:\/\/gallican-montbrison.fr\/wp\/wp-content\/uploads\/2023\/06\/14-2-1152x1536.jpg 1152w, https:\/\/gallican-montbrison.fr\/wp\/wp-content\/uploads\/2023\/06\/14-2-rotated.jpg 1512w\" sizes=\"(max-width: 368px) 100vw, 368px\" \/><\/a><\/figure><\/div>\n","protected":false},"excerpt":{"rendered":"<p>La semaine du 26 au 30 Juin 2023, l&rsquo;ACAT et l&rsquo;Eglise Gallicane par la chapelle St Michel Archange ont propos\u00e9 \u00e0 RCF (Radio Chr\u00e9tienne Francophone) la pri\u00e8re du matin sur leurs ondes. Grand moment de pri\u00e8re pour nous tous et &hellip; <a href=\"https:\/\/gallican-montbrison.fr\/wp\/?p=8590\">Continuer la lecture <span class=\"meta-nav\">&rarr;<\/span><\/a><\/p>\n","protected":false},"author":3,"featured_media":0,"comment_status":"closed","ping_status":"open","sticky":false,"template":"","format":"standard","meta":{"footnotes":""},"categories":[4,3,5],"tags":[],"class_list":["post-8590","post","type-post","status-publish","format-standard","hentry","category-homelies","category-oecumenisme","category-vie-de-la-chapelle"],"yoast_head":"<!-- This site is optimized with the Yoast SEO plugin v25.6 - https:\/\/yoast.com\/wordpress\/plugins\/seo\/ -->\n<title>Semaine de &quot;pri\u00e8re du matin&quot; sur RCF - Chapelle Saint Michel Archange Montbrison<\/title>\n<meta name=\"robots\" content=\"index, follow, max-snippet:-1, max-image-preview:large, max-video-preview:-1\" \/>\n<link rel=\"canonical\" href=\"https:\/\/gallican-montbrison.fr\/wp\/?p=8590\" \/>\n<meta property=\"og:locale\" content=\"fr_FR\" \/>\n<meta property=\"og:type\" content=\"article\" \/>\n<meta property=\"og:title\" content=\"Semaine de &quot;pri\u00e8re du matin&quot; sur RCF - Chapelle Saint Michel Archange Montbrison\" \/>\n<meta property=\"og:description\" content=\"La semaine du 26 au 30 Juin 2023, l&rsquo;ACAT et l&rsquo;Eglise Gallicane par la chapelle St Michel Archange ont propos\u00e9 \u00e0 RCF (Radio Chr\u00e9tienne Francophone) la pri\u00e8re du matin sur leurs ondes. Grand moment de pri\u00e8re pour nous tous et &hellip; Continuer la lecture &rarr;\" \/>\n<meta property=\"og:url\" content=\"https:\/\/gallican-montbrison.fr\/wp\/?p=8590\" \/>\n<meta property=\"og:site_name\" content=\"Chapelle Saint Michel Archange Montbrison\" \/>\n<meta property=\"article:publisher\" content=\"https:\/\/www.facebook.com\/people\/Eglise-Gallicane-Chapelle-Saint-Michel-Archange\/100064564306693\/\" \/>\n<meta property=\"article:published_time\" content=\"2023-06-30T08:27:19+00:00\" \/>\n<meta property=\"article:modified_time\" content=\"2025-03-31T12:34:06+00:00\" \/>\n<meta property=\"og:image\" content=\"https:\/\/gallican-montbrison.fr\/wp\/wp-content\/uploads\/2023\/06\/LA-PRIERE-DU-MATIN.jpeg\" \/>\n\t<meta property=\"og:image:width\" content=\"330\" \/>\n\t<meta property=\"og:image:height\" content=\"330\" \/>\n\t<meta property=\"og:image:type\" content=\"image\/jpeg\" \/>\n<meta name=\"author\" content=\"Colette\" \/>\n<meta name=\"twitter:card\" content=\"summary_large_image\" \/>\n<meta name=\"twitter:label1\" content=\"\u00c9crit par\" \/>\n\t<meta name=\"twitter:data1\" content=\"Colette\" \/>\n\t<meta name=\"twitter:label2\" content=\"Dur\u00e9e de lecture estim\u00e9e\" \/>\n\t<meta name=\"twitter:data2\" content=\"2 minutes\" \/>\n<script type=\"application\/ld+json\" class=\"yoast-schema-graph\">{\"@context\":\"https:\/\/schema.org\",\"@graph\":[{\"@type\":\"WebPage\",\"@id\":\"https:\/\/gallican-montbrison.fr\/wp\/?p=8590\",\"url\":\"https:\/\/gallican-montbrison.fr\/wp\/?p=8590\",\"name\":\"Semaine de \\\"pri\u00e8re du matin\\\" sur RCF - Chapelle Saint Michel Archange Montbrison\",\"isPartOf\":{\"@id\":\"https:\/\/gallican-montbrison.fr\/wp\/#website\"},\"primaryImageOfPage\":{\"@id\":\"https:\/\/gallican-montbrison.fr\/wp\/?p=8590#primaryimage\"},\"image\":{\"@id\":\"https:\/\/gallican-montbrison.fr\/wp\/?p=8590#primaryimage\"},\"thumbnailUrl\":\"https:\/\/gallican-montbrison.fr\/wp\/wp-content\/uploads\/2023\/06\/LA-PRIERE-DU-MATIN.jpeg\",\"datePublished\":\"2023-06-30T08:27:19+00:00\",\"dateModified\":\"2025-03-31T12:34:06+00:00\",\"author\":{\"@id\":\"https:\/\/gallican-montbrison.fr\/wp\/#\/schema\/person\/fc5571a40f7c79de2fb1b0cf72c089a4\"},\"breadcrumb\":{\"@id\":\"https:\/\/gallican-montbrison.fr\/wp\/?p=8590#breadcrumb\"},\"inLanguage\":\"fr-FR\",\"potentialAction\":[{\"@type\":\"ReadAction\",\"target\":[\"https:\/\/gallican-montbrison.fr\/wp\/?p=8590\"]}]},{\"@type\":\"ImageObject\",\"inLanguage\":\"fr-FR\",\"@id\":\"https:\/\/gallican-montbrison.fr\/wp\/?p=8590#primaryimage\",\"url\":\"https:\/\/gallican-montbrison.fr\/wp\/wp-content\/uploads\/2023\/06\/LA-PRIERE-DU-MATIN.jpeg\",\"contentUrl\":\"https:\/\/gallican-montbrison.fr\/wp\/wp-content\/uploads\/2023\/06\/LA-PRIERE-DU-MATIN.jpeg\"},{\"@type\":\"BreadcrumbList\",\"@id\":\"https:\/\/gallican-montbrison.fr\/wp\/?p=8590#breadcrumb\",\"itemListElement\":[{\"@type\":\"ListItem\",\"position\":1,\"name\":\"Accueil\",\"item\":\"https:\/\/gallican-montbrison.fr\/wp\"},{\"@type\":\"ListItem\",\"position\":2,\"name\":\"Semaine de \u00ab\u00a0pri\u00e8re du matin\u00a0\u00bb sur RCF\"}]},{\"@type\":\"WebSite\",\"@id\":\"https:\/\/gallican-montbrison.fr\/wp\/#website\",\"url\":\"https:\/\/gallican-montbrison.fr\/wp\/\",\"name\":\"Chapelle Saint Michel Archange Montbrison\",\"description\":\"Eglise Gallicane, Tradition Apostolique de Gazinet\",\"potentialAction\":[{\"@type\":\"SearchAction\",\"target\":{\"@type\":\"EntryPoint\",\"urlTemplate\":\"https:\/\/gallican-montbrison.fr\/wp\/?s={search_term_string}\"},\"query-input\":{\"@type\":\"PropertyValueSpecification\",\"valueRequired\":true,\"valueName\":\"search_term_string\"}}],\"inLanguage\":\"fr-FR\"},{\"@type\":\"Person\",\"@id\":\"https:\/\/gallican-montbrison.fr\/wp\/#\/schema\/person\/fc5571a40f7c79de2fb1b0cf72c089a4\",\"name\":\"Colette\",\"url\":\"https:\/\/gallican-montbrison.fr\/wp\/?author=3\"}]}<\/script>\n<!-- \/ Yoast SEO plugin. -->","yoast_head_json":{"title":"Semaine de \"pri\u00e8re du matin\" sur RCF - Chapelle Saint Michel Archange Montbrison","robots":{"index":"index","follow":"follow","max-snippet":"max-snippet:-1","max-image-preview":"max-image-preview:large","max-video-preview":"max-video-preview:-1"},"canonical":"https:\/\/gallican-montbrison.fr\/wp\/?p=8590","og_locale":"fr_FR","og_type":"article","og_title":"Semaine de \"pri\u00e8re du matin\" sur RCF - Chapelle Saint Michel Archange Montbrison","og_description":"La semaine du 26 au 30 Juin 2023, l&rsquo;ACAT et l&rsquo;Eglise Gallicane par la chapelle St Michel Archange ont propos\u00e9 \u00e0 RCF (Radio Chr\u00e9tienne Francophone) la pri\u00e8re du matin sur leurs ondes. Grand moment de pri\u00e8re pour nous tous et &hellip; Continuer la lecture &rarr;","og_url":"https:\/\/gallican-montbrison.fr\/wp\/?p=8590","og_site_name":"Chapelle Saint Michel Archange Montbrison","article_publisher":"https:\/\/www.facebook.com\/people\/Eglise-Gallicane-Chapelle-Saint-Michel-Archange\/100064564306693\/","article_published_time":"2023-06-30T08:27:19+00:00","article_modified_time":"2025-03-31T12:34:06+00:00","og_image":[{"width":330,"height":330,"url":"https:\/\/gallican-montbrison.fr\/wp\/wp-content\/uploads\/2023\/06\/LA-PRIERE-DU-MATIN.jpeg","type":"image\/jpeg"}],"author":"Colette","twitter_card":"summary_large_image","twitter_misc":{"\u00c9crit par":"Colette","Dur\u00e9e de lecture estim\u00e9e":"2 minutes"},"schema":{"@context":"https:\/\/schema.org","@graph":[{"@type":"WebPage","@id":"https:\/\/gallican-montbrison.fr\/wp\/?p=8590","url":"https:\/\/gallican-montbrison.fr\/wp\/?p=8590","name":"Semaine de \"pri\u00e8re du matin\" sur RCF - Chapelle Saint Michel Archange Montbrison","isPartOf":{"@id":"https:\/\/gallican-montbrison.fr\/wp\/#website"},"primaryImageOfPage":{"@id":"https:\/\/gallican-montbrison.fr\/wp\/?p=8590#primaryimage"},"image":{"@id":"https:\/\/gallican-montbrison.fr\/wp\/?p=8590#primaryimage"},"thumbnailUrl":"https:\/\/gallican-montbrison.fr\/wp\/wp-content\/uploads\/2023\/06\/LA-PRIERE-DU-MATIN.jpeg","datePublished":"2023-06-30T08:27:19+00:00","dateModified":"2025-03-31T12:34:06+00:00","author":{"@id":"https:\/\/gallican-montbrison.fr\/wp\/#\/schema\/person\/fc5571a40f7c79de2fb1b0cf72c089a4"},"breadcrumb":{"@id":"https:\/\/gallican-montbrison.fr\/wp\/?p=8590#breadcrumb"},"inLanguage":"fr-FR","potentialAction":[{"@type":"ReadAction","target":["https:\/\/gallican-montbrison.fr\/wp\/?p=8590"]}]},{"@type":"ImageObject","inLanguage":"fr-FR","@id":"https:\/\/gallican-montbrison.fr\/wp\/?p=8590#primaryimage","url":"https:\/\/gallican-montbrison.fr\/wp\/wp-content\/uploads\/2023\/06\/LA-PRIERE-DU-MATIN.jpeg","contentUrl":"https:\/\/gallican-montbrison.fr\/wp\/wp-content\/uploads\/2023\/06\/LA-PRIERE-DU-MATIN.jpeg"},{"@type":"BreadcrumbList","@id":"https:\/\/gallican-montbrison.fr\/wp\/?p=8590#breadcrumb","itemListElement":[{"@type":"ListItem","position":1,"name":"Accueil","item":"https:\/\/gallican-montbrison.fr\/wp"},{"@type":"ListItem","position":2,"name":"Semaine de \u00ab\u00a0pri\u00e8re du matin\u00a0\u00bb sur RCF"}]},{"@type":"WebSite","@id":"https:\/\/gallican-montbrison.fr\/wp\/#website","url":"https:\/\/gallican-montbrison.fr\/wp\/","name":"Chapelle Saint Michel Archange Montbrison","description":"Eglise Gallicane, Tradition Apostolique de Gazinet","potentialAction":[{"@type":"SearchAction","target":{"@type":"EntryPoint","urlTemplate":"https:\/\/gallican-montbrison.fr\/wp\/?s={search_term_string}"},"query-input":{"@type":"PropertyValueSpecification","valueRequired":true,"valueName":"search_term_string"}}],"inLanguage":"fr-FR"},{"@type":"Person","@id":"https:\/\/gallican-montbrison.fr\/wp\/#\/schema\/person\/fc5571a40f7c79de2fb1b0cf72c089a4","name":"Colette","url":"https:\/\/gallican-montbrison.fr\/wp\/?author=3"}]}},"_links":{"self":[{"href":"https:\/\/gallican-montbrison.fr\/wp\/index.php?rest_route=\/wp\/v2\/posts\/8590"}],"collection":[{"href":"https:\/\/gallican-montbrison.fr\/wp\/index.php?rest_route=\/wp\/v2\/posts"}],"about":[{"href":"https:\/\/gallican-montbrison.fr\/wp\/index.php?rest_route=\/wp\/v2\/types\/post"}],"author":[{"embeddable":true,"href":"https:\/\/gallican-montbrison.fr\/wp\/index.php?rest_route=\/wp\/v2\/users\/3"}],"replies":[{"embeddable":true,"href":"https:\/\/gallican-montbrison.fr\/wp\/index.php?rest_route=%2Fwp%2Fv2%2Fcomments&post=8590"}],"version-history":[{"count":7,"href":"https:\/\/gallican-montbrison.fr\/wp\/index.php?rest_route=\/wp\/v2\/posts\/8590\/revisions"}],"predecessor-version":[{"id":8610,"href":"https:\/\/gallican-montbrison.fr\/wp\/index.php?rest_route=\/wp\/v2\/posts\/8590\/revisions\/8610"}],"wp:attachment":[{"href":"https:\/\/gallican-montbrison.fr\/wp\/index.php?rest_route=%2Fwp%2Fv2%2Fmedia&parent=8590"}],"wp:term":[{"taxonomy":"category","embeddable":true,"href":"https:\/\/gallican-montbrison.fr\/wp\/index.php?rest_route=%2Fwp%2Fv2%2Fcategories&post=8590"},{"taxonomy":"post_tag","embeddable":true,"href":"https:\/\/gallican-montbrison.fr\/wp\/index.php?rest_route=%2Fwp%2Fv2%2Ftags&post=8590"}],"curies":[{"name":"wp","href":"https:\/\/api.w.org\/{rel}","templated":true}]}}