{"id":8611,"date":"2023-06-30T15:17:24","date_gmt":"2023-06-30T13:17:24","guid":{"rendered":"https:\/\/gallican-montbrison.fr\/wp\/?p=8611"},"modified":"2023-06-30T15:17:57","modified_gmt":"2023-06-30T13:17:57","slug":"fete-de-la-st-jean-baptiste-clerac","status":"publish","type":"post","link":"https:\/\/gallican-montbrison.fr\/wp\/?p=8611","title":{"rendered":"F\u00eate de la St Jean Baptiste &#8211; Cl\u00e9rac"},"content":{"rendered":"\n<figure class=\"wp-block-gallery has-nested-images columns-default is-cropped wp-block-gallery-1 is-layout-flex wp-block-gallery-is-layout-flex\">\n<figure class=\"wp-block-image size-large\"><a href=\"https:\/\/gallican-montbrison.fr\/wp\/wp-content\/uploads\/2023\/06\/20230625_115859-scaled.jpg\"><img loading=\"lazy\" decoding=\"async\" width=\"1024\" height=\"577\" data-id=\"8617\" src=\"https:\/\/gallican-montbrison.fr\/wp\/wp-content\/uploads\/2023\/06\/20230625_115859-1024x577.jpg\" alt=\"\" class=\"wp-image-8617\" srcset=\"https:\/\/gallican-montbrison.fr\/wp\/wp-content\/uploads\/2023\/06\/20230625_115859-1024x577.jpg 1024w, https:\/\/gallican-montbrison.fr\/wp\/wp-content\/uploads\/2023\/06\/20230625_115859-300x169.jpg 300w, https:\/\/gallican-montbrison.fr\/wp\/wp-content\/uploads\/2023\/06\/20230625_115859-768x432.jpg 768w, https:\/\/gallican-montbrison.fr\/wp\/wp-content\/uploads\/2023\/06\/20230625_115859-1536x865.jpg 1536w, https:\/\/gallican-montbrison.fr\/wp\/wp-content\/uploads\/2023\/06\/20230625_115859-2048x1153.jpg 2048w\" sizes=\"(max-width: 1024px) 100vw, 1024px\" \/><\/a><\/figure>\n\n\n\n<figure class=\"wp-block-image size-large\"><a href=\"https:\/\/gallican-montbrison.fr\/wp\/wp-content\/uploads\/2023\/06\/20230625_121342-scaled.jpg\"><img loading=\"lazy\" decoding=\"async\" width=\"1024\" height=\"577\" data-id=\"8618\" src=\"https:\/\/gallican-montbrison.fr\/wp\/wp-content\/uploads\/2023\/06\/20230625_121342-1024x577.jpg\" alt=\"\" class=\"wp-image-8618\" srcset=\"https:\/\/gallican-montbrison.fr\/wp\/wp-content\/uploads\/2023\/06\/20230625_121342-1024x577.jpg 1024w, https:\/\/gallican-montbrison.fr\/wp\/wp-content\/uploads\/2023\/06\/20230625_121342-300x169.jpg 300w, https:\/\/gallican-montbrison.fr\/wp\/wp-content\/uploads\/2023\/06\/20230625_121342-768x432.jpg 768w, https:\/\/gallican-montbrison.fr\/wp\/wp-content\/uploads\/2023\/06\/20230625_121342-1536x865.jpg 1536w, https:\/\/gallican-montbrison.fr\/wp\/wp-content\/uploads\/2023\/06\/20230625_121342-2048x1153.jpg 2048w\" sizes=\"(max-width: 1024px) 100vw, 1024px\" \/><\/a><\/figure>\n<\/figure>\n\n\n\n<p>Nous n&rsquo;avons pas pu nous d\u00e9placer au synode des religieux de l&rsquo;Eglise Gallicane cette ann\u00e9e \u00e0 Bordeaux du fait du Covid-19 qui s&rsquo;\u00e9tait invit\u00e9 chez nous. De ce fait, et tenant \u00e0 voir tout de m\u00eame notre Ev\u00eaque Mgr Thierry, nous sommes all\u00e9s le retrouver pour la f\u00eate de la St Jean Baptiste &#8230; qui se d\u00e9roulait cette ann\u00e9e \u00e0 Cl\u00e9rac, chapelle du Sacr\u00e9 Coeur, puisque la chapelle St Jean Baptiste de Bordeaux, pour diff\u00e9rentes raisons, a du fermer ses portes au mois d&rsquo;Avril 2023 apr\u00e8s les c\u00e9l\u00e9brations Pascales et le dernier synode.<\/p>\n\n\n\n<p>Nous avons pass\u00e9 une agr\u00e9able journ\u00e9e pique-nique \u00e0 l&rsquo;ombre sous les grands arbres avec les fid\u00e8les de la chapelle de Cl\u00e9rac et ceux de la chapelle de Bordeaux ayant fait le d\u00e9placement.<\/p>\n\n\n\n<figure class=\"wp-block-gallery has-nested-images columns-default is-cropped wp-block-gallery-2 is-layout-flex wp-block-gallery-is-layout-flex\">\n<figure class=\"wp-block-image size-large\"><a href=\"https:\/\/gallican-montbrison.fr\/wp\/wp-content\/uploads\/2023\/06\/20230625_103335-scaled.jpg\"><img loading=\"lazy\" decoding=\"async\" width=\"768\" height=\"1024\" data-id=\"8613\" src=\"https:\/\/gallican-montbrison.fr\/wp\/wp-content\/uploads\/2023\/06\/20230625_103335-768x1024.jpg\" alt=\"\" class=\"wp-image-8613\" srcset=\"https:\/\/gallican-montbrison.fr\/wp\/wp-content\/uploads\/2023\/06\/20230625_103335-768x1024.jpg 768w, https:\/\/gallican-montbrison.fr\/wp\/wp-content\/uploads\/2023\/06\/20230625_103335-225x300.jpg 225w, https:\/\/gallican-montbrison.fr\/wp\/wp-content\/uploads\/2023\/06\/20230625_103335-1152x1536.jpg 1152w, https:\/\/gallican-montbrison.fr\/wp\/wp-content\/uploads\/2023\/06\/20230625_103335-1536x2048.jpg 1536w, https:\/\/gallican-montbrison.fr\/wp\/wp-content\/uploads\/2023\/06\/20230625_103335-scaled.jpg 1920w\" sizes=\"(max-width: 768px) 100vw, 768px\" \/><\/a><\/figure>\n\n\n\n<figure class=\"wp-block-image size-large\"><a href=\"https:\/\/gallican-montbrison.fr\/wp\/wp-content\/uploads\/2023\/06\/20230625_103411-scaled.jpg\"><img loading=\"lazy\" decoding=\"async\" width=\"1024\" height=\"768\" data-id=\"8612\" src=\"https:\/\/gallican-montbrison.fr\/wp\/wp-content\/uploads\/2023\/06\/20230625_103411-1024x768.jpg\" alt=\"\" class=\"wp-image-8612\" srcset=\"https:\/\/gallican-montbrison.fr\/wp\/wp-content\/uploads\/2023\/06\/20230625_103411-1024x768.jpg 1024w, https:\/\/gallican-montbrison.fr\/wp\/wp-content\/uploads\/2023\/06\/20230625_103411-300x225.jpg 300w, https:\/\/gallican-montbrison.fr\/wp\/wp-content\/uploads\/2023\/06\/20230625_103411-768x576.jpg 768w, https:\/\/gallican-montbrison.fr\/wp\/wp-content\/uploads\/2023\/06\/20230625_103411-1536x1152.jpg 1536w, https:\/\/gallican-montbrison.fr\/wp\/wp-content\/uploads\/2023\/06\/20230625_103411-2048x1536.jpg 2048w\" sizes=\"(max-width: 1024px) 100vw, 1024px\" \/><\/a><\/figure>\n<\/figure>\n\n\n\n<p>Une belle c\u00e9l\u00e9bration a pr\u00e9c\u00e9d\u00e9 ce moment avec la b\u00e9n\u00e9diction des croix d&rsquo;herbes r\u00e9alis\u00e9es par les fid\u00e8les. Ils les emmeneront chez eux comme protection pour les personnes et les foyers. Elles assurent prosp\u00e9rit\u00e9 et sant\u00e9. Jacques, Diacre de notre Eglise \u00e9tait \u00e9galement pr\u00e9sent pour cette journ\u00e9e avec son \u00e9pouse, Marie-Jo.<\/p>\n\n\n\n<figure class=\"wp-block-gallery has-nested-images columns-default is-cropped wp-block-gallery-3 is-layout-flex wp-block-gallery-is-layout-flex\">\n<figure class=\"wp-block-image size-large\"><a href=\"https:\/\/gallican-montbrison.fr\/wp\/wp-content\/uploads\/2023\/06\/20230625_144612-scaled.jpg\"><img loading=\"lazy\" decoding=\"async\" width=\"768\" height=\"1024\" data-id=\"8614\" src=\"https:\/\/gallican-montbrison.fr\/wp\/wp-content\/uploads\/2023\/06\/20230625_144612-768x1024.jpg\" alt=\"\" class=\"wp-image-8614\" srcset=\"https:\/\/gallican-montbrison.fr\/wp\/wp-content\/uploads\/2023\/06\/20230625_144612-768x1024.jpg 768w, https:\/\/gallican-montbrison.fr\/wp\/wp-content\/uploads\/2023\/06\/20230625_144612-225x300.jpg 225w, https:\/\/gallican-montbrison.fr\/wp\/wp-content\/uploads\/2023\/06\/20230625_144612-1152x1536.jpg 1152w, https:\/\/gallican-montbrison.fr\/wp\/wp-content\/uploads\/2023\/06\/20230625_144612-1536x2048.jpg 1536w, https:\/\/gallican-montbrison.fr\/wp\/wp-content\/uploads\/2023\/06\/20230625_144612-scaled.jpg 1920w\" sizes=\"(max-width: 768px) 100vw, 768px\" \/><\/a><\/figure>\n\n\n\n<figure class=\"wp-block-image size-large\"><a href=\"https:\/\/gallican-montbrison.fr\/wp\/wp-content\/uploads\/2023\/06\/20230625_144709-scaled.jpg\"><img loading=\"lazy\" decoding=\"async\" width=\"768\" height=\"1024\" data-id=\"8615\" src=\"https:\/\/gallican-montbrison.fr\/wp\/wp-content\/uploads\/2023\/06\/20230625_144709-768x1024.jpg\" alt=\"\" class=\"wp-image-8615\" srcset=\"https:\/\/gallican-montbrison.fr\/wp\/wp-content\/uploads\/2023\/06\/20230625_144709-768x1024.jpg 768w, https:\/\/gallican-montbrison.fr\/wp\/wp-content\/uploads\/2023\/06\/20230625_144709-225x300.jpg 225w, https:\/\/gallican-montbrison.fr\/wp\/wp-content\/uploads\/2023\/06\/20230625_144709-1152x1536.jpg 1152w, https:\/\/gallican-montbrison.fr\/wp\/wp-content\/uploads\/2023\/06\/20230625_144709-1536x2048.jpg 1536w, https:\/\/gallican-montbrison.fr\/wp\/wp-content\/uploads\/2023\/06\/20230625_144709-scaled.jpg 1920w\" sizes=\"(max-width: 768px) 100vw, 768px\" \/><\/a><\/figure>\n\n\n\n<figure class=\"wp-block-image size-large\"><a href=\"https:\/\/gallican-montbrison.fr\/wp\/wp-content\/uploads\/2023\/06\/20230625_144722-scaled.jpg\"><img loading=\"lazy\" decoding=\"async\" width=\"1024\" height=\"768\" data-id=\"8616\" src=\"https:\/\/gallican-montbrison.fr\/wp\/wp-content\/uploads\/2023\/06\/20230625_144722-1024x768.jpg\" alt=\"\" class=\"wp-image-8616\" srcset=\"https:\/\/gallican-montbrison.fr\/wp\/wp-content\/uploads\/2023\/06\/20230625_144722-1024x768.jpg 1024w, https:\/\/gallican-montbrison.fr\/wp\/wp-content\/uploads\/2023\/06\/20230625_144722-300x225.jpg 300w, https:\/\/gallican-montbrison.fr\/wp\/wp-content\/uploads\/2023\/06\/20230625_144722-768x576.jpg 768w, https:\/\/gallican-montbrison.fr\/wp\/wp-content\/uploads\/2023\/06\/20230625_144722-1536x1152.jpg 1536w, https:\/\/gallican-montbrison.fr\/wp\/wp-content\/uploads\/2023\/06\/20230625_144722-2048x1536.jpg 2048w\" sizes=\"(max-width: 1024px) 100vw, 1024px\" \/><\/a><\/figure>\n<\/figure>\n\n\n\n<figure class=\"wp-block-gallery has-nested-images columns-default is-cropped wp-block-gallery-4 is-layout-flex wp-block-gallery-is-layout-flex\">\n<figure class=\"wp-block-image size-large\"><a href=\"https:\/\/gallican-montbrison.fr\/wp\/wp-content\/uploads\/2023\/06\/20230625_103724-scaled.jpg\"><img loading=\"lazy\" decoding=\"async\" width=\"1024\" height=\"768\" data-id=\"8619\" src=\"https:\/\/gallican-montbrison.fr\/wp\/wp-content\/uploads\/2023\/06\/20230625_103724-1024x768.jpg\" alt=\"\" class=\"wp-image-8619\" srcset=\"https:\/\/gallican-montbrison.fr\/wp\/wp-content\/uploads\/2023\/06\/20230625_103724-1024x768.jpg 1024w, https:\/\/gallican-montbrison.fr\/wp\/wp-content\/uploads\/2023\/06\/20230625_103724-300x225.jpg 300w, https:\/\/gallican-montbrison.fr\/wp\/wp-content\/uploads\/2023\/06\/20230625_103724-768x576.jpg 768w, https:\/\/gallican-montbrison.fr\/wp\/wp-content\/uploads\/2023\/06\/20230625_103724-1536x1152.jpg 1536w, https:\/\/gallican-montbrison.fr\/wp\/wp-content\/uploads\/2023\/06\/20230625_103724-2048x1536.jpg 2048w\" sizes=\"(max-width: 1024px) 100vw, 1024px\" \/><\/a><\/figure>\n\n\n\n<figure class=\"wp-block-image size-large\"><a href=\"https:\/\/gallican-montbrison.fr\/wp\/wp-content\/uploads\/2023\/06\/20230625_115704-scaled.jpg\"><img loading=\"lazy\" decoding=\"async\" width=\"1024\" height=\"577\" data-id=\"8620\" src=\"https:\/\/gallican-montbrison.fr\/wp\/wp-content\/uploads\/2023\/06\/20230625_115704-1024x577.jpg\" alt=\"\" class=\"wp-image-8620\" srcset=\"https:\/\/gallican-montbrison.fr\/wp\/wp-content\/uploads\/2023\/06\/20230625_115704-1024x577.jpg 1024w, https:\/\/gallican-montbrison.fr\/wp\/wp-content\/uploads\/2023\/06\/20230625_115704-300x169.jpg 300w, https:\/\/gallican-montbrison.fr\/wp\/wp-content\/uploads\/2023\/06\/20230625_115704-768x432.jpg 768w, https:\/\/gallican-montbrison.fr\/wp\/wp-content\/uploads\/2023\/06\/20230625_115704-1536x865.jpg 1536w, https:\/\/gallican-montbrison.fr\/wp\/wp-content\/uploads\/2023\/06\/20230625_115704-2048x1153.jpg 2048w\" sizes=\"(max-width: 1024px) 100vw, 1024px\" \/><\/a><\/figure>\n<\/figure>\n","protected":false},"excerpt":{"rendered":"<p>Nous n&rsquo;avons pas pu nous d\u00e9placer au synode des religieux de l&rsquo;Eglise Gallicane cette ann\u00e9e \u00e0 Bordeaux du fait du Covid-19 qui s&rsquo;\u00e9tait invit\u00e9 chez nous. De ce fait, et tenant \u00e0 voir tout de m\u00eame notre Ev\u00eaque Mgr Thierry, &hellip; <a href=\"https:\/\/gallican-montbrison.fr\/wp\/?p=8611\">Continuer la lecture <span class=\"meta-nav\">&rarr;<\/span><\/a><\/p>\n","protected":false},"author":3,"featured_media":0,"comment_status":"closed","ping_status":"open","sticky":false,"template":"","format":"standard","meta":{"footnotes":""},"categories":[5],"tags":[],"class_list":["post-8611","post","type-post","status-publish","format-standard","hentry","category-vie-de-la-chapelle"],"yoast_head":"<!-- This site is optimized with the Yoast SEO plugin v25.6 - https:\/\/yoast.com\/wordpress\/plugins\/seo\/ -->\n<title>F\u00eate de la St Jean Baptiste - Cl\u00e9rac - Chapelle Saint Michel Archange Montbrison<\/title>\n<meta name=\"robots\" content=\"index, follow, max-snippet:-1, max-image-preview:large, max-video-preview:-1\" \/>\n<link rel=\"canonical\" href=\"https:\/\/gallican-montbrison.fr\/wp\/?p=8611\" \/>\n<meta property=\"og:locale\" content=\"fr_FR\" \/>\n<meta property=\"og:type\" content=\"article\" \/>\n<meta property=\"og:title\" content=\"F\u00eate de la St Jean Baptiste - Cl\u00e9rac - Chapelle Saint Michel Archange Montbrison\" \/>\n<meta property=\"og:description\" content=\"Nous n&rsquo;avons pas pu nous d\u00e9placer au synode des religieux de l&rsquo;Eglise Gallicane cette ann\u00e9e \u00e0 Bordeaux du fait du Covid-19 qui s&rsquo;\u00e9tait invit\u00e9 chez nous. De ce fait, et tenant \u00e0 voir tout de m\u00eame notre Ev\u00eaque Mgr Thierry, &hellip; Continuer la lecture &rarr;\" \/>\n<meta property=\"og:url\" content=\"https:\/\/gallican-montbrison.fr\/wp\/?p=8611\" \/>\n<meta property=\"og:site_name\" content=\"Chapelle Saint Michel Archange Montbrison\" \/>\n<meta property=\"article:publisher\" content=\"https:\/\/www.facebook.com\/people\/Eglise-Gallicane-Chapelle-Saint-Michel-Archange\/100064564306693\/\" \/>\n<meta property=\"article:published_time\" content=\"2023-06-30T13:17:24+00:00\" \/>\n<meta property=\"article:modified_time\" content=\"2023-06-30T13:17:57+00:00\" \/>\n<meta property=\"og:image\" content=\"https:\/\/gallican-montbrison.fr\/wp\/wp-content\/uploads\/2023\/06\/20230625_115859-1024x577.jpg\" \/>\n<meta name=\"author\" content=\"Colette\" \/>\n<meta name=\"twitter:card\" content=\"summary_large_image\" \/>\n<meta name=\"twitter:label1\" content=\"\u00c9crit par\" \/>\n\t<meta name=\"twitter:data1\" content=\"Colette\" \/>\n\t<meta name=\"twitter:label2\" content=\"Dur\u00e9e de lecture estim\u00e9e\" \/>\n\t<meta name=\"twitter:data2\" content=\"1 minute\" \/>\n<script type=\"application\/ld+json\" class=\"yoast-schema-graph\">{\"@context\":\"https:\/\/schema.org\",\"@graph\":[{\"@type\":\"WebPage\",\"@id\":\"https:\/\/gallican-montbrison.fr\/wp\/?p=8611\",\"url\":\"https:\/\/gallican-montbrison.fr\/wp\/?p=8611\",\"name\":\"F\u00eate de la St Jean Baptiste - Cl\u00e9rac - Chapelle Saint Michel Archange Montbrison\",\"isPartOf\":{\"@id\":\"https:\/\/gallican-montbrison.fr\/wp\/#website\"},\"primaryImageOfPage\":{\"@id\":\"https:\/\/gallican-montbrison.fr\/wp\/?p=8611#primaryimage\"},\"image\":{\"@id\":\"https:\/\/gallican-montbrison.fr\/wp\/?p=8611#primaryimage\"},\"thumbnailUrl\":\"https:\/\/gallican-montbrison.fr\/wp\/wp-content\/uploads\/2023\/06\/20230625_115859-1024x577.jpg\",\"datePublished\":\"2023-06-30T13:17:24+00:00\",\"dateModified\":\"2023-06-30T13:17:57+00:00\",\"author\":{\"@id\":\"https:\/\/gallican-montbrison.fr\/wp\/#\/schema\/person\/fc5571a40f7c79de2fb1b0cf72c089a4\"},\"breadcrumb\":{\"@id\":\"https:\/\/gallican-montbrison.fr\/wp\/?p=8611#breadcrumb\"},\"inLanguage\":\"fr-FR\",\"potentialAction\":[{\"@type\":\"ReadAction\",\"target\":[\"https:\/\/gallican-montbrison.fr\/wp\/?p=8611\"]}]},{\"@type\":\"ImageObject\",\"inLanguage\":\"fr-FR\",\"@id\":\"https:\/\/gallican-montbrison.fr\/wp\/?p=8611#primaryimage\",\"url\":\"https:\/\/gallican-montbrison.fr\/wp\/wp-content\/uploads\/2023\/06\/20230625_115859-scaled.jpg\",\"contentUrl\":\"https:\/\/gallican-montbrison.fr\/wp\/wp-content\/uploads\/2023\/06\/20230625_115859-scaled.jpg\",\"width\":2560,\"height\":1441},{\"@type\":\"BreadcrumbList\",\"@id\":\"https:\/\/gallican-montbrison.fr\/wp\/?p=8611#breadcrumb\",\"itemListElement\":[{\"@type\":\"ListItem\",\"position\":1,\"name\":\"Accueil\",\"item\":\"https:\/\/gallican-montbrison.fr\/wp\"},{\"@type\":\"ListItem\",\"position\":2,\"name\":\"F\u00eate de la St Jean Baptiste &#8211; Cl\u00e9rac\"}]},{\"@type\":\"WebSite\",\"@id\":\"https:\/\/gallican-montbrison.fr\/wp\/#website\",\"url\":\"https:\/\/gallican-montbrison.fr\/wp\/\",\"name\":\"Chapelle Saint Michel Archange Montbrison\",\"description\":\"Eglise Gallicane, Tradition Apostolique de Gazinet\",\"potentialAction\":[{\"@type\":\"SearchAction\",\"target\":{\"@type\":\"EntryPoint\",\"urlTemplate\":\"https:\/\/gallican-montbrison.fr\/wp\/?s={search_term_string}\"},\"query-input\":{\"@type\":\"PropertyValueSpecification\",\"valueRequired\":true,\"valueName\":\"search_term_string\"}}],\"inLanguage\":\"fr-FR\"},{\"@type\":\"Person\",\"@id\":\"https:\/\/gallican-montbrison.fr\/wp\/#\/schema\/person\/fc5571a40f7c79de2fb1b0cf72c089a4\",\"name\":\"Colette\",\"url\":\"https:\/\/gallican-montbrison.fr\/wp\/?author=3\"}]}<\/script>\n<!-- \/ Yoast SEO plugin. -->","yoast_head_json":{"title":"F\u00eate de la St Jean Baptiste - Cl\u00e9rac - Chapelle Saint Michel Archange Montbrison","robots":{"index":"index","follow":"follow","max-snippet":"max-snippet:-1","max-image-preview":"max-image-preview:large","max-video-preview":"max-video-preview:-1"},"canonical":"https:\/\/gallican-montbrison.fr\/wp\/?p=8611","og_locale":"fr_FR","og_type":"article","og_title":"F\u00eate de la St Jean Baptiste - Cl\u00e9rac - Chapelle Saint Michel Archange Montbrison","og_description":"Nous n&rsquo;avons pas pu nous d\u00e9placer au synode des religieux de l&rsquo;Eglise Gallicane cette ann\u00e9e \u00e0 Bordeaux du fait du Covid-19 qui s&rsquo;\u00e9tait invit\u00e9 chez nous. De ce fait, et tenant \u00e0 voir tout de m\u00eame notre Ev\u00eaque Mgr Thierry, &hellip; Continuer la lecture &rarr;","og_url":"https:\/\/gallican-montbrison.fr\/wp\/?p=8611","og_site_name":"Chapelle Saint Michel Archange Montbrison","article_publisher":"https:\/\/www.facebook.com\/people\/Eglise-Gallicane-Chapelle-Saint-Michel-Archange\/100064564306693\/","article_published_time":"2023-06-30T13:17:24+00:00","article_modified_time":"2023-06-30T13:17:57+00:00","og_image":[{"url":"https:\/\/gallican-montbrison.fr\/wp\/wp-content\/uploads\/2023\/06\/20230625_115859-1024x577.jpg","type":"","width":"","height":""}],"author":"Colette","twitter_card":"summary_large_image","twitter_misc":{"\u00c9crit par":"Colette","Dur\u00e9e de lecture estim\u00e9e":"1 minute"},"schema":{"@context":"https:\/\/schema.org","@graph":[{"@type":"WebPage","@id":"https:\/\/gallican-montbrison.fr\/wp\/?p=8611","url":"https:\/\/gallican-montbrison.fr\/wp\/?p=8611","name":"F\u00eate de la St Jean Baptiste - Cl\u00e9rac - Chapelle Saint Michel Archange Montbrison","isPartOf":{"@id":"https:\/\/gallican-montbrison.fr\/wp\/#website"},"primaryImageOfPage":{"@id":"https:\/\/gallican-montbrison.fr\/wp\/?p=8611#primaryimage"},"image":{"@id":"https:\/\/gallican-montbrison.fr\/wp\/?p=8611#primaryimage"},"thumbnailUrl":"https:\/\/gallican-montbrison.fr\/wp\/wp-content\/uploads\/2023\/06\/20230625_115859-1024x577.jpg","datePublished":"2023-06-30T13:17:24+00:00","dateModified":"2023-06-30T13:17:57+00:00","author":{"@id":"https:\/\/gallican-montbrison.fr\/wp\/#\/schema\/person\/fc5571a40f7c79de2fb1b0cf72c089a4"},"breadcrumb":{"@id":"https:\/\/gallican-montbrison.fr\/wp\/?p=8611#breadcrumb"},"inLanguage":"fr-FR","potentialAction":[{"@type":"ReadAction","target":["https:\/\/gallican-montbrison.fr\/wp\/?p=8611"]}]},{"@type":"ImageObject","inLanguage":"fr-FR","@id":"https:\/\/gallican-montbrison.fr\/wp\/?p=8611#primaryimage","url":"https:\/\/gallican-montbrison.fr\/wp\/wp-content\/uploads\/2023\/06\/20230625_115859-scaled.jpg","contentUrl":"https:\/\/gallican-montbrison.fr\/wp\/wp-content\/uploads\/2023\/06\/20230625_115859-scaled.jpg","width":2560,"height":1441},{"@type":"BreadcrumbList","@id":"https:\/\/gallican-montbrison.fr\/wp\/?p=8611#breadcrumb","itemListElement":[{"@type":"ListItem","position":1,"name":"Accueil","item":"https:\/\/gallican-montbrison.fr\/wp"},{"@type":"ListItem","position":2,"name":"F\u00eate de la St Jean Baptiste &#8211; Cl\u00e9rac"}]},{"@type":"WebSite","@id":"https:\/\/gallican-montbrison.fr\/wp\/#website","url":"https:\/\/gallican-montbrison.fr\/wp\/","name":"Chapelle Saint Michel Archange Montbrison","description":"Eglise Gallicane, Tradition Apostolique de Gazinet","potentialAction":[{"@type":"SearchAction","target":{"@type":"EntryPoint","urlTemplate":"https:\/\/gallican-montbrison.fr\/wp\/?s={search_term_string}"},"query-input":{"@type":"PropertyValueSpecification","valueRequired":true,"valueName":"search_term_string"}}],"inLanguage":"fr-FR"},{"@type":"Person","@id":"https:\/\/gallican-montbrison.fr\/wp\/#\/schema\/person\/fc5571a40f7c79de2fb1b0cf72c089a4","name":"Colette","url":"https:\/\/gallican-montbrison.fr\/wp\/?author=3"}]}},"_links":{"self":[{"href":"https:\/\/gallican-montbrison.fr\/wp\/index.php?rest_route=\/wp\/v2\/posts\/8611"}],"collection":[{"href":"https:\/\/gallican-montbrison.fr\/wp\/index.php?rest_route=\/wp\/v2\/posts"}],"about":[{"href":"https:\/\/gallican-montbrison.fr\/wp\/index.php?rest_route=\/wp\/v2\/types\/post"}],"author":[{"embeddable":true,"href":"https:\/\/gallican-montbrison.fr\/wp\/index.php?rest_route=\/wp\/v2\/users\/3"}],"replies":[{"embeddable":true,"href":"https:\/\/gallican-montbrison.fr\/wp\/index.php?rest_route=%2Fwp%2Fv2%2Fcomments&post=8611"}],"version-history":[{"count":1,"href":"https:\/\/gallican-montbrison.fr\/wp\/index.php?rest_route=\/wp\/v2\/posts\/8611\/revisions"}],"predecessor-version":[{"id":8621,"href":"https:\/\/gallican-montbrison.fr\/wp\/index.php?rest_route=\/wp\/v2\/posts\/8611\/revisions\/8621"}],"wp:attachment":[{"href":"https:\/\/gallican-montbrison.fr\/wp\/index.php?rest_route=%2Fwp%2Fv2%2Fmedia&parent=8611"}],"wp:term":[{"taxonomy":"category","embeddable":true,"href":"https:\/\/gallican-montbrison.fr\/wp\/index.php?rest_route=%2Fwp%2Fv2%2Fcategories&post=8611"},{"taxonomy":"post_tag","embeddable":true,"href":"https:\/\/gallican-montbrison.fr\/wp\/index.php?rest_route=%2Fwp%2Fv2%2Ftags&post=8611"}],"curies":[{"name":"wp","href":"https:\/\/api.w.org\/{rel}","templated":true}]}}