{"id":8755,"date":"2023-10-19T17:36:21","date_gmt":"2023-10-19T15:36:21","guid":{"rendered":"https:\/\/gallican-montbrison.fr\/wp\/?p=8755"},"modified":"2023-10-19T17:36:21","modified_gmt":"2023-10-19T15:36:21","slug":"rencontre-avec-eglise-verte","status":"publish","type":"post","link":"https:\/\/gallican-montbrison.fr\/wp\/?p=8755","title":{"rendered":"Rencontre avec Eglise verte"},"content":{"rendered":"\n<p class=\"has-black-color has-text-color\"><a><\/a><a>Le samedi 7 octobre 2023, le groupe Eglise Verte, de la paroisse de Montbrison, a organis\u00e9 une apr\u00e8s-midi fraternelle et spirituelle autour du th\u00e8me de l&rsquo;eau afin de faire prendre conscience \u00e0 chacun de son importance pour la vie.<\/a><\/p>\n\n\n\n<p>R\u00e9alis\u00e9 d<em>ans le cadre du Temps pour la Cr\u00e9ation 2023, <\/em>la chapelle gallicane Saint Michel Archange a bien s\u00fbr r\u00e9pondu pr\u00e9sente \u00e0 cette invitation.<\/p>\n\n\n\n<p>Plusieurs temps \u00e9taient propos\u00e9s pour cette manifestation oecum\u00e9nique&nbsp;:<\/p>\n\n\n\n<p>La chorale \u0153cum\u00e9nique a anim\u00e9 les chants qui ont \u00e9t\u00e9 repris par l\u2019assembl\u00e9e et les groupes de scouts pr\u00e9sents. P\u00e8re Robert a lu l\u2019\u00c9vangile et prononc\u00e9 un bref commentaire sur le th\u00e8me de l\u2019eau et de l\u2019esprit.<\/p>\n\n\n\n<p><\/p>\n\n\n\n<p>Cette c\u00e9l\u00e9bration s\u2019est conclue sur les paroles du Notre P\u00e8re pri\u00e9es tous ensemble. Le partage du pot de l\u2019amiti\u00e9 a achev\u00e9 cette journ\u00e9e<em>.<\/em><\/p>\n\n\n\n<p>Pri\u00e8re commune:<\/p>\n\n\n\n<p>\u00ab\u00a0Sur cette Terre, notre maison commune, le Verbe s\u2019est fait chair et a suivi les eaux vivifiantes proclamant la paix et la justice pour toute la Cr\u00e9ation\u00a0\u00bb<\/p>\n\n\n\n<p>Evangile selon Saint Jean 7, 37-39<\/p>\n\n\n\n<p>\u00ab\u00a0Au jour solennel o\u00f9 se terminait la f\u00eate, J\u00e9sus, debout, s\u2019\u00e9cria\u00a0: \u00ab\u00a0Si quelqu\u2019un a soif, qu\u2019il vienne \u00e0 moi, et qu\u2019il boive, celui qui croit en moi\u00a0! Comme dit l\u2019\u00c9criture\u00a0: De son c\u0153ur couleront des fleuves d\u2019eau vive.\u00a0\u00bb En disant cela, il parlait de l\u2019Esprit Saint qu\u2019allaient recevoir ceux qui croiraient en lui. En effet, il ne pouvait y avoir l\u2019Esprit, puisque J\u00e9sus n\u2019avait pas encore \u00e9t\u00e9 glorifi\u00e9.\u00a0\u00bb<\/p>\n\n\n\n<figure class=\"wp-block-gallery has-nested-images columns-default is-cropped wp-block-gallery-1 is-layout-flex wp-block-gallery-is-layout-flex\">\n<figure class=\"wp-block-image size-large\"><a href=\"https:\/\/gallican-montbrison.fr\/wp\/wp-content\/uploads\/2023\/10\/IMG_5961-scaled.jpeg\"><img loading=\"lazy\" decoding=\"async\" width=\"1024\" height=\"768\" data-id=\"8758\" src=\"https:\/\/gallican-montbrison.fr\/wp\/wp-content\/uploads\/2023\/10\/IMG_5961-1024x768.jpeg\" alt=\"\" class=\"wp-image-8758\" srcset=\"https:\/\/gallican-montbrison.fr\/wp\/wp-content\/uploads\/2023\/10\/IMG_5961-1024x768.jpeg 1024w, https:\/\/gallican-montbrison.fr\/wp\/wp-content\/uploads\/2023\/10\/IMG_5961-300x225.jpeg 300w, https:\/\/gallican-montbrison.fr\/wp\/wp-content\/uploads\/2023\/10\/IMG_5961-768x576.jpeg 768w, https:\/\/gallican-montbrison.fr\/wp\/wp-content\/uploads\/2023\/10\/IMG_5961-1536x1152.jpeg 1536w, https:\/\/gallican-montbrison.fr\/wp\/wp-content\/uploads\/2023\/10\/IMG_5961-2048x1536.jpeg 2048w\" sizes=\"(max-width: 1024px) 100vw, 1024px\" \/><\/a><\/figure>\n\n\n\n<figure class=\"wp-block-image size-large\"><a href=\"https:\/\/gallican-montbrison.fr\/wp\/wp-content\/uploads\/2023\/10\/IMG_5962-scaled.jpeg\"><img loading=\"lazy\" decoding=\"async\" width=\"1024\" height=\"768\" data-id=\"8757\" src=\"https:\/\/gallican-montbrison.fr\/wp\/wp-content\/uploads\/2023\/10\/IMG_5962-1024x768.jpeg\" alt=\"\" class=\"wp-image-8757\" srcset=\"https:\/\/gallican-montbrison.fr\/wp\/wp-content\/uploads\/2023\/10\/IMG_5962-1024x768.jpeg 1024w, https:\/\/gallican-montbrison.fr\/wp\/wp-content\/uploads\/2023\/10\/IMG_5962-300x225.jpeg 300w, https:\/\/gallican-montbrison.fr\/wp\/wp-content\/uploads\/2023\/10\/IMG_5962-768x576.jpeg 768w, https:\/\/gallican-montbrison.fr\/wp\/wp-content\/uploads\/2023\/10\/IMG_5962-1536x1152.jpeg 1536w, https:\/\/gallican-montbrison.fr\/wp\/wp-content\/uploads\/2023\/10\/IMG_5962-2048x1536.jpeg 2048w\" sizes=\"(max-width: 1024px) 100vw, 1024px\" \/><\/a><\/figure>\n\n\n\n<figure class=\"wp-block-image size-large\"><a href=\"https:\/\/gallican-montbrison.fr\/wp\/wp-content\/uploads\/2023\/10\/IMG_5963-scaled.jpeg\"><img loading=\"lazy\" decoding=\"async\" width=\"768\" height=\"1024\" data-id=\"8756\" src=\"https:\/\/gallican-montbrison.fr\/wp\/wp-content\/uploads\/2023\/10\/IMG_5963-768x1024.jpeg\" alt=\"\" class=\"wp-image-8756\" srcset=\"https:\/\/gallican-montbrison.fr\/wp\/wp-content\/uploads\/2023\/10\/IMG_5963-768x1024.jpeg 768w, https:\/\/gallican-montbrison.fr\/wp\/wp-content\/uploads\/2023\/10\/IMG_5963-225x300.jpeg 225w, https:\/\/gallican-montbrison.fr\/wp\/wp-content\/uploads\/2023\/10\/IMG_5963-1152x1536.jpeg 1152w, https:\/\/gallican-montbrison.fr\/wp\/wp-content\/uploads\/2023\/10\/IMG_5963-1536x2048.jpeg 1536w, https:\/\/gallican-montbrison.fr\/wp\/wp-content\/uploads\/2023\/10\/IMG_5963-scaled.jpeg 1920w\" sizes=\"(max-width: 768px) 100vw, 768px\" \/><\/a><\/figure>\n<\/figure>\n","protected":false},"excerpt":{"rendered":"<p>Le samedi 7 octobre 2023, le groupe Eglise Verte, de la paroisse de Montbrison, a organis\u00e9 une apr\u00e8s-midi fraternelle et spirituelle autour du th\u00e8me de l&rsquo;eau afin de faire prendre conscience \u00e0 chacun de son importance pour la vie. R\u00e9alis\u00e9 &hellip; <a href=\"https:\/\/gallican-montbrison.fr\/wp\/?p=8755\">Continuer la lecture <span class=\"meta-nav\">&rarr;<\/span><\/a><\/p>\n","protected":false},"author":3,"featured_media":0,"comment_status":"closed","ping_status":"open","sticky":false,"template":"","format":"standard","meta":{"footnotes":""},"categories":[3,5],"tags":[],"class_list":["post-8755","post","type-post","status-publish","format-standard","hentry","category-oecumenisme","category-vie-de-la-chapelle"],"yoast_head":"<!-- This site is optimized with the Yoast SEO plugin v25.6 - https:\/\/yoast.com\/wordpress\/plugins\/seo\/ -->\n<title>Rencontre avec Eglise verte - Chapelle Saint Michel Archange Montbrison<\/title>\n<meta name=\"robots\" content=\"index, follow, max-snippet:-1, max-image-preview:large, max-video-preview:-1\" \/>\n<link rel=\"canonical\" href=\"https:\/\/gallican-montbrison.fr\/wp\/?p=8755\" \/>\n<meta property=\"og:locale\" content=\"fr_FR\" \/>\n<meta property=\"og:type\" content=\"article\" \/>\n<meta property=\"og:title\" content=\"Rencontre avec Eglise verte - Chapelle Saint Michel Archange Montbrison\" \/>\n<meta property=\"og:description\" content=\"Le samedi 7 octobre 2023, le groupe Eglise Verte, de la paroisse de Montbrison, a organis\u00e9 une apr\u00e8s-midi fraternelle et spirituelle autour du th\u00e8me de l&rsquo;eau afin de faire prendre conscience \u00e0 chacun de son importance pour la vie. R\u00e9alis\u00e9 &hellip; Continuer la lecture &rarr;\" \/>\n<meta property=\"og:url\" content=\"https:\/\/gallican-montbrison.fr\/wp\/?p=8755\" \/>\n<meta property=\"og:site_name\" content=\"Chapelle Saint Michel Archange Montbrison\" \/>\n<meta property=\"article:publisher\" content=\"https:\/\/www.facebook.com\/people\/Eglise-Gallicane-Chapelle-Saint-Michel-Archange\/100064564306693\/\" \/>\n<meta property=\"article:published_time\" content=\"2023-10-19T15:36:21+00:00\" \/>\n<meta property=\"og:image\" content=\"https:\/\/gallican-montbrison.fr\/wp\/wp-content\/uploads\/2023\/10\/IMG_5961-1024x768.jpeg\" \/>\n<meta name=\"author\" content=\"Colette\" \/>\n<meta name=\"twitter:card\" content=\"summary_large_image\" \/>\n<meta name=\"twitter:label1\" content=\"\u00c9crit par\" \/>\n\t<meta name=\"twitter:data1\" content=\"Colette\" \/>\n\t<meta name=\"twitter:label2\" content=\"Dur\u00e9e de lecture estim\u00e9e\" \/>\n\t<meta name=\"twitter:data2\" content=\"2 minutes\" \/>\n<script type=\"application\/ld+json\" class=\"yoast-schema-graph\">{\"@context\":\"https:\/\/schema.org\",\"@graph\":[{\"@type\":\"WebPage\",\"@id\":\"https:\/\/gallican-montbrison.fr\/wp\/?p=8755\",\"url\":\"https:\/\/gallican-montbrison.fr\/wp\/?p=8755\",\"name\":\"Rencontre avec Eglise verte - Chapelle Saint Michel Archange Montbrison\",\"isPartOf\":{\"@id\":\"https:\/\/gallican-montbrison.fr\/wp\/#website\"},\"primaryImageOfPage\":{\"@id\":\"https:\/\/gallican-montbrison.fr\/wp\/?p=8755#primaryimage\"},\"image\":{\"@id\":\"https:\/\/gallican-montbrison.fr\/wp\/?p=8755#primaryimage\"},\"thumbnailUrl\":\"https:\/\/gallican-montbrison.fr\/wp\/wp-content\/uploads\/2023\/10\/IMG_5961-1024x768.jpeg\",\"datePublished\":\"2023-10-19T15:36:21+00:00\",\"author\":{\"@id\":\"https:\/\/gallican-montbrison.fr\/wp\/#\/schema\/person\/fc5571a40f7c79de2fb1b0cf72c089a4\"},\"breadcrumb\":{\"@id\":\"https:\/\/gallican-montbrison.fr\/wp\/?p=8755#breadcrumb\"},\"inLanguage\":\"fr-FR\",\"potentialAction\":[{\"@type\":\"ReadAction\",\"target\":[\"https:\/\/gallican-montbrison.fr\/wp\/?p=8755\"]}]},{\"@type\":\"ImageObject\",\"inLanguage\":\"fr-FR\",\"@id\":\"https:\/\/gallican-montbrison.fr\/wp\/?p=8755#primaryimage\",\"url\":\"https:\/\/gallican-montbrison.fr\/wp\/wp-content\/uploads\/2023\/10\/IMG_5961-scaled.jpeg\",\"contentUrl\":\"https:\/\/gallican-montbrison.fr\/wp\/wp-content\/uploads\/2023\/10\/IMG_5961-scaled.jpeg\",\"width\":2560,\"height\":1920},{\"@type\":\"BreadcrumbList\",\"@id\":\"https:\/\/gallican-montbrison.fr\/wp\/?p=8755#breadcrumb\",\"itemListElement\":[{\"@type\":\"ListItem\",\"position\":1,\"name\":\"Accueil\",\"item\":\"https:\/\/gallican-montbrison.fr\/wp\"},{\"@type\":\"ListItem\",\"position\":2,\"name\":\"Rencontre avec Eglise verte\"}]},{\"@type\":\"WebSite\",\"@id\":\"https:\/\/gallican-montbrison.fr\/wp\/#website\",\"url\":\"https:\/\/gallican-montbrison.fr\/wp\/\",\"name\":\"Chapelle Saint Michel Archange Montbrison\",\"description\":\"Eglise Gallicane, Tradition Apostolique de Gazinet\",\"potentialAction\":[{\"@type\":\"SearchAction\",\"target\":{\"@type\":\"EntryPoint\",\"urlTemplate\":\"https:\/\/gallican-montbrison.fr\/wp\/?s={search_term_string}\"},\"query-input\":{\"@type\":\"PropertyValueSpecification\",\"valueRequired\":true,\"valueName\":\"search_term_string\"}}],\"inLanguage\":\"fr-FR\"},{\"@type\":\"Person\",\"@id\":\"https:\/\/gallican-montbrison.fr\/wp\/#\/schema\/person\/fc5571a40f7c79de2fb1b0cf72c089a4\",\"name\":\"Colette\",\"url\":\"https:\/\/gallican-montbrison.fr\/wp\/?author=3\"}]}<\/script>\n<!-- \/ Yoast SEO plugin. -->","yoast_head_json":{"title":"Rencontre avec Eglise verte - Chapelle Saint Michel Archange Montbrison","robots":{"index":"index","follow":"follow","max-snippet":"max-snippet:-1","max-image-preview":"max-image-preview:large","max-video-preview":"max-video-preview:-1"},"canonical":"https:\/\/gallican-montbrison.fr\/wp\/?p=8755","og_locale":"fr_FR","og_type":"article","og_title":"Rencontre avec Eglise verte - Chapelle Saint Michel Archange Montbrison","og_description":"Le samedi 7 octobre 2023, le groupe Eglise Verte, de la paroisse de Montbrison, a organis\u00e9 une apr\u00e8s-midi fraternelle et spirituelle autour du th\u00e8me de l&rsquo;eau afin de faire prendre conscience \u00e0 chacun de son importance pour la vie. R\u00e9alis\u00e9 &hellip; Continuer la lecture &rarr;","og_url":"https:\/\/gallican-montbrison.fr\/wp\/?p=8755","og_site_name":"Chapelle Saint Michel Archange Montbrison","article_publisher":"https:\/\/www.facebook.com\/people\/Eglise-Gallicane-Chapelle-Saint-Michel-Archange\/100064564306693\/","article_published_time":"2023-10-19T15:36:21+00:00","og_image":[{"url":"https:\/\/gallican-montbrison.fr\/wp\/wp-content\/uploads\/2023\/10\/IMG_5961-1024x768.jpeg","type":"","width":"","height":""}],"author":"Colette","twitter_card":"summary_large_image","twitter_misc":{"\u00c9crit par":"Colette","Dur\u00e9e de lecture estim\u00e9e":"2 minutes"},"schema":{"@context":"https:\/\/schema.org","@graph":[{"@type":"WebPage","@id":"https:\/\/gallican-montbrison.fr\/wp\/?p=8755","url":"https:\/\/gallican-montbrison.fr\/wp\/?p=8755","name":"Rencontre avec Eglise verte - Chapelle Saint Michel Archange Montbrison","isPartOf":{"@id":"https:\/\/gallican-montbrison.fr\/wp\/#website"},"primaryImageOfPage":{"@id":"https:\/\/gallican-montbrison.fr\/wp\/?p=8755#primaryimage"},"image":{"@id":"https:\/\/gallican-montbrison.fr\/wp\/?p=8755#primaryimage"},"thumbnailUrl":"https:\/\/gallican-montbrison.fr\/wp\/wp-content\/uploads\/2023\/10\/IMG_5961-1024x768.jpeg","datePublished":"2023-10-19T15:36:21+00:00","author":{"@id":"https:\/\/gallican-montbrison.fr\/wp\/#\/schema\/person\/fc5571a40f7c79de2fb1b0cf72c089a4"},"breadcrumb":{"@id":"https:\/\/gallican-montbrison.fr\/wp\/?p=8755#breadcrumb"},"inLanguage":"fr-FR","potentialAction":[{"@type":"ReadAction","target":["https:\/\/gallican-montbrison.fr\/wp\/?p=8755"]}]},{"@type":"ImageObject","inLanguage":"fr-FR","@id":"https:\/\/gallican-montbrison.fr\/wp\/?p=8755#primaryimage","url":"https:\/\/gallican-montbrison.fr\/wp\/wp-content\/uploads\/2023\/10\/IMG_5961-scaled.jpeg","contentUrl":"https:\/\/gallican-montbrison.fr\/wp\/wp-content\/uploads\/2023\/10\/IMG_5961-scaled.jpeg","width":2560,"height":1920},{"@type":"BreadcrumbList","@id":"https:\/\/gallican-montbrison.fr\/wp\/?p=8755#breadcrumb","itemListElement":[{"@type":"ListItem","position":1,"name":"Accueil","item":"https:\/\/gallican-montbrison.fr\/wp"},{"@type":"ListItem","position":2,"name":"Rencontre avec Eglise verte"}]},{"@type":"WebSite","@id":"https:\/\/gallican-montbrison.fr\/wp\/#website","url":"https:\/\/gallican-montbrison.fr\/wp\/","name":"Chapelle Saint Michel Archange Montbrison","description":"Eglise Gallicane, Tradition Apostolique de Gazinet","potentialAction":[{"@type":"SearchAction","target":{"@type":"EntryPoint","urlTemplate":"https:\/\/gallican-montbrison.fr\/wp\/?s={search_term_string}"},"query-input":{"@type":"PropertyValueSpecification","valueRequired":true,"valueName":"search_term_string"}}],"inLanguage":"fr-FR"},{"@type":"Person","@id":"https:\/\/gallican-montbrison.fr\/wp\/#\/schema\/person\/fc5571a40f7c79de2fb1b0cf72c089a4","name":"Colette","url":"https:\/\/gallican-montbrison.fr\/wp\/?author=3"}]}},"_links":{"self":[{"href":"https:\/\/gallican-montbrison.fr\/wp\/index.php?rest_route=\/wp\/v2\/posts\/8755"}],"collection":[{"href":"https:\/\/gallican-montbrison.fr\/wp\/index.php?rest_route=\/wp\/v2\/posts"}],"about":[{"href":"https:\/\/gallican-montbrison.fr\/wp\/index.php?rest_route=\/wp\/v2\/types\/post"}],"author":[{"embeddable":true,"href":"https:\/\/gallican-montbrison.fr\/wp\/index.php?rest_route=\/wp\/v2\/users\/3"}],"replies":[{"embeddable":true,"href":"https:\/\/gallican-montbrison.fr\/wp\/index.php?rest_route=%2Fwp%2Fv2%2Fcomments&post=8755"}],"version-history":[{"count":1,"href":"https:\/\/gallican-montbrison.fr\/wp\/index.php?rest_route=\/wp\/v2\/posts\/8755\/revisions"}],"predecessor-version":[{"id":8759,"href":"https:\/\/gallican-montbrison.fr\/wp\/index.php?rest_route=\/wp\/v2\/posts\/8755\/revisions\/8759"}],"wp:attachment":[{"href":"https:\/\/gallican-montbrison.fr\/wp\/index.php?rest_route=%2Fwp%2Fv2%2Fmedia&parent=8755"}],"wp:term":[{"taxonomy":"category","embeddable":true,"href":"https:\/\/gallican-montbrison.fr\/wp\/index.php?rest_route=%2Fwp%2Fv2%2Fcategories&post=8755"},{"taxonomy":"post_tag","embeddable":true,"href":"https:\/\/gallican-montbrison.fr\/wp\/index.php?rest_route=%2Fwp%2Fv2%2Ftags&post=8755"}],"curies":[{"name":"wp","href":"https:\/\/api.w.org\/{rel}","templated":true}]}}