{"id":8830,"date":"2023-11-29T19:21:26","date_gmt":"2023-11-29T18:21:26","guid":{"rendered":"https:\/\/gallican-montbrison.fr\/wp\/?p=8830"},"modified":"2023-11-29T19:58:48","modified_gmt":"2023-11-29T18:58:48","slug":"il-reviendra-dans-la-gloire-ne-le-cherchez-pas-ailleurs","status":"publish","type":"post","link":"https:\/\/gallican-montbrison.fr\/wp\/?p=8830","title":{"rendered":"Il reviendra dans la gloire !.. ne le cherchez pas ailleurs."},"content":{"rendered":"\n<figure class=\"wp-block-audio\"><audio controls src=\"https:\/\/gallican-montbrison.fr\/wp\/wp-content\/uploads\/2023\/11\/27-Homelie-24e-dim-ap-Pentecote-2023.mp3\"><\/audio><\/figure>\n\n\n\n<p class=\"has-text-align-center\">24e Dimanche apr\u00e8s Pentec\u00f4te<\/p>\n\n\n<div class=\"wp-block-image\">\n<figure class=\"alignleft size-full is-resized\"><a href=\"https:\/\/gallican-montbrison.fr\/wp\/wp-content\/uploads\/2023\/11\/8.jpg\"><img loading=\"lazy\" decoding=\"async\" width=\"830\" height=\"728\" src=\"https:\/\/gallican-montbrison.fr\/wp\/wp-content\/uploads\/2023\/11\/8.jpg\" alt=\"\" class=\"wp-image-8834\" style=\"aspect-ratio:1.14010989010989;width:265px;height:auto\" srcset=\"https:\/\/gallican-montbrison.fr\/wp\/wp-content\/uploads\/2023\/11\/8.jpg 830w, https:\/\/gallican-montbrison.fr\/wp\/wp-content\/uploads\/2023\/11\/8-300x263.jpg 300w, https:\/\/gallican-montbrison.fr\/wp\/wp-content\/uploads\/2023\/11\/8-768x674.jpg 768w\" sizes=\"(max-width: 830px) 100vw, 830px\" \/><\/a><\/figure><\/div>\n\n\n<p><strong>Ep\u00eetre: Paul aux Colossiens 1,9-14<\/strong><\/p>\n\n\n\n<p>C\u2019est pourquoi nous ne cessons pas de prier pour vous, depuis le jour o\u00f9 nous avons entendu parler de vous. Nous demandons \u00e0 Dieu de vous faire conna\u00eetre pleinement sa volont\u00e9, gr\u00e2ce \u00e0 toute la sagesse et l\u2019intelligence que donne son Esprit. Ainsi, vous pourrez vous conduire d\u2019une fa\u00e7on digne du Seigneur, en faisant toujours ce qui lui pla\u00eet. Vous produirez toutes sortes d\u2019actions bonnes et progresserez dans la connaissance de Dieu. Nous lui demandons de vous fortifier \u00e0 tous \u00e9gards par sa puissance glorieuse, afin que vous puissiez tout supporter avec patience. Remerciez avec joie Dieu le P\u00e8re&nbsp;: il vous a rendus capables d\u2019avoir part aux biens qu\u2019il r\u00e9serve dans le royaume de lumi\u00e8re \u00e0 ceux qui lui appartiennent. Il nous a en effet arrach\u00e9s \u00e0 la puissance de la nuit et nous a fait passer dans le royaume de son Fils bien-aim\u00e9. C\u2019est par lui qu\u2019il nous a d\u00e9livr\u00e9s du mal et que nos p\u00e9ch\u00e9s sont pardonn\u00e9s.<\/p>\n\n\n\n<p><strong>Evangile: Mathieu 24, 15-35<\/strong><\/p>\n\n\n\n<p>\u00ab&nbsp;Vous verrez celui qu\u2019on appelle \u00abl\u2019Horreur abominable\u00bb, dont le proph\u00e8te Daniel a parl\u00e9; il sera plac\u00e9 dans le lieu saint. \u2014 Que celui qui lit comprenne bien cela&nbsp;! \u2014 Alors, ceux qui seront en Jud\u00e9e devront s\u2019enfuir vers les montagnes&nbsp;; celui qui sera sur la terrasse de sa maison ne devra pas descendre pour prendre ses affaires \u00e0 l\u2019int\u00e9rieur; et celui qui sera dans les champs ne devra pas retourner chez lui pour emporter son manteau. Quel malheur ce sera, en ces jours-l\u00e0, pour les femmes enceintes et pour celles qui allaiteront&nbsp;! Priez Dieu pour que vous n\u2019ayez pas \u00e0 fuir pendant la mauvaise saison ou un jour de sabbat&nbsp;! Car, en ce temps-l\u00e0, la d\u00e9tresse sera plus terrible que toutes celles qu\u2019on a connues depuis le commencement du monde jusqu\u2019\u00e0 maintenant, et il n\u2019y en aura plus jamais de pareille. Si Dieu n\u2019avait pas d\u00e9cid\u00e9 d\u2019abr\u00e9ger cette p\u00e9riode, personne ne pourrait survivre. Mais il l\u2019a abr\u00e9g\u00e9e \u00e0 cause de ceux qu\u2019il a choisis. Si quelqu\u2019un vous dit alors&nbsp;: \u00abRegardez, le Messie est ici&nbsp;!\u00bb ou bien&nbsp;: \u00abIl est l\u00e0&nbsp;!\u00bb, ne le croyez pas. Car de faux messies et de faux proph\u00e8tes appara\u00eetront&nbsp;; ils accompliront de grands miracles et des prodiges pour tromper, si possible, m\u00eame ceux que Dieu a choisis. \u00c9coutez&nbsp;! Je vous ai avertis \u00e0 l\u2019avance.\u00ab&nbsp;Si donc on vous dit&nbsp;: \u00abRegardez, il est dans le d\u00e9sert&nbsp;!\u00bb, n\u2019y allez pas. Ou si l\u2019on vous dit&nbsp;: \u00abRegardez, il se cache ici&nbsp;!\u00bb, ne le croyez pas.<\/p>\n\n\n\n<p>Comme l\u2019\u00e9clair brille \u00e0 travers le ciel de l\u2019est \u00e0 l\u2019ouest, ainsi viendra le Fils de l\u2019homme. O\u00f9 que soit le cadavre, l\u00e0 se rassembleront les vautours.&nbsp;\u00bb\u00ab&nbsp;Aussit\u00f4t apr\u00e8s la d\u00e9tresse de ces jours-l\u00e0, le soleil s\u2019obscurcira, la lune ne donnera plus sa clart\u00e9, les \u00e9toiles tomberont du ciel et les puissances des cieux seront \u00e9branl\u00e9es.<\/p>\n\n\n\n<p>Alors, le signe du Fils de l\u2019homme appara\u00eetra dans le ciel&nbsp;; alors, tous les peuples de la terre se lamenteront, ils verront le Fils de l\u2019homme arriver sur les nuages du ciel avec beaucoup de puissance et de gloire. La grande trompette sonnera et il enverra ses anges aux quatre coins de la terre&nbsp;: ils rassembleront ceux qu\u2019il a choisis, d\u2019un bout du monde \u00e0 l\u2019autre.<br>\u00ab&nbsp;Comprenez l\u2019enseignement que donne le figuier&nbsp;: d\u00e8s que la s\u00e8ve circule dans ses branches et que ses feuilles poussent, vous savez que la bonne saison est proche. De m\u00eame, quand vous verrez tout cela, sachez que l\u2019\u00e9v\u00e9nement est proche, qu\u2019il va se produire.<\/p>\n\n\n\n<p>Je vous le d\u00e9clare, c\u2019est la v\u00e9rit\u00e9&nbsp;: les gens d\u2019aujourd\u2019hui n\u2019auront pas tous disparu avant que tout cela arrive. Le ciel et la terre dispara\u00eetront, tandis que mes paroles ne dispara\u00eetront jamais.&nbsp;\u00bb<\/p>\n","protected":false},"excerpt":{"rendered":"<p>24e Dimanche apr\u00e8s Pentec\u00f4te Ep\u00eetre: Paul aux Colossiens 1,9-14 C\u2019est pourquoi nous ne cessons pas de prier pour vous, depuis le jour o\u00f9 nous avons entendu parler de vous. Nous demandons \u00e0 Dieu de vous faire conna\u00eetre pleinement sa volont\u00e9, &hellip; <a href=\"https:\/\/gallican-montbrison.fr\/wp\/?p=8830\">Continuer la lecture <span class=\"meta-nav\">&rarr;<\/span><\/a><\/p>\n","protected":false},"author":3,"featured_media":0,"comment_status":"closed","ping_status":"open","sticky":false,"template":"","format":"standard","meta":{"footnotes":""},"categories":[4,5],"tags":[100,88,27,26,70,138,52,87,180],"class_list":["post-8830","post","type-post","status-publish","format-standard","hentry","category-homelies","category-vie-de-la-chapelle","tag-bapteme","tag-benediction","tag-celebration","tag-chapelle","tag-eglise","tag-eglise-gallicane","tag-evangile","tag-mariage","tag-remariage"],"yoast_head":"<!-- This site is optimized with the Yoast SEO plugin v25.6 - https:\/\/yoast.com\/wordpress\/plugins\/seo\/ -->\n<title>Il reviendra dans la gloire !.. ne le cherchez pas ailleurs. - Chapelle Saint Michel Archange Montbrison<\/title>\n<meta name=\"robots\" content=\"index, follow, max-snippet:-1, max-image-preview:large, max-video-preview:-1\" \/>\n<link rel=\"canonical\" href=\"https:\/\/gallican-montbrison.fr\/wp\/?p=8830\" \/>\n<meta property=\"og:locale\" content=\"fr_FR\" \/>\n<meta property=\"og:type\" content=\"article\" \/>\n<meta property=\"og:title\" content=\"Il reviendra dans la gloire !.. ne le cherchez pas ailleurs. - Chapelle Saint Michel Archange Montbrison\" \/>\n<meta property=\"og:description\" content=\"24e Dimanche apr\u00e8s Pentec\u00f4te Ep\u00eetre: Paul aux Colossiens 1,9-14 C\u2019est pourquoi nous ne cessons pas de prier pour vous, depuis le jour o\u00f9 nous avons entendu parler de vous. Nous demandons \u00e0 Dieu de vous faire conna\u00eetre pleinement sa volont\u00e9, &hellip; Continuer la lecture &rarr;\" \/>\n<meta property=\"og:url\" content=\"https:\/\/gallican-montbrison.fr\/wp\/?p=8830\" \/>\n<meta property=\"og:site_name\" content=\"Chapelle Saint Michel Archange Montbrison\" \/>\n<meta property=\"article:publisher\" content=\"https:\/\/www.facebook.com\/people\/Eglise-Gallicane-Chapelle-Saint-Michel-Archange\/100064564306693\/\" \/>\n<meta property=\"article:published_time\" content=\"2023-11-29T18:21:26+00:00\" \/>\n<meta property=\"article:modified_time\" content=\"2023-11-29T18:58:48+00:00\" \/>\n<meta property=\"og:image\" content=\"https:\/\/gallican-montbrison.fr\/wp\/wp-content\/uploads\/2023\/11\/8.jpg\" \/>\n<meta name=\"author\" content=\"Colette\" \/>\n<meta name=\"twitter:card\" content=\"summary_large_image\" \/>\n<meta name=\"twitter:label1\" content=\"\u00c9crit par\" \/>\n\t<meta name=\"twitter:data1\" content=\"Colette\" \/>\n\t<meta name=\"twitter:label2\" content=\"Dur\u00e9e de lecture estim\u00e9e\" \/>\n\t<meta name=\"twitter:data2\" content=\"4 minutes\" \/>\n<script type=\"application\/ld+json\" class=\"yoast-schema-graph\">{\"@context\":\"https:\/\/schema.org\",\"@graph\":[{\"@type\":\"WebPage\",\"@id\":\"https:\/\/gallican-montbrison.fr\/wp\/?p=8830\",\"url\":\"https:\/\/gallican-montbrison.fr\/wp\/?p=8830\",\"name\":\"Il reviendra dans la gloire !.. ne le cherchez pas ailleurs. - Chapelle Saint Michel Archange Montbrison\",\"isPartOf\":{\"@id\":\"https:\/\/gallican-montbrison.fr\/wp\/#website\"},\"primaryImageOfPage\":{\"@id\":\"https:\/\/gallican-montbrison.fr\/wp\/?p=8830#primaryimage\"},\"image\":{\"@id\":\"https:\/\/gallican-montbrison.fr\/wp\/?p=8830#primaryimage\"},\"thumbnailUrl\":\"https:\/\/gallican-montbrison.fr\/wp\/wp-content\/uploads\/2023\/11\/8.jpg\",\"datePublished\":\"2023-11-29T18:21:26+00:00\",\"dateModified\":\"2023-11-29T18:58:48+00:00\",\"author\":{\"@id\":\"https:\/\/gallican-montbrison.fr\/wp\/#\/schema\/person\/fc5571a40f7c79de2fb1b0cf72c089a4\"},\"breadcrumb\":{\"@id\":\"https:\/\/gallican-montbrison.fr\/wp\/?p=8830#breadcrumb\"},\"inLanguage\":\"fr-FR\",\"potentialAction\":[{\"@type\":\"ReadAction\",\"target\":[\"https:\/\/gallican-montbrison.fr\/wp\/?p=8830\"]}]},{\"@type\":\"ImageObject\",\"inLanguage\":\"fr-FR\",\"@id\":\"https:\/\/gallican-montbrison.fr\/wp\/?p=8830#primaryimage\",\"url\":\"https:\/\/gallican-montbrison.fr\/wp\/wp-content\/uploads\/2023\/11\/8.jpg\",\"contentUrl\":\"https:\/\/gallican-montbrison.fr\/wp\/wp-content\/uploads\/2023\/11\/8.jpg\"},{\"@type\":\"BreadcrumbList\",\"@id\":\"https:\/\/gallican-montbrison.fr\/wp\/?p=8830#breadcrumb\",\"itemListElement\":[{\"@type\":\"ListItem\",\"position\":1,\"name\":\"Accueil\",\"item\":\"https:\/\/gallican-montbrison.fr\/wp\"},{\"@type\":\"ListItem\",\"position\":2,\"name\":\"Il reviendra dans la gloire !.. ne le cherchez pas ailleurs.\"}]},{\"@type\":\"WebSite\",\"@id\":\"https:\/\/gallican-montbrison.fr\/wp\/#website\",\"url\":\"https:\/\/gallican-montbrison.fr\/wp\/\",\"name\":\"Chapelle Saint Michel Archange Montbrison\",\"description\":\"Eglise Gallicane, Tradition Apostolique de Gazinet\",\"potentialAction\":[{\"@type\":\"SearchAction\",\"target\":{\"@type\":\"EntryPoint\",\"urlTemplate\":\"https:\/\/gallican-montbrison.fr\/wp\/?s={search_term_string}\"},\"query-input\":{\"@type\":\"PropertyValueSpecification\",\"valueRequired\":true,\"valueName\":\"search_term_string\"}}],\"inLanguage\":\"fr-FR\"},{\"@type\":\"Person\",\"@id\":\"https:\/\/gallican-montbrison.fr\/wp\/#\/schema\/person\/fc5571a40f7c79de2fb1b0cf72c089a4\",\"name\":\"Colette\",\"url\":\"https:\/\/gallican-montbrison.fr\/wp\/?author=3\"}]}<\/script>\n<!-- \/ Yoast SEO plugin. -->","yoast_head_json":{"title":"Il reviendra dans la gloire !.. ne le cherchez pas ailleurs. - Chapelle Saint Michel Archange Montbrison","robots":{"index":"index","follow":"follow","max-snippet":"max-snippet:-1","max-image-preview":"max-image-preview:large","max-video-preview":"max-video-preview:-1"},"canonical":"https:\/\/gallican-montbrison.fr\/wp\/?p=8830","og_locale":"fr_FR","og_type":"article","og_title":"Il reviendra dans la gloire !.. ne le cherchez pas ailleurs. - Chapelle Saint Michel Archange Montbrison","og_description":"24e Dimanche apr\u00e8s Pentec\u00f4te Ep\u00eetre: Paul aux Colossiens 1,9-14 C\u2019est pourquoi nous ne cessons pas de prier pour vous, depuis le jour o\u00f9 nous avons entendu parler de vous. Nous demandons \u00e0 Dieu de vous faire conna\u00eetre pleinement sa volont\u00e9, &hellip; Continuer la lecture &rarr;","og_url":"https:\/\/gallican-montbrison.fr\/wp\/?p=8830","og_site_name":"Chapelle Saint Michel Archange Montbrison","article_publisher":"https:\/\/www.facebook.com\/people\/Eglise-Gallicane-Chapelle-Saint-Michel-Archange\/100064564306693\/","article_published_time":"2023-11-29T18:21:26+00:00","article_modified_time":"2023-11-29T18:58:48+00:00","og_image":[{"url":"https:\/\/gallican-montbrison.fr\/wp\/wp-content\/uploads\/2023\/11\/8.jpg","type":"","width":"","height":""}],"author":"Colette","twitter_card":"summary_large_image","twitter_misc":{"\u00c9crit par":"Colette","Dur\u00e9e de lecture estim\u00e9e":"4 minutes"},"schema":{"@context":"https:\/\/schema.org","@graph":[{"@type":"WebPage","@id":"https:\/\/gallican-montbrison.fr\/wp\/?p=8830","url":"https:\/\/gallican-montbrison.fr\/wp\/?p=8830","name":"Il reviendra dans la gloire !.. ne le cherchez pas ailleurs. - Chapelle Saint Michel Archange Montbrison","isPartOf":{"@id":"https:\/\/gallican-montbrison.fr\/wp\/#website"},"primaryImageOfPage":{"@id":"https:\/\/gallican-montbrison.fr\/wp\/?p=8830#primaryimage"},"image":{"@id":"https:\/\/gallican-montbrison.fr\/wp\/?p=8830#primaryimage"},"thumbnailUrl":"https:\/\/gallican-montbrison.fr\/wp\/wp-content\/uploads\/2023\/11\/8.jpg","datePublished":"2023-11-29T18:21:26+00:00","dateModified":"2023-11-29T18:58:48+00:00","author":{"@id":"https:\/\/gallican-montbrison.fr\/wp\/#\/schema\/person\/fc5571a40f7c79de2fb1b0cf72c089a4"},"breadcrumb":{"@id":"https:\/\/gallican-montbrison.fr\/wp\/?p=8830#breadcrumb"},"inLanguage":"fr-FR","potentialAction":[{"@type":"ReadAction","target":["https:\/\/gallican-montbrison.fr\/wp\/?p=8830"]}]},{"@type":"ImageObject","inLanguage":"fr-FR","@id":"https:\/\/gallican-montbrison.fr\/wp\/?p=8830#primaryimage","url":"https:\/\/gallican-montbrison.fr\/wp\/wp-content\/uploads\/2023\/11\/8.jpg","contentUrl":"https:\/\/gallican-montbrison.fr\/wp\/wp-content\/uploads\/2023\/11\/8.jpg"},{"@type":"BreadcrumbList","@id":"https:\/\/gallican-montbrison.fr\/wp\/?p=8830#breadcrumb","itemListElement":[{"@type":"ListItem","position":1,"name":"Accueil","item":"https:\/\/gallican-montbrison.fr\/wp"},{"@type":"ListItem","position":2,"name":"Il reviendra dans la gloire !.. ne le cherchez pas ailleurs."}]},{"@type":"WebSite","@id":"https:\/\/gallican-montbrison.fr\/wp\/#website","url":"https:\/\/gallican-montbrison.fr\/wp\/","name":"Chapelle Saint Michel Archange Montbrison","description":"Eglise Gallicane, Tradition Apostolique de Gazinet","potentialAction":[{"@type":"SearchAction","target":{"@type":"EntryPoint","urlTemplate":"https:\/\/gallican-montbrison.fr\/wp\/?s={search_term_string}"},"query-input":{"@type":"PropertyValueSpecification","valueRequired":true,"valueName":"search_term_string"}}],"inLanguage":"fr-FR"},{"@type":"Person","@id":"https:\/\/gallican-montbrison.fr\/wp\/#\/schema\/person\/fc5571a40f7c79de2fb1b0cf72c089a4","name":"Colette","url":"https:\/\/gallican-montbrison.fr\/wp\/?author=3"}]}},"_links":{"self":[{"href":"https:\/\/gallican-montbrison.fr\/wp\/index.php?rest_route=\/wp\/v2\/posts\/8830"}],"collection":[{"href":"https:\/\/gallican-montbrison.fr\/wp\/index.php?rest_route=\/wp\/v2\/posts"}],"about":[{"href":"https:\/\/gallican-montbrison.fr\/wp\/index.php?rest_route=\/wp\/v2\/types\/post"}],"author":[{"embeddable":true,"href":"https:\/\/gallican-montbrison.fr\/wp\/index.php?rest_route=\/wp\/v2\/users\/3"}],"replies":[{"embeddable":true,"href":"https:\/\/gallican-montbrison.fr\/wp\/index.php?rest_route=%2Fwp%2Fv2%2Fcomments&post=8830"}],"version-history":[{"count":4,"href":"https:\/\/gallican-montbrison.fr\/wp\/index.php?rest_route=\/wp\/v2\/posts\/8830\/revisions"}],"predecessor-version":[{"id":8839,"href":"https:\/\/gallican-montbrison.fr\/wp\/index.php?rest_route=\/wp\/v2\/posts\/8830\/revisions\/8839"}],"wp:attachment":[{"href":"https:\/\/gallican-montbrison.fr\/wp\/index.php?rest_route=%2Fwp%2Fv2%2Fmedia&parent=8830"}],"wp:term":[{"taxonomy":"category","embeddable":true,"href":"https:\/\/gallican-montbrison.fr\/wp\/index.php?rest_route=%2Fwp%2Fv2%2Fcategories&post=8830"},{"taxonomy":"post_tag","embeddable":true,"href":"https:\/\/gallican-montbrison.fr\/wp\/index.php?rest_route=%2Fwp%2Fv2%2Ftags&post=8830"}],"curies":[{"name":"wp","href":"https:\/\/api.w.org\/{rel}","templated":true}]}}