{"id":8936,"date":"2024-01-27T19:29:00","date_gmt":"2024-01-27T18:29:00","guid":{"rendered":"https:\/\/gallican-montbrison.fr\/wp\/?p=8936"},"modified":"2025-03-31T14:31:09","modified_gmt":"2025-03-31T12:31:09","slug":"rcf-et-eglise-gallicane-unite-des-chretiens-2024","status":"publish","type":"post","link":"https:\/\/gallican-montbrison.fr\/wp\/?p=8936","title":{"rendered":"RCF et Eglise gallicane: Unit\u00e9 des chr\u00e9tiens 2024"},"content":{"rendered":"<div class=\"wp-block-image\">\n<figure class=\"aligncenter size-full\"><a href=\"https:\/\/gallican-montbrison.fr\/wp\/wp-content\/uploads\/2024\/02\/rcf42_vitamineC.jpeg\"><img loading=\"lazy\" decoding=\"async\" width=\"324\" height=\"324\" src=\"https:\/\/gallican-montbrison.fr\/wp\/wp-content\/uploads\/2024\/02\/rcf42_vitamineC.jpeg\" alt=\"\" class=\"wp-image-8937\" srcset=\"https:\/\/gallican-montbrison.fr\/wp\/wp-content\/uploads\/2024\/02\/rcf42_vitamineC.jpeg 324w, https:\/\/gallican-montbrison.fr\/wp\/wp-content\/uploads\/2024\/02\/rcf42_vitamineC-300x300.jpeg 300w, https:\/\/gallican-montbrison.fr\/wp\/wp-content\/uploads\/2024\/02\/rcf42_vitamineC-150x150.jpeg 150w\" sizes=\"(max-width: 324px) 100vw, 324px\" \/><\/a><\/figure><\/div>\n\n\n<p class=\"has-text-align-center\">Edition vitamin\u00e9e du 26 janvier 2024<\/p>\n\n\n\n<p>Colette Mure, Diacre de l&rsquo;\u00e9glise gallicane, au micro de Brigitte Nourrisson pour la c\u00e9l\u00e9bration oecum\u00e9nique de Montbrison \u00e0 Savigneux dans le cadre de la semaine de pri\u00e8re pour l&rsquo;unit\u00e9 des chr\u00e9tiens<\/p>\n\n\n\n<figure class=\"wp-block-audio\"><audio controls src=\"https:\/\/gallican-montbrison.fr\/wp\/wp-content\/uploads\/2024\/02\/Interview-Unite-RCF-colette-Mure-04022024.mp3\"><\/audio><\/figure>\n\n\n\n<p>Interview Radio Chretienne Francophone\/Colette Mure, Diacre Eglise Gallicane Montbrison<\/p>\n","protected":false},"excerpt":{"rendered":"<p>Edition vitamin\u00e9e du 26 janvier 2024 Colette Mure, Diacre de l&rsquo;\u00e9glise gallicane, au micro de Brigitte Nourrisson pour la c\u00e9l\u00e9bration oecum\u00e9nique de Montbrison \u00e0 Savigneux dans le cadre de la semaine de pri\u00e8re pour l&rsquo;unit\u00e9 des chr\u00e9tiens Interview Radio Chretienne &hellip; <a href=\"https:\/\/gallican-montbrison.fr\/wp\/?p=8936\">Continuer la lecture <span class=\"meta-nav\">&rarr;<\/span><\/a><\/p>\n","protected":false},"author":3,"featured_media":0,"comment_status":"closed","ping_status":"open","sticky":false,"template":"","format":"standard","meta":{"footnotes":""},"categories":[9,3,5],"tags":[100,88,27,26,70,138,52,87,17,180],"class_list":["post-8936","post","type-post","status-publish","format-standard","hentry","category-la-presse-en-parle","category-oecumenisme","category-vie-de-la-chapelle","tag-bapteme","tag-benediction","tag-celebration","tag-chapelle","tag-eglise","tag-eglise-gallicane","tag-evangile","tag-mariage","tag-oecumenisme-2","tag-remariage"],"yoast_head":"<!-- This site is optimized with the Yoast SEO plugin v25.6 - https:\/\/yoast.com\/wordpress\/plugins\/seo\/ -->\n<title>RCF et Eglise gallicane: Unit\u00e9 des chr\u00e9tiens 2024 - Chapelle Saint Michel Archange Montbrison<\/title>\n<meta name=\"robots\" content=\"index, follow, max-snippet:-1, max-image-preview:large, max-video-preview:-1\" \/>\n<link rel=\"canonical\" href=\"https:\/\/gallican-montbrison.fr\/wp\/?p=8936\" \/>\n<meta property=\"og:locale\" content=\"fr_FR\" \/>\n<meta property=\"og:type\" content=\"article\" \/>\n<meta property=\"og:title\" content=\"RCF et Eglise gallicane: Unit\u00e9 des chr\u00e9tiens 2024 - Chapelle Saint Michel Archange Montbrison\" \/>\n<meta property=\"og:description\" content=\"Edition vitamin\u00e9e du 26 janvier 2024 Colette Mure, Diacre de l&rsquo;\u00e9glise gallicane, au micro de Brigitte Nourrisson pour la c\u00e9l\u00e9bration oecum\u00e9nique de Montbrison \u00e0 Savigneux dans le cadre de la semaine de pri\u00e8re pour l&rsquo;unit\u00e9 des chr\u00e9tiens Interview Radio Chretienne &hellip; Continuer la lecture &rarr;\" \/>\n<meta property=\"og:url\" content=\"https:\/\/gallican-montbrison.fr\/wp\/?p=8936\" \/>\n<meta property=\"og:site_name\" content=\"Chapelle Saint Michel Archange Montbrison\" \/>\n<meta property=\"article:publisher\" content=\"https:\/\/www.facebook.com\/people\/Eglise-Gallicane-Chapelle-Saint-Michel-Archange\/100064564306693\/\" \/>\n<meta property=\"article:published_time\" content=\"2024-01-27T18:29:00+00:00\" \/>\n<meta property=\"article:modified_time\" content=\"2025-03-31T12:31:09+00:00\" \/>\n<meta property=\"og:image\" content=\"https:\/\/gallican-montbrison.fr\/wp\/wp-content\/uploads\/2024\/02\/rcf42_vitamineC.jpeg\" \/>\n\t<meta property=\"og:image:width\" content=\"324\" \/>\n\t<meta property=\"og:image:height\" content=\"324\" \/>\n\t<meta property=\"og:image:type\" content=\"image\/jpeg\" \/>\n<meta name=\"author\" content=\"Colette\" \/>\n<meta name=\"twitter:card\" content=\"summary_large_image\" \/>\n<meta name=\"twitter:label1\" content=\"\u00c9crit par\" \/>\n\t<meta name=\"twitter:data1\" content=\"Colette\" \/>\n\t<meta name=\"twitter:label2\" content=\"Dur\u00e9e de lecture estim\u00e9e\" \/>\n\t<meta name=\"twitter:data2\" content=\"1 minute\" \/>\n<script type=\"application\/ld+json\" class=\"yoast-schema-graph\">{\"@context\":\"https:\/\/schema.org\",\"@graph\":[{\"@type\":\"WebPage\",\"@id\":\"https:\/\/gallican-montbrison.fr\/wp\/?p=8936\",\"url\":\"https:\/\/gallican-montbrison.fr\/wp\/?p=8936\",\"name\":\"RCF et Eglise gallicane: Unit\u00e9 des chr\u00e9tiens 2024 - Chapelle Saint Michel Archange Montbrison\",\"isPartOf\":{\"@id\":\"https:\/\/gallican-montbrison.fr\/wp\/#website\"},\"primaryImageOfPage\":{\"@id\":\"https:\/\/gallican-montbrison.fr\/wp\/?p=8936#primaryimage\"},\"image\":{\"@id\":\"https:\/\/gallican-montbrison.fr\/wp\/?p=8936#primaryimage\"},\"thumbnailUrl\":\"https:\/\/gallican-montbrison.fr\/wp\/wp-content\/uploads\/2024\/02\/rcf42_vitamineC.jpeg\",\"datePublished\":\"2024-01-27T18:29:00+00:00\",\"dateModified\":\"2025-03-31T12:31:09+00:00\",\"author\":{\"@id\":\"https:\/\/gallican-montbrison.fr\/wp\/#\/schema\/person\/fc5571a40f7c79de2fb1b0cf72c089a4\"},\"breadcrumb\":{\"@id\":\"https:\/\/gallican-montbrison.fr\/wp\/?p=8936#breadcrumb\"},\"inLanguage\":\"fr-FR\",\"potentialAction\":[{\"@type\":\"ReadAction\",\"target\":[\"https:\/\/gallican-montbrison.fr\/wp\/?p=8936\"]}]},{\"@type\":\"ImageObject\",\"inLanguage\":\"fr-FR\",\"@id\":\"https:\/\/gallican-montbrison.fr\/wp\/?p=8936#primaryimage\",\"url\":\"https:\/\/gallican-montbrison.fr\/wp\/wp-content\/uploads\/2024\/02\/rcf42_vitamineC.jpeg\",\"contentUrl\":\"https:\/\/gallican-montbrison.fr\/wp\/wp-content\/uploads\/2024\/02\/rcf42_vitamineC.jpeg\"},{\"@type\":\"BreadcrumbList\",\"@id\":\"https:\/\/gallican-montbrison.fr\/wp\/?p=8936#breadcrumb\",\"itemListElement\":[{\"@type\":\"ListItem\",\"position\":1,\"name\":\"Accueil\",\"item\":\"https:\/\/gallican-montbrison.fr\/wp\"},{\"@type\":\"ListItem\",\"position\":2,\"name\":\"RCF et Eglise gallicane: Unit\u00e9 des chr\u00e9tiens 2024\"}]},{\"@type\":\"WebSite\",\"@id\":\"https:\/\/gallican-montbrison.fr\/wp\/#website\",\"url\":\"https:\/\/gallican-montbrison.fr\/wp\/\",\"name\":\"Chapelle Saint Michel Archange Montbrison\",\"description\":\"Eglise Gallicane, Tradition Apostolique de Gazinet\",\"potentialAction\":[{\"@type\":\"SearchAction\",\"target\":{\"@type\":\"EntryPoint\",\"urlTemplate\":\"https:\/\/gallican-montbrison.fr\/wp\/?s={search_term_string}\"},\"query-input\":{\"@type\":\"PropertyValueSpecification\",\"valueRequired\":true,\"valueName\":\"search_term_string\"}}],\"inLanguage\":\"fr-FR\"},{\"@type\":\"Person\",\"@id\":\"https:\/\/gallican-montbrison.fr\/wp\/#\/schema\/person\/fc5571a40f7c79de2fb1b0cf72c089a4\",\"name\":\"Colette\",\"url\":\"https:\/\/gallican-montbrison.fr\/wp\/?author=3\"}]}<\/script>\n<!-- \/ Yoast SEO plugin. -->","yoast_head_json":{"title":"RCF et Eglise gallicane: Unit\u00e9 des chr\u00e9tiens 2024 - Chapelle Saint Michel Archange Montbrison","robots":{"index":"index","follow":"follow","max-snippet":"max-snippet:-1","max-image-preview":"max-image-preview:large","max-video-preview":"max-video-preview:-1"},"canonical":"https:\/\/gallican-montbrison.fr\/wp\/?p=8936","og_locale":"fr_FR","og_type":"article","og_title":"RCF et Eglise gallicane: Unit\u00e9 des chr\u00e9tiens 2024 - Chapelle Saint Michel Archange Montbrison","og_description":"Edition vitamin\u00e9e du 26 janvier 2024 Colette Mure, Diacre de l&rsquo;\u00e9glise gallicane, au micro de Brigitte Nourrisson pour la c\u00e9l\u00e9bration oecum\u00e9nique de Montbrison \u00e0 Savigneux dans le cadre de la semaine de pri\u00e8re pour l&rsquo;unit\u00e9 des chr\u00e9tiens Interview Radio Chretienne &hellip; Continuer la lecture &rarr;","og_url":"https:\/\/gallican-montbrison.fr\/wp\/?p=8936","og_site_name":"Chapelle Saint Michel Archange Montbrison","article_publisher":"https:\/\/www.facebook.com\/people\/Eglise-Gallicane-Chapelle-Saint-Michel-Archange\/100064564306693\/","article_published_time":"2024-01-27T18:29:00+00:00","article_modified_time":"2025-03-31T12:31:09+00:00","og_image":[{"width":324,"height":324,"url":"https:\/\/gallican-montbrison.fr\/wp\/wp-content\/uploads\/2024\/02\/rcf42_vitamineC.jpeg","type":"image\/jpeg"}],"author":"Colette","twitter_card":"summary_large_image","twitter_misc":{"\u00c9crit par":"Colette","Dur\u00e9e de lecture estim\u00e9e":"1 minute"},"schema":{"@context":"https:\/\/schema.org","@graph":[{"@type":"WebPage","@id":"https:\/\/gallican-montbrison.fr\/wp\/?p=8936","url":"https:\/\/gallican-montbrison.fr\/wp\/?p=8936","name":"RCF et Eglise gallicane: Unit\u00e9 des chr\u00e9tiens 2024 - Chapelle Saint Michel Archange Montbrison","isPartOf":{"@id":"https:\/\/gallican-montbrison.fr\/wp\/#website"},"primaryImageOfPage":{"@id":"https:\/\/gallican-montbrison.fr\/wp\/?p=8936#primaryimage"},"image":{"@id":"https:\/\/gallican-montbrison.fr\/wp\/?p=8936#primaryimage"},"thumbnailUrl":"https:\/\/gallican-montbrison.fr\/wp\/wp-content\/uploads\/2024\/02\/rcf42_vitamineC.jpeg","datePublished":"2024-01-27T18:29:00+00:00","dateModified":"2025-03-31T12:31:09+00:00","author":{"@id":"https:\/\/gallican-montbrison.fr\/wp\/#\/schema\/person\/fc5571a40f7c79de2fb1b0cf72c089a4"},"breadcrumb":{"@id":"https:\/\/gallican-montbrison.fr\/wp\/?p=8936#breadcrumb"},"inLanguage":"fr-FR","potentialAction":[{"@type":"ReadAction","target":["https:\/\/gallican-montbrison.fr\/wp\/?p=8936"]}]},{"@type":"ImageObject","inLanguage":"fr-FR","@id":"https:\/\/gallican-montbrison.fr\/wp\/?p=8936#primaryimage","url":"https:\/\/gallican-montbrison.fr\/wp\/wp-content\/uploads\/2024\/02\/rcf42_vitamineC.jpeg","contentUrl":"https:\/\/gallican-montbrison.fr\/wp\/wp-content\/uploads\/2024\/02\/rcf42_vitamineC.jpeg"},{"@type":"BreadcrumbList","@id":"https:\/\/gallican-montbrison.fr\/wp\/?p=8936#breadcrumb","itemListElement":[{"@type":"ListItem","position":1,"name":"Accueil","item":"https:\/\/gallican-montbrison.fr\/wp"},{"@type":"ListItem","position":2,"name":"RCF et Eglise gallicane: Unit\u00e9 des chr\u00e9tiens 2024"}]},{"@type":"WebSite","@id":"https:\/\/gallican-montbrison.fr\/wp\/#website","url":"https:\/\/gallican-montbrison.fr\/wp\/","name":"Chapelle Saint Michel Archange Montbrison","description":"Eglise Gallicane, Tradition Apostolique de Gazinet","potentialAction":[{"@type":"SearchAction","target":{"@type":"EntryPoint","urlTemplate":"https:\/\/gallican-montbrison.fr\/wp\/?s={search_term_string}"},"query-input":{"@type":"PropertyValueSpecification","valueRequired":true,"valueName":"search_term_string"}}],"inLanguage":"fr-FR"},{"@type":"Person","@id":"https:\/\/gallican-montbrison.fr\/wp\/#\/schema\/person\/fc5571a40f7c79de2fb1b0cf72c089a4","name":"Colette","url":"https:\/\/gallican-montbrison.fr\/wp\/?author=3"}]}},"_links":{"self":[{"href":"https:\/\/gallican-montbrison.fr\/wp\/index.php?rest_route=\/wp\/v2\/posts\/8936"}],"collection":[{"href":"https:\/\/gallican-montbrison.fr\/wp\/index.php?rest_route=\/wp\/v2\/posts"}],"about":[{"href":"https:\/\/gallican-montbrison.fr\/wp\/index.php?rest_route=\/wp\/v2\/types\/post"}],"author":[{"embeddable":true,"href":"https:\/\/gallican-montbrison.fr\/wp\/index.php?rest_route=\/wp\/v2\/users\/3"}],"replies":[{"embeddable":true,"href":"https:\/\/gallican-montbrison.fr\/wp\/index.php?rest_route=%2Fwp%2Fv2%2Fcomments&post=8936"}],"version-history":[{"count":4,"href":"https:\/\/gallican-montbrison.fr\/wp\/index.php?rest_route=\/wp\/v2\/posts\/8936\/revisions"}],"predecessor-version":[{"id":9686,"href":"https:\/\/gallican-montbrison.fr\/wp\/index.php?rest_route=\/wp\/v2\/posts\/8936\/revisions\/9686"}],"wp:attachment":[{"href":"https:\/\/gallican-montbrison.fr\/wp\/index.php?rest_route=%2Fwp%2Fv2%2Fmedia&parent=8936"}],"wp:term":[{"taxonomy":"category","embeddable":true,"href":"https:\/\/gallican-montbrison.fr\/wp\/index.php?rest_route=%2Fwp%2Fv2%2Fcategories&post=8936"},{"taxonomy":"post_tag","embeddable":true,"href":"https:\/\/gallican-montbrison.fr\/wp\/index.php?rest_route=%2Fwp%2Fv2%2Ftags&post=8936"}],"curies":[{"name":"wp","href":"https:\/\/api.w.org\/{rel}","templated":true}]}}