{"id":8990,"date":"2024-03-27T17:39:00","date_gmt":"2024-03-27T16:39:00","guid":{"rendered":"https:\/\/gallican-montbrison.fr\/wp\/?p=8990"},"modified":"2024-03-31T19:17:05","modified_gmt":"2024-03-31T17:17:05","slug":"rappel-celebrations-pascales","status":"publish","type":"post","link":"https:\/\/gallican-montbrison.fr\/wp\/?p=8990","title":{"rendered":"RAPPEL C\u00e9l\u00e9brations Pascales"},"content":{"rendered":"\n<p>Jeudi Saint: institution de l&rsquo;Eucharistie par NSJC<\/p>\n\n\n\n<p>Vendredi Saint: Pri\u00e8re du Chemin de Croix \u00e0 18h30<\/p>\n\n\n\n<p>Samedi Saint : Veill\u00e9e pascale \u00e0 18h30 avec b\u00e9n\u00e9diction du Cierge Pascal et de l&rsquo;Eau des B\u00e2pt\u00e8mes \u00e0 18h30<\/p>\n\n\n\n<p>Dimanche 31 Mars \u00e0 10h30 : Messe de la R\u00e9surrection &#8211; All\u00e9luia, Christ est ressuscit\u00e9 !<\/p>\n\n\n\n<figure class=\"wp-block-gallery has-nested-images columns-default is-cropped wp-block-gallery-1 is-layout-flex wp-block-gallery-is-layout-flex\">\n<figure class=\"wp-block-image size-large\"><a href=\"https:\/\/gallican-montbrison.fr\/wp\/wp-content\/uploads\/2023\/04\/images-150x150-1.jpg\"><img loading=\"lazy\" decoding=\"async\" width=\"150\" height=\"150\" data-id=\"8415\" src=\"https:\/\/gallican-montbrison.fr\/wp\/wp-content\/uploads\/2023\/04\/images-150x150-1.jpg\" alt=\"\" class=\"wp-image-8415\"\/><\/a><\/figure>\n\n\n\n<figure class=\"wp-block-image size-large\"><a href=\"https:\/\/gallican-montbrison.fr\/wp\/wp-content\/uploads\/2023\/04\/images.jpg\"><img loading=\"lazy\" decoding=\"async\" width=\"269\" height=\"187\" data-id=\"8432\" src=\"https:\/\/gallican-montbrison.fr\/wp\/wp-content\/uploads\/2023\/04\/images.jpg\" alt=\"\" class=\"wp-image-8432\"\/><\/a><\/figure>\n\n\n\n<figure class=\"wp-block-image size-large\"><a href=\"https:\/\/gallican-montbrison.fr\/wp\/wp-content\/uploads\/2023\/03\/Capture-de\u0301cran-2023-03-31-a\u0300-09.40.29.png\"><img loading=\"lazy\" decoding=\"async\" width=\"630\" height=\"760\" data-id=\"8402\" src=\"https:\/\/gallican-montbrison.fr\/wp\/wp-content\/uploads\/2023\/03\/Capture-de\u0301cran-2023-03-31-a\u0300-09.40.29.png\" alt=\"\" class=\"wp-image-8402\" srcset=\"https:\/\/gallican-montbrison.fr\/wp\/wp-content\/uploads\/2023\/03\/Capture-de\u0301cran-2023-03-31-a\u0300-09.40.29.png 630w, https:\/\/gallican-montbrison.fr\/wp\/wp-content\/uploads\/2023\/03\/Capture-de\u0301cran-2023-03-31-a\u0300-09.40.29-249x300.png 249w\" sizes=\"(max-width: 630px) 100vw, 630px\" \/><\/a><\/figure>\n<\/figure>\n","protected":false},"excerpt":{"rendered":"<p>Jeudi Saint: institution de l&rsquo;Eucharistie par NSJC Vendredi Saint: Pri\u00e8re du Chemin de Croix \u00e0 18h30 Samedi Saint : Veill\u00e9e pascale \u00e0 18h30 avec b\u00e9n\u00e9diction du Cierge Pascal et de l&rsquo;Eau des B\u00e2pt\u00e8mes \u00e0 18h30 Dimanche 31 Mars \u00e0 10h30 &hellip; <a href=\"https:\/\/gallican-montbrison.fr\/wp\/?p=8990\">Continuer la lecture <span class=\"meta-nav\">&rarr;<\/span><\/a><\/p>\n","protected":false},"author":3,"featured_media":0,"comment_status":"closed","ping_status":"open","sticky":false,"template":"","format":"standard","meta":{"footnotes":""},"categories":[5],"tags":[],"class_list":["post-8990","post","type-post","status-publish","format-standard","hentry","category-vie-de-la-chapelle"],"yoast_head":"<!-- This site is optimized with the Yoast SEO plugin v25.6 - https:\/\/yoast.com\/wordpress\/plugins\/seo\/ -->\n<title>RAPPEL C\u00e9l\u00e9brations Pascales - Chapelle Saint Michel Archange Montbrison<\/title>\n<meta name=\"robots\" content=\"index, follow, max-snippet:-1, max-image-preview:large, max-video-preview:-1\" \/>\n<link rel=\"canonical\" href=\"https:\/\/gallican-montbrison.fr\/wp\/?p=8990\" \/>\n<meta property=\"og:locale\" content=\"fr_FR\" \/>\n<meta property=\"og:type\" content=\"article\" \/>\n<meta property=\"og:title\" content=\"RAPPEL C\u00e9l\u00e9brations Pascales - Chapelle Saint Michel Archange Montbrison\" \/>\n<meta property=\"og:description\" content=\"Jeudi Saint: institution de l&rsquo;Eucharistie par NSJC Vendredi Saint: Pri\u00e8re du Chemin de Croix \u00e0 18h30 Samedi Saint : Veill\u00e9e pascale \u00e0 18h30 avec b\u00e9n\u00e9diction du Cierge Pascal et de l&rsquo;Eau des B\u00e2pt\u00e8mes \u00e0 18h30 Dimanche 31 Mars \u00e0 10h30 &hellip; Continuer la lecture &rarr;\" \/>\n<meta property=\"og:url\" content=\"https:\/\/gallican-montbrison.fr\/wp\/?p=8990\" \/>\n<meta property=\"og:site_name\" content=\"Chapelle Saint Michel Archange Montbrison\" \/>\n<meta property=\"article:publisher\" content=\"https:\/\/www.facebook.com\/people\/Eglise-Gallicane-Chapelle-Saint-Michel-Archange\/100064564306693\/\" \/>\n<meta property=\"article:published_time\" content=\"2024-03-27T16:39:00+00:00\" \/>\n<meta property=\"article:modified_time\" content=\"2024-03-31T17:17:05+00:00\" \/>\n<meta property=\"og:image\" content=\"https:\/\/gallican-montbrison.fr\/wp\/wp-content\/uploads\/2023\/04\/images-150x150-1.jpg\" \/>\n<meta name=\"author\" content=\"Colette\" \/>\n<meta name=\"twitter:card\" content=\"summary_large_image\" \/>\n<meta name=\"twitter:label1\" content=\"\u00c9crit par\" \/>\n\t<meta name=\"twitter:data1\" content=\"Colette\" \/>\n\t<meta name=\"twitter:label2\" content=\"Dur\u00e9e de lecture estim\u00e9e\" \/>\n\t<meta name=\"twitter:data2\" content=\"1 minute\" \/>\n<script type=\"application\/ld+json\" class=\"yoast-schema-graph\">{\"@context\":\"https:\/\/schema.org\",\"@graph\":[{\"@type\":\"WebPage\",\"@id\":\"https:\/\/gallican-montbrison.fr\/wp\/?p=8990\",\"url\":\"https:\/\/gallican-montbrison.fr\/wp\/?p=8990\",\"name\":\"RAPPEL C\u00e9l\u00e9brations Pascales - Chapelle Saint Michel Archange Montbrison\",\"isPartOf\":{\"@id\":\"https:\/\/gallican-montbrison.fr\/wp\/#website\"},\"primaryImageOfPage\":{\"@id\":\"https:\/\/gallican-montbrison.fr\/wp\/?p=8990#primaryimage\"},\"image\":{\"@id\":\"https:\/\/gallican-montbrison.fr\/wp\/?p=8990#primaryimage\"},\"thumbnailUrl\":\"https:\/\/gallican-montbrison.fr\/wp\/wp-content\/uploads\/2023\/04\/images-150x150-1.jpg\",\"datePublished\":\"2024-03-27T16:39:00+00:00\",\"dateModified\":\"2024-03-31T17:17:05+00:00\",\"author\":{\"@id\":\"https:\/\/gallican-montbrison.fr\/wp\/#\/schema\/person\/fc5571a40f7c79de2fb1b0cf72c089a4\"},\"breadcrumb\":{\"@id\":\"https:\/\/gallican-montbrison.fr\/wp\/?p=8990#breadcrumb\"},\"inLanguage\":\"fr-FR\",\"potentialAction\":[{\"@type\":\"ReadAction\",\"target\":[\"https:\/\/gallican-montbrison.fr\/wp\/?p=8990\"]}]},{\"@type\":\"ImageObject\",\"inLanguage\":\"fr-FR\",\"@id\":\"https:\/\/gallican-montbrison.fr\/wp\/?p=8990#primaryimage\",\"url\":\"https:\/\/gallican-montbrison.fr\/wp\/wp-content\/uploads\/2023\/04\/images-150x150-1.jpg\",\"contentUrl\":\"https:\/\/gallican-montbrison.fr\/wp\/wp-content\/uploads\/2023\/04\/images-150x150-1.jpg\"},{\"@type\":\"BreadcrumbList\",\"@id\":\"https:\/\/gallican-montbrison.fr\/wp\/?p=8990#breadcrumb\",\"itemListElement\":[{\"@type\":\"ListItem\",\"position\":1,\"name\":\"Accueil\",\"item\":\"https:\/\/gallican-montbrison.fr\/wp\"},{\"@type\":\"ListItem\",\"position\":2,\"name\":\"RAPPEL C\u00e9l\u00e9brations Pascales\"}]},{\"@type\":\"WebSite\",\"@id\":\"https:\/\/gallican-montbrison.fr\/wp\/#website\",\"url\":\"https:\/\/gallican-montbrison.fr\/wp\/\",\"name\":\"Chapelle Saint Michel Archange Montbrison\",\"description\":\"Eglise Gallicane, Tradition Apostolique de Gazinet\",\"potentialAction\":[{\"@type\":\"SearchAction\",\"target\":{\"@type\":\"EntryPoint\",\"urlTemplate\":\"https:\/\/gallican-montbrison.fr\/wp\/?s={search_term_string}\"},\"query-input\":{\"@type\":\"PropertyValueSpecification\",\"valueRequired\":true,\"valueName\":\"search_term_string\"}}],\"inLanguage\":\"fr-FR\"},{\"@type\":\"Person\",\"@id\":\"https:\/\/gallican-montbrison.fr\/wp\/#\/schema\/person\/fc5571a40f7c79de2fb1b0cf72c089a4\",\"name\":\"Colette\",\"url\":\"https:\/\/gallican-montbrison.fr\/wp\/?author=3\"}]}<\/script>\n<!-- \/ Yoast SEO plugin. -->","yoast_head_json":{"title":"RAPPEL C\u00e9l\u00e9brations Pascales - Chapelle Saint Michel Archange Montbrison","robots":{"index":"index","follow":"follow","max-snippet":"max-snippet:-1","max-image-preview":"max-image-preview:large","max-video-preview":"max-video-preview:-1"},"canonical":"https:\/\/gallican-montbrison.fr\/wp\/?p=8990","og_locale":"fr_FR","og_type":"article","og_title":"RAPPEL C\u00e9l\u00e9brations Pascales - Chapelle Saint Michel Archange Montbrison","og_description":"Jeudi Saint: institution de l&rsquo;Eucharistie par NSJC Vendredi Saint: Pri\u00e8re du Chemin de Croix \u00e0 18h30 Samedi Saint : Veill\u00e9e pascale \u00e0 18h30 avec b\u00e9n\u00e9diction du Cierge Pascal et de l&rsquo;Eau des B\u00e2pt\u00e8mes \u00e0 18h30 Dimanche 31 Mars \u00e0 10h30 &hellip; Continuer la lecture &rarr;","og_url":"https:\/\/gallican-montbrison.fr\/wp\/?p=8990","og_site_name":"Chapelle Saint Michel Archange Montbrison","article_publisher":"https:\/\/www.facebook.com\/people\/Eglise-Gallicane-Chapelle-Saint-Michel-Archange\/100064564306693\/","article_published_time":"2024-03-27T16:39:00+00:00","article_modified_time":"2024-03-31T17:17:05+00:00","og_image":[{"url":"https:\/\/gallican-montbrison.fr\/wp\/wp-content\/uploads\/2023\/04\/images-150x150-1.jpg","type":"","width":"","height":""}],"author":"Colette","twitter_card":"summary_large_image","twitter_misc":{"\u00c9crit par":"Colette","Dur\u00e9e de lecture estim\u00e9e":"1 minute"},"schema":{"@context":"https:\/\/schema.org","@graph":[{"@type":"WebPage","@id":"https:\/\/gallican-montbrison.fr\/wp\/?p=8990","url":"https:\/\/gallican-montbrison.fr\/wp\/?p=8990","name":"RAPPEL C\u00e9l\u00e9brations Pascales - Chapelle Saint Michel Archange Montbrison","isPartOf":{"@id":"https:\/\/gallican-montbrison.fr\/wp\/#website"},"primaryImageOfPage":{"@id":"https:\/\/gallican-montbrison.fr\/wp\/?p=8990#primaryimage"},"image":{"@id":"https:\/\/gallican-montbrison.fr\/wp\/?p=8990#primaryimage"},"thumbnailUrl":"https:\/\/gallican-montbrison.fr\/wp\/wp-content\/uploads\/2023\/04\/images-150x150-1.jpg","datePublished":"2024-03-27T16:39:00+00:00","dateModified":"2024-03-31T17:17:05+00:00","author":{"@id":"https:\/\/gallican-montbrison.fr\/wp\/#\/schema\/person\/fc5571a40f7c79de2fb1b0cf72c089a4"},"breadcrumb":{"@id":"https:\/\/gallican-montbrison.fr\/wp\/?p=8990#breadcrumb"},"inLanguage":"fr-FR","potentialAction":[{"@type":"ReadAction","target":["https:\/\/gallican-montbrison.fr\/wp\/?p=8990"]}]},{"@type":"ImageObject","inLanguage":"fr-FR","@id":"https:\/\/gallican-montbrison.fr\/wp\/?p=8990#primaryimage","url":"https:\/\/gallican-montbrison.fr\/wp\/wp-content\/uploads\/2023\/04\/images-150x150-1.jpg","contentUrl":"https:\/\/gallican-montbrison.fr\/wp\/wp-content\/uploads\/2023\/04\/images-150x150-1.jpg"},{"@type":"BreadcrumbList","@id":"https:\/\/gallican-montbrison.fr\/wp\/?p=8990#breadcrumb","itemListElement":[{"@type":"ListItem","position":1,"name":"Accueil","item":"https:\/\/gallican-montbrison.fr\/wp"},{"@type":"ListItem","position":2,"name":"RAPPEL C\u00e9l\u00e9brations Pascales"}]},{"@type":"WebSite","@id":"https:\/\/gallican-montbrison.fr\/wp\/#website","url":"https:\/\/gallican-montbrison.fr\/wp\/","name":"Chapelle Saint Michel Archange Montbrison","description":"Eglise Gallicane, Tradition Apostolique de Gazinet","potentialAction":[{"@type":"SearchAction","target":{"@type":"EntryPoint","urlTemplate":"https:\/\/gallican-montbrison.fr\/wp\/?s={search_term_string}"},"query-input":{"@type":"PropertyValueSpecification","valueRequired":true,"valueName":"search_term_string"}}],"inLanguage":"fr-FR"},{"@type":"Person","@id":"https:\/\/gallican-montbrison.fr\/wp\/#\/schema\/person\/fc5571a40f7c79de2fb1b0cf72c089a4","name":"Colette","url":"https:\/\/gallican-montbrison.fr\/wp\/?author=3"}]}},"_links":{"self":[{"href":"https:\/\/gallican-montbrison.fr\/wp\/index.php?rest_route=\/wp\/v2\/posts\/8990"}],"collection":[{"href":"https:\/\/gallican-montbrison.fr\/wp\/index.php?rest_route=\/wp\/v2\/posts"}],"about":[{"href":"https:\/\/gallican-montbrison.fr\/wp\/index.php?rest_route=\/wp\/v2\/types\/post"}],"author":[{"embeddable":true,"href":"https:\/\/gallican-montbrison.fr\/wp\/index.php?rest_route=\/wp\/v2\/users\/3"}],"replies":[{"embeddable":true,"href":"https:\/\/gallican-montbrison.fr\/wp\/index.php?rest_route=%2Fwp%2Fv2%2Fcomments&post=8990"}],"version-history":[{"count":4,"href":"https:\/\/gallican-montbrison.fr\/wp\/index.php?rest_route=\/wp\/v2\/posts\/8990\/revisions"}],"predecessor-version":[{"id":9012,"href":"https:\/\/gallican-montbrison.fr\/wp\/index.php?rest_route=\/wp\/v2\/posts\/8990\/revisions\/9012"}],"wp:attachment":[{"href":"https:\/\/gallican-montbrison.fr\/wp\/index.php?rest_route=%2Fwp%2Fv2%2Fmedia&parent=8990"}],"wp:term":[{"taxonomy":"category","embeddable":true,"href":"https:\/\/gallican-montbrison.fr\/wp\/index.php?rest_route=%2Fwp%2Fv2%2Fcategories&post=8990"},{"taxonomy":"post_tag","embeddable":true,"href":"https:\/\/gallican-montbrison.fr\/wp\/index.php?rest_route=%2Fwp%2Fv2%2Ftags&post=8990"}],"curies":[{"name":"wp","href":"https:\/\/api.w.org\/{rel}","templated":true}]}}