{"id":9003,"date":"2024-03-31T16:23:00","date_gmt":"2024-03-31T14:23:00","guid":{"rendered":"https:\/\/gallican-montbrison.fr\/wp\/?p=9003"},"modified":"2024-03-31T19:20:41","modified_gmt":"2024-03-31T17:20:41","slug":"jeudi-saint-celebration-de-la-premiere-eucharistie-avec-le-christ","status":"publish","type":"post","link":"https:\/\/gallican-montbrison.fr\/wp\/?p=9003","title":{"rendered":"Jeudi Saint , C\u00e9l\u00e9bration de la premi\u00e8re eucharistie"},"content":{"rendered":"\n<figure class=\"wp-block-gallery has-nested-images columns-default is-cropped wp-block-gallery-1 is-layout-flex wp-block-gallery-is-layout-flex\">\n<figure class=\"wp-block-image size-large\"><a href=\"https:\/\/gallican-montbrison.fr\/wp\/wp-content\/uploads\/2024\/03\/Capture-decran-2024-03-31-a-18.28.56.jpg\"><img loading=\"lazy\" decoding=\"async\" width=\"994\" height=\"928\" data-id=\"9008\" src=\"https:\/\/gallican-montbrison.fr\/wp\/wp-content\/uploads\/2024\/03\/Capture-decran-2024-03-31-a-18.28.56.jpg\" alt=\"\" class=\"wp-image-9008\" srcset=\"https:\/\/gallican-montbrison.fr\/wp\/wp-content\/uploads\/2024\/03\/Capture-decran-2024-03-31-a-18.28.56.jpg 994w, https:\/\/gallican-montbrison.fr\/wp\/wp-content\/uploads\/2024\/03\/Capture-decran-2024-03-31-a-18.28.56-300x280.jpg 300w, https:\/\/gallican-montbrison.fr\/wp\/wp-content\/uploads\/2024\/03\/Capture-decran-2024-03-31-a-18.28.56-768x717.jpg 768w\" sizes=\"(max-width: 994px) 100vw, 994px\" \/><\/a><\/figure>\n\n\n\n<figure class=\"wp-block-image size-large\"><a href=\"https:\/\/gallican-montbrison.fr\/wp\/wp-content\/uploads\/2024\/03\/Capture-decran-2024-03-31-a-18.28.05.jpg\"><img loading=\"lazy\" decoding=\"async\" width=\"294\" height=\"352\" data-id=\"9007\" src=\"https:\/\/gallican-montbrison.fr\/wp\/wp-content\/uploads\/2024\/03\/Capture-decran-2024-03-31-a-18.28.05.jpg\" alt=\"\" class=\"wp-image-9007\" srcset=\"https:\/\/gallican-montbrison.fr\/wp\/wp-content\/uploads\/2024\/03\/Capture-decran-2024-03-31-a-18.28.05.jpg 294w, https:\/\/gallican-montbrison.fr\/wp\/wp-content\/uploads\/2024\/03\/Capture-decran-2024-03-31-a-18.28.05-251x300.jpg 251w\" sizes=\"(max-width: 294px) 100vw, 294px\" \/><\/a><\/figure>\n\n\n\n<figure class=\"wp-block-image size-large\"><a href=\"https:\/\/gallican-montbrison.fr\/wp\/wp-content\/uploads\/2024\/03\/Capture-decran-2024-03-31-a-18.29.26-1.jpg\"><img loading=\"lazy\" decoding=\"async\" width=\"992\" height=\"942\" data-id=\"9009\" src=\"https:\/\/gallican-montbrison.fr\/wp\/wp-content\/uploads\/2024\/03\/Capture-decran-2024-03-31-a-18.29.26-1.jpg\" alt=\"\" class=\"wp-image-9009\" srcset=\"https:\/\/gallican-montbrison.fr\/wp\/wp-content\/uploads\/2024\/03\/Capture-decran-2024-03-31-a-18.29.26-1.jpg 992w, https:\/\/gallican-montbrison.fr\/wp\/wp-content\/uploads\/2024\/03\/Capture-decran-2024-03-31-a-18.29.26-1-300x285.jpg 300w, https:\/\/gallican-montbrison.fr\/wp\/wp-content\/uploads\/2024\/03\/Capture-decran-2024-03-31-a-18.29.26-1-768x729.jpg 768w\" sizes=\"(max-width: 992px) 100vw, 992px\" \/><\/a><\/figure>\n<\/figure>\n\n\n\n<p>Avant de retourner vers son P\u00e8re. J\u00e9sus-Christ instaure le moyen de rester \u00e9ternellement avec nous par sa pr\u00e9sence au coeur de l\u2019Eucharistie.<\/p>\n","protected":false},"excerpt":{"rendered":"<p>Avant de retourner vers son P\u00e8re. J\u00e9sus-Christ instaure le moyen de rester \u00e9ternellement avec nous par sa pr\u00e9sence au coeur de l\u2019Eucharistie.<\/p>\n","protected":false},"author":3,"featured_media":0,"comment_status":"closed","ping_status":"open","sticky":false,"template":"","format":"standard","meta":{"footnotes":""},"categories":[5],"tags":[],"class_list":["post-9003","post","type-post","status-publish","format-standard","hentry","category-vie-de-la-chapelle"],"yoast_head":"<!-- This site is optimized with the Yoast SEO plugin v25.6 - https:\/\/yoast.com\/wordpress\/plugins\/seo\/ -->\n<title>Jeudi Saint , C\u00e9l\u00e9bration de la premi\u00e8re eucharistie - Chapelle Saint Michel Archange Montbrison<\/title>\n<meta name=\"robots\" content=\"index, follow, max-snippet:-1, max-image-preview:large, max-video-preview:-1\" \/>\n<link rel=\"canonical\" href=\"https:\/\/gallican-montbrison.fr\/wp\/?p=9003\" \/>\n<meta property=\"og:locale\" content=\"fr_FR\" \/>\n<meta property=\"og:type\" content=\"article\" \/>\n<meta property=\"og:title\" content=\"Jeudi Saint , C\u00e9l\u00e9bration de la premi\u00e8re eucharistie - Chapelle Saint Michel Archange Montbrison\" \/>\n<meta property=\"og:description\" content=\"Avant de retourner vers son P\u00e8re. J\u00e9sus-Christ instaure le moyen de rester \u00e9ternellement avec nous par sa pr\u00e9sence au coeur de l\u2019Eucharistie.\" \/>\n<meta property=\"og:url\" content=\"https:\/\/gallican-montbrison.fr\/wp\/?p=9003\" \/>\n<meta property=\"og:site_name\" content=\"Chapelle Saint Michel Archange Montbrison\" \/>\n<meta property=\"article:publisher\" content=\"https:\/\/www.facebook.com\/people\/Eglise-Gallicane-Chapelle-Saint-Michel-Archange\/100064564306693\/\" \/>\n<meta property=\"article:published_time\" content=\"2024-03-31T14:23:00+00:00\" \/>\n<meta property=\"article:modified_time\" content=\"2024-03-31T17:20:41+00:00\" \/>\n<meta property=\"og:image\" content=\"https:\/\/gallican-montbrison.fr\/wp\/wp-content\/uploads\/2024\/03\/Capture-decran-2024-03-31-a-18.28.56.jpg\" \/>\n<meta name=\"author\" content=\"Colette\" \/>\n<meta name=\"twitter:card\" content=\"summary_large_image\" \/>\n<meta name=\"twitter:label1\" content=\"\u00c9crit par\" \/>\n\t<meta name=\"twitter:data1\" content=\"Colette\" \/>\n\t<meta name=\"twitter:label2\" content=\"Dur\u00e9e de lecture estim\u00e9e\" \/>\n\t<meta name=\"twitter:data2\" content=\"1 minute\" \/>\n<script type=\"application\/ld+json\" class=\"yoast-schema-graph\">{\"@context\":\"https:\/\/schema.org\",\"@graph\":[{\"@type\":\"WebPage\",\"@id\":\"https:\/\/gallican-montbrison.fr\/wp\/?p=9003\",\"url\":\"https:\/\/gallican-montbrison.fr\/wp\/?p=9003\",\"name\":\"Jeudi Saint , C\u00e9l\u00e9bration de la premi\u00e8re eucharistie - Chapelle Saint Michel Archange Montbrison\",\"isPartOf\":{\"@id\":\"https:\/\/gallican-montbrison.fr\/wp\/#website\"},\"primaryImageOfPage\":{\"@id\":\"https:\/\/gallican-montbrison.fr\/wp\/?p=9003#primaryimage\"},\"image\":{\"@id\":\"https:\/\/gallican-montbrison.fr\/wp\/?p=9003#primaryimage\"},\"thumbnailUrl\":\"https:\/\/gallican-montbrison.fr\/wp\/wp-content\/uploads\/2024\/03\/Capture-decran-2024-03-31-a-18.28.56.jpg\",\"datePublished\":\"2024-03-31T14:23:00+00:00\",\"dateModified\":\"2024-03-31T17:20:41+00:00\",\"author\":{\"@id\":\"https:\/\/gallican-montbrison.fr\/wp\/#\/schema\/person\/fc5571a40f7c79de2fb1b0cf72c089a4\"},\"breadcrumb\":{\"@id\":\"https:\/\/gallican-montbrison.fr\/wp\/?p=9003#breadcrumb\"},\"inLanguage\":\"fr-FR\",\"potentialAction\":[{\"@type\":\"ReadAction\",\"target\":[\"https:\/\/gallican-montbrison.fr\/wp\/?p=9003\"]}]},{\"@type\":\"ImageObject\",\"inLanguage\":\"fr-FR\",\"@id\":\"https:\/\/gallican-montbrison.fr\/wp\/?p=9003#primaryimage\",\"url\":\"https:\/\/gallican-montbrison.fr\/wp\/wp-content\/uploads\/2024\/03\/Capture-decran-2024-03-31-a-18.28.56.jpg\",\"contentUrl\":\"https:\/\/gallican-montbrison.fr\/wp\/wp-content\/uploads\/2024\/03\/Capture-decran-2024-03-31-a-18.28.56.jpg\"},{\"@type\":\"BreadcrumbList\",\"@id\":\"https:\/\/gallican-montbrison.fr\/wp\/?p=9003#breadcrumb\",\"itemListElement\":[{\"@type\":\"ListItem\",\"position\":1,\"name\":\"Accueil\",\"item\":\"https:\/\/gallican-montbrison.fr\/wp\"},{\"@type\":\"ListItem\",\"position\":2,\"name\":\"Jeudi Saint , C\u00e9l\u00e9bration de la premi\u00e8re eucharistie\"}]},{\"@type\":\"WebSite\",\"@id\":\"https:\/\/gallican-montbrison.fr\/wp\/#website\",\"url\":\"https:\/\/gallican-montbrison.fr\/wp\/\",\"name\":\"Chapelle Saint Michel Archange Montbrison\",\"description\":\"Eglise Gallicane, Tradition Apostolique de Gazinet\",\"potentialAction\":[{\"@type\":\"SearchAction\",\"target\":{\"@type\":\"EntryPoint\",\"urlTemplate\":\"https:\/\/gallican-montbrison.fr\/wp\/?s={search_term_string}\"},\"query-input\":{\"@type\":\"PropertyValueSpecification\",\"valueRequired\":true,\"valueName\":\"search_term_string\"}}],\"inLanguage\":\"fr-FR\"},{\"@type\":\"Person\",\"@id\":\"https:\/\/gallican-montbrison.fr\/wp\/#\/schema\/person\/fc5571a40f7c79de2fb1b0cf72c089a4\",\"name\":\"Colette\",\"url\":\"https:\/\/gallican-montbrison.fr\/wp\/?author=3\"}]}<\/script>\n<!-- \/ Yoast SEO plugin. -->","yoast_head_json":{"title":"Jeudi Saint , C\u00e9l\u00e9bration de la premi\u00e8re eucharistie - Chapelle Saint Michel Archange Montbrison","robots":{"index":"index","follow":"follow","max-snippet":"max-snippet:-1","max-image-preview":"max-image-preview:large","max-video-preview":"max-video-preview:-1"},"canonical":"https:\/\/gallican-montbrison.fr\/wp\/?p=9003","og_locale":"fr_FR","og_type":"article","og_title":"Jeudi Saint , C\u00e9l\u00e9bration de la premi\u00e8re eucharistie - Chapelle Saint Michel Archange Montbrison","og_description":"Avant de retourner vers son P\u00e8re. J\u00e9sus-Christ instaure le moyen de rester \u00e9ternellement avec nous par sa pr\u00e9sence au coeur de l\u2019Eucharistie.","og_url":"https:\/\/gallican-montbrison.fr\/wp\/?p=9003","og_site_name":"Chapelle Saint Michel Archange Montbrison","article_publisher":"https:\/\/www.facebook.com\/people\/Eglise-Gallicane-Chapelle-Saint-Michel-Archange\/100064564306693\/","article_published_time":"2024-03-31T14:23:00+00:00","article_modified_time":"2024-03-31T17:20:41+00:00","og_image":[{"url":"https:\/\/gallican-montbrison.fr\/wp\/wp-content\/uploads\/2024\/03\/Capture-decran-2024-03-31-a-18.28.56.jpg","type":"","width":"","height":""}],"author":"Colette","twitter_card":"summary_large_image","twitter_misc":{"\u00c9crit par":"Colette","Dur\u00e9e de lecture estim\u00e9e":"1 minute"},"schema":{"@context":"https:\/\/schema.org","@graph":[{"@type":"WebPage","@id":"https:\/\/gallican-montbrison.fr\/wp\/?p=9003","url":"https:\/\/gallican-montbrison.fr\/wp\/?p=9003","name":"Jeudi Saint , C\u00e9l\u00e9bration de la premi\u00e8re eucharistie - Chapelle Saint Michel Archange Montbrison","isPartOf":{"@id":"https:\/\/gallican-montbrison.fr\/wp\/#website"},"primaryImageOfPage":{"@id":"https:\/\/gallican-montbrison.fr\/wp\/?p=9003#primaryimage"},"image":{"@id":"https:\/\/gallican-montbrison.fr\/wp\/?p=9003#primaryimage"},"thumbnailUrl":"https:\/\/gallican-montbrison.fr\/wp\/wp-content\/uploads\/2024\/03\/Capture-decran-2024-03-31-a-18.28.56.jpg","datePublished":"2024-03-31T14:23:00+00:00","dateModified":"2024-03-31T17:20:41+00:00","author":{"@id":"https:\/\/gallican-montbrison.fr\/wp\/#\/schema\/person\/fc5571a40f7c79de2fb1b0cf72c089a4"},"breadcrumb":{"@id":"https:\/\/gallican-montbrison.fr\/wp\/?p=9003#breadcrumb"},"inLanguage":"fr-FR","potentialAction":[{"@type":"ReadAction","target":["https:\/\/gallican-montbrison.fr\/wp\/?p=9003"]}]},{"@type":"ImageObject","inLanguage":"fr-FR","@id":"https:\/\/gallican-montbrison.fr\/wp\/?p=9003#primaryimage","url":"https:\/\/gallican-montbrison.fr\/wp\/wp-content\/uploads\/2024\/03\/Capture-decran-2024-03-31-a-18.28.56.jpg","contentUrl":"https:\/\/gallican-montbrison.fr\/wp\/wp-content\/uploads\/2024\/03\/Capture-decran-2024-03-31-a-18.28.56.jpg"},{"@type":"BreadcrumbList","@id":"https:\/\/gallican-montbrison.fr\/wp\/?p=9003#breadcrumb","itemListElement":[{"@type":"ListItem","position":1,"name":"Accueil","item":"https:\/\/gallican-montbrison.fr\/wp"},{"@type":"ListItem","position":2,"name":"Jeudi Saint , C\u00e9l\u00e9bration de la premi\u00e8re eucharistie"}]},{"@type":"WebSite","@id":"https:\/\/gallican-montbrison.fr\/wp\/#website","url":"https:\/\/gallican-montbrison.fr\/wp\/","name":"Chapelle Saint Michel Archange Montbrison","description":"Eglise Gallicane, Tradition Apostolique de Gazinet","potentialAction":[{"@type":"SearchAction","target":{"@type":"EntryPoint","urlTemplate":"https:\/\/gallican-montbrison.fr\/wp\/?s={search_term_string}"},"query-input":{"@type":"PropertyValueSpecification","valueRequired":true,"valueName":"search_term_string"}}],"inLanguage":"fr-FR"},{"@type":"Person","@id":"https:\/\/gallican-montbrison.fr\/wp\/#\/schema\/person\/fc5571a40f7c79de2fb1b0cf72c089a4","name":"Colette","url":"https:\/\/gallican-montbrison.fr\/wp\/?author=3"}]}},"_links":{"self":[{"href":"https:\/\/gallican-montbrison.fr\/wp\/index.php?rest_route=\/wp\/v2\/posts\/9003"}],"collection":[{"href":"https:\/\/gallican-montbrison.fr\/wp\/index.php?rest_route=\/wp\/v2\/posts"}],"about":[{"href":"https:\/\/gallican-montbrison.fr\/wp\/index.php?rest_route=\/wp\/v2\/types\/post"}],"author":[{"embeddable":true,"href":"https:\/\/gallican-montbrison.fr\/wp\/index.php?rest_route=\/wp\/v2\/users\/3"}],"replies":[{"embeddable":true,"href":"https:\/\/gallican-montbrison.fr\/wp\/index.php?rest_route=%2Fwp%2Fv2%2Fcomments&post=9003"}],"version-history":[{"count":3,"href":"https:\/\/gallican-montbrison.fr\/wp\/index.php?rest_route=\/wp\/v2\/posts\/9003\/revisions"}],"predecessor-version":[{"id":9047,"href":"https:\/\/gallican-montbrison.fr\/wp\/index.php?rest_route=\/wp\/v2\/posts\/9003\/revisions\/9047"}],"wp:attachment":[{"href":"https:\/\/gallican-montbrison.fr\/wp\/index.php?rest_route=%2Fwp%2Fv2%2Fmedia&parent=9003"}],"wp:term":[{"taxonomy":"category","embeddable":true,"href":"https:\/\/gallican-montbrison.fr\/wp\/index.php?rest_route=%2Fwp%2Fv2%2Fcategories&post=9003"},{"taxonomy":"post_tag","embeddable":true,"href":"https:\/\/gallican-montbrison.fr\/wp\/index.php?rest_route=%2Fwp%2Fv2%2Ftags&post=9003"}],"curies":[{"name":"wp","href":"https:\/\/api.w.org\/{rel}","templated":true}]}}