{"id":9191,"date":"2024-07-01T11:33:16","date_gmt":"2024-07-01T09:33:16","guid":{"rendered":"https:\/\/gallican-montbrison.fr\/wp\/?p=9191"},"modified":"2024-07-01T11:46:44","modified_gmt":"2024-07-01T09:46:44","slug":"baptemes-lysandre-lola-06-2024","status":"publish","type":"post","link":"https:\/\/gallican-montbrison.fr\/wp\/?p=9191","title":{"rendered":"Bapt\u00eames Lysandre &#038; Lola (06.2024)"},"content":{"rendered":"<div class=\"wp-block-image\">\n<figure class=\"aligncenter size-large is-resized\"><a href=\"https:\/\/gallican-montbrison.fr\/wp\/wp-content\/uploads\/2024\/07\/20240629_114252-scaled.jpg\"><img loading=\"lazy\" decoding=\"async\" width=\"1024\" height=\"768\" src=\"https:\/\/gallican-montbrison.fr\/wp\/wp-content\/uploads\/2024\/07\/20240629_114252-1024x768.jpg\" alt=\"\" class=\"wp-image-9195\" style=\"aspect-ratio:1.3333333333333333;width:607px;height:auto\" srcset=\"https:\/\/gallican-montbrison.fr\/wp\/wp-content\/uploads\/2024\/07\/20240629_114252-1024x768.jpg 1024w, https:\/\/gallican-montbrison.fr\/wp\/wp-content\/uploads\/2024\/07\/20240629_114252-300x225.jpg 300w, https:\/\/gallican-montbrison.fr\/wp\/wp-content\/uploads\/2024\/07\/20240629_114252-768x576.jpg 768w, https:\/\/gallican-montbrison.fr\/wp\/wp-content\/uploads\/2024\/07\/20240629_114252-1536x1152.jpg 1536w, https:\/\/gallican-montbrison.fr\/wp\/wp-content\/uploads\/2024\/07\/20240629_114252-2048x1536.jpg 2048w\" sizes=\"(max-width: 1024px) 100vw, 1024px\" \/><\/a><\/figure><\/div>\n\n\n<p>Et voil\u00e0 un grand fr\u00e8re et une petite soeur baptis\u00e9s, Lysandre et Lola, ce 29 Juin, chez eux, entour\u00e9s de leurs parents et famille.  Quatres g\u00e9n\u00e9rations r\u00e9unies autour de ces deux petits, c&rsquo;est aussi \u00e7a la r\u00e9alit\u00e9 du bapt\u00eame, r\u00e9unir famille et amis autour d&rsquo;une entr\u00e9e dans la vie chr\u00e9tienne et dans l&rsquo;Eglise. Ce fut un beau moment. <\/p>\n\n\n\n<p>Le soleil \u00e9tait l\u00e0 \u00e9galement pour magnifier ce bel endroit pr\u00e9vu pour installer l&rsquo;autel et pr\u00e9voir la c\u00e9l\u00e9bration. Lysandre un peu dissip\u00e9, Lola tr\u00e8s sage .. mais tous deux \u00e0 l&rsquo;\u00e9coute des paroles et gestes pos\u00e9s sur eux. <\/p>\n\n\n\n<figure class=\"wp-block-gallery has-nested-images columns-default is-cropped wp-block-gallery-1 is-layout-flex wp-block-gallery-is-layout-flex\">\n<figure class=\"wp-block-image size-large\"><a href=\"https:\/\/gallican-montbrison.fr\/wp\/wp-content\/uploads\/2024\/07\/20240629_115347-scaled-e1719826583925.jpg\"><img loading=\"lazy\" decoding=\"async\" width=\"1024\" height=\"668\" data-id=\"9196\" src=\"https:\/\/gallican-montbrison.fr\/wp\/wp-content\/uploads\/2024\/07\/20240629_115347-scaled-e1719826583925-1024x668.jpg\" alt=\"\" class=\"wp-image-9196\" srcset=\"https:\/\/gallican-montbrison.fr\/wp\/wp-content\/uploads\/2024\/07\/20240629_115347-scaled-e1719826583925-1024x668.jpg 1024w, https:\/\/gallican-montbrison.fr\/wp\/wp-content\/uploads\/2024\/07\/20240629_115347-scaled-e1719826583925-300x196.jpg 300w, https:\/\/gallican-montbrison.fr\/wp\/wp-content\/uploads\/2024\/07\/20240629_115347-scaled-e1719826583925-768x501.jpg 768w, https:\/\/gallican-montbrison.fr\/wp\/wp-content\/uploads\/2024\/07\/20240629_115347-scaled-e1719826583925-1536x1002.jpg 1536w, https:\/\/gallican-montbrison.fr\/wp\/wp-content\/uploads\/2024\/07\/20240629_115347-scaled-e1719826583925.jpg 1851w\" sizes=\"(max-width: 1024px) 100vw, 1024px\" \/><\/a><\/figure>\n<\/figure>\n\n\n\n<figure class=\"wp-block-gallery has-nested-images columns-default is-cropped wp-block-gallery-2 is-layout-flex wp-block-gallery-is-layout-flex\">\n<figure class=\"wp-block-image size-large\"><a href=\"https:\/\/gallican-montbrison.fr\/wp\/wp-content\/uploads\/2024\/07\/20240629_110646-scaled-e1719826663500.jpg\"><img loading=\"lazy\" decoding=\"async\" width=\"548\" height=\"1024\" data-id=\"9193\" src=\"https:\/\/gallican-montbrison.fr\/wp\/wp-content\/uploads\/2024\/07\/20240629_110646-scaled-e1719826663500-548x1024.jpg\" alt=\"\" class=\"wp-image-9193\" srcset=\"https:\/\/gallican-montbrison.fr\/wp\/wp-content\/uploads\/2024\/07\/20240629_110646-scaled-e1719826663500-548x1024.jpg 548w, https:\/\/gallican-montbrison.fr\/wp\/wp-content\/uploads\/2024\/07\/20240629_110646-scaled-e1719826663500-161x300.jpg 161w, https:\/\/gallican-montbrison.fr\/wp\/wp-content\/uploads\/2024\/07\/20240629_110646-scaled-e1719826663500-768x1435.jpg 768w, https:\/\/gallican-montbrison.fr\/wp\/wp-content\/uploads\/2024\/07\/20240629_110646-scaled-e1719826663500-822x1536.jpg 822w, https:\/\/gallican-montbrison.fr\/wp\/wp-content\/uploads\/2024\/07\/20240629_110646-scaled-e1719826663500-1096x2048.jpg 1096w, https:\/\/gallican-montbrison.fr\/wp\/wp-content\/uploads\/2024\/07\/20240629_110646-scaled-e1719826663500.jpg 1292w\" sizes=\"(max-width: 548px) 100vw, 548px\" \/><\/a><\/figure>\n\n\n\n<figure class=\"wp-block-image size-large\"><a href=\"https:\/\/gallican-montbrison.fr\/wp\/wp-content\/uploads\/2024\/07\/20240629_104557-scaled.jpg\"><img loading=\"lazy\" decoding=\"async\" width=\"1024\" height=\"768\" data-id=\"9192\" src=\"https:\/\/gallican-montbrison.fr\/wp\/wp-content\/uploads\/2024\/07\/20240629_104557-1024x768.jpg\" alt=\"\" class=\"wp-image-9192\" srcset=\"https:\/\/gallican-montbrison.fr\/wp\/wp-content\/uploads\/2024\/07\/20240629_104557-1024x768.jpg 1024w, https:\/\/gallican-montbrison.fr\/wp\/wp-content\/uploads\/2024\/07\/20240629_104557-300x225.jpg 300w, https:\/\/gallican-montbrison.fr\/wp\/wp-content\/uploads\/2024\/07\/20240629_104557-768x576.jpg 768w, https:\/\/gallican-montbrison.fr\/wp\/wp-content\/uploads\/2024\/07\/20240629_104557-1536x1152.jpg 1536w, https:\/\/gallican-montbrison.fr\/wp\/wp-content\/uploads\/2024\/07\/20240629_104557-2048x1536.jpg 2048w\" sizes=\"(max-width: 1024px) 100vw, 1024px\" \/><\/a><\/figure>\n<\/figure>\n","protected":false},"excerpt":{"rendered":"<p>Et voil\u00e0 un grand fr\u00e8re et une petite soeur baptis\u00e9s, Lysandre et Lola, ce 29 Juin, chez eux, entour\u00e9s de leurs parents et famille. Quatres g\u00e9n\u00e9rations r\u00e9unies autour de ces deux petits, c&rsquo;est aussi \u00e7a la r\u00e9alit\u00e9 du bapt\u00eame, r\u00e9unir &hellip; <a href=\"https:\/\/gallican-montbrison.fr\/wp\/?p=9191\">Continuer la lecture <span class=\"meta-nav\">&rarr;<\/span><\/a><\/p>\n","protected":false},"author":3,"featured_media":0,"comment_status":"closed","ping_status":"open","sticky":false,"template":"","format":"standard","meta":{"footnotes":""},"categories":[249,5],"tags":[],"class_list":["post-9191","post","type-post","status-publish","format-standard","hentry","category-sacrements","category-vie-de-la-chapelle"],"yoast_head":"<!-- This site is optimized with the Yoast SEO plugin v25.6 - https:\/\/yoast.com\/wordpress\/plugins\/seo\/ -->\n<title>Bapt\u00eames Lysandre &amp; Lola (06.2024) - Chapelle Saint Michel Archange Montbrison<\/title>\n<meta name=\"robots\" content=\"index, follow, max-snippet:-1, max-image-preview:large, max-video-preview:-1\" \/>\n<link rel=\"canonical\" href=\"https:\/\/gallican-montbrison.fr\/wp\/?p=9191\" \/>\n<meta property=\"og:locale\" content=\"fr_FR\" \/>\n<meta property=\"og:type\" content=\"article\" \/>\n<meta property=\"og:title\" content=\"Bapt\u00eames Lysandre &amp; Lola (06.2024) - Chapelle Saint Michel Archange Montbrison\" \/>\n<meta property=\"og:description\" content=\"Et voil\u00e0 un grand fr\u00e8re et une petite soeur baptis\u00e9s, Lysandre et Lola, ce 29 Juin, chez eux, entour\u00e9s de leurs parents et famille. Quatres g\u00e9n\u00e9rations r\u00e9unies autour de ces deux petits, c&rsquo;est aussi \u00e7a la r\u00e9alit\u00e9 du bapt\u00eame, r\u00e9unir &hellip; Continuer la lecture &rarr;\" \/>\n<meta property=\"og:url\" content=\"https:\/\/gallican-montbrison.fr\/wp\/?p=9191\" \/>\n<meta property=\"og:site_name\" content=\"Chapelle Saint Michel Archange Montbrison\" \/>\n<meta property=\"article:publisher\" content=\"https:\/\/www.facebook.com\/people\/Eglise-Gallicane-Chapelle-Saint-Michel-Archange\/100064564306693\/\" \/>\n<meta property=\"article:published_time\" content=\"2024-07-01T09:33:16+00:00\" \/>\n<meta property=\"article:modified_time\" content=\"2024-07-01T09:46:44+00:00\" \/>\n<meta property=\"og:image\" content=\"https:\/\/gallican-montbrison.fr\/wp\/wp-content\/uploads\/2024\/07\/20240629_114252-1024x768.jpg\" \/>\n<meta name=\"author\" content=\"Colette\" \/>\n<meta name=\"twitter:card\" content=\"summary_large_image\" \/>\n<meta name=\"twitter:label1\" content=\"\u00c9crit par\" \/>\n\t<meta name=\"twitter:data1\" content=\"Colette\" \/>\n\t<meta name=\"twitter:label2\" content=\"Dur\u00e9e de lecture estim\u00e9e\" \/>\n\t<meta name=\"twitter:data2\" content=\"2 minutes\" \/>\n<script type=\"application\/ld+json\" class=\"yoast-schema-graph\">{\"@context\":\"https:\/\/schema.org\",\"@graph\":[{\"@type\":\"WebPage\",\"@id\":\"https:\/\/gallican-montbrison.fr\/wp\/?p=9191\",\"url\":\"https:\/\/gallican-montbrison.fr\/wp\/?p=9191\",\"name\":\"Bapt\u00eames Lysandre & Lola (06.2024) - Chapelle Saint Michel Archange Montbrison\",\"isPartOf\":{\"@id\":\"https:\/\/gallican-montbrison.fr\/wp\/#website\"},\"primaryImageOfPage\":{\"@id\":\"https:\/\/gallican-montbrison.fr\/wp\/?p=9191#primaryimage\"},\"image\":{\"@id\":\"https:\/\/gallican-montbrison.fr\/wp\/?p=9191#primaryimage\"},\"thumbnailUrl\":\"https:\/\/gallican-montbrison.fr\/wp\/wp-content\/uploads\/2024\/07\/20240629_114252-1024x768.jpg\",\"datePublished\":\"2024-07-01T09:33:16+00:00\",\"dateModified\":\"2024-07-01T09:46:44+00:00\",\"author\":{\"@id\":\"https:\/\/gallican-montbrison.fr\/wp\/#\/schema\/person\/fc5571a40f7c79de2fb1b0cf72c089a4\"},\"breadcrumb\":{\"@id\":\"https:\/\/gallican-montbrison.fr\/wp\/?p=9191#breadcrumb\"},\"inLanguage\":\"fr-FR\",\"potentialAction\":[{\"@type\":\"ReadAction\",\"target\":[\"https:\/\/gallican-montbrison.fr\/wp\/?p=9191\"]}]},{\"@type\":\"ImageObject\",\"inLanguage\":\"fr-FR\",\"@id\":\"https:\/\/gallican-montbrison.fr\/wp\/?p=9191#primaryimage\",\"url\":\"https:\/\/gallican-montbrison.fr\/wp\/wp-content\/uploads\/2024\/07\/20240629_114252-scaled.jpg\",\"contentUrl\":\"https:\/\/gallican-montbrison.fr\/wp\/wp-content\/uploads\/2024\/07\/20240629_114252-scaled.jpg\",\"width\":2560,\"height\":1920},{\"@type\":\"BreadcrumbList\",\"@id\":\"https:\/\/gallican-montbrison.fr\/wp\/?p=9191#breadcrumb\",\"itemListElement\":[{\"@type\":\"ListItem\",\"position\":1,\"name\":\"Accueil\",\"item\":\"https:\/\/gallican-montbrison.fr\/wp\"},{\"@type\":\"ListItem\",\"position\":2,\"name\":\"Bapt\u00eames Lysandre &#038; Lola (06.2024)\"}]},{\"@type\":\"WebSite\",\"@id\":\"https:\/\/gallican-montbrison.fr\/wp\/#website\",\"url\":\"https:\/\/gallican-montbrison.fr\/wp\/\",\"name\":\"Chapelle Saint Michel Archange Montbrison\",\"description\":\"Eglise Gallicane, Tradition Apostolique de Gazinet\",\"potentialAction\":[{\"@type\":\"SearchAction\",\"target\":{\"@type\":\"EntryPoint\",\"urlTemplate\":\"https:\/\/gallican-montbrison.fr\/wp\/?s={search_term_string}\"},\"query-input\":{\"@type\":\"PropertyValueSpecification\",\"valueRequired\":true,\"valueName\":\"search_term_string\"}}],\"inLanguage\":\"fr-FR\"},{\"@type\":\"Person\",\"@id\":\"https:\/\/gallican-montbrison.fr\/wp\/#\/schema\/person\/fc5571a40f7c79de2fb1b0cf72c089a4\",\"name\":\"Colette\",\"url\":\"https:\/\/gallican-montbrison.fr\/wp\/?author=3\"}]}<\/script>\n<!-- \/ Yoast SEO plugin. -->","yoast_head_json":{"title":"Bapt\u00eames Lysandre & Lola (06.2024) - Chapelle Saint Michel Archange Montbrison","robots":{"index":"index","follow":"follow","max-snippet":"max-snippet:-1","max-image-preview":"max-image-preview:large","max-video-preview":"max-video-preview:-1"},"canonical":"https:\/\/gallican-montbrison.fr\/wp\/?p=9191","og_locale":"fr_FR","og_type":"article","og_title":"Bapt\u00eames Lysandre & Lola (06.2024) - Chapelle Saint Michel Archange Montbrison","og_description":"Et voil\u00e0 un grand fr\u00e8re et une petite soeur baptis\u00e9s, Lysandre et Lola, ce 29 Juin, chez eux, entour\u00e9s de leurs parents et famille. Quatres g\u00e9n\u00e9rations r\u00e9unies autour de ces deux petits, c&rsquo;est aussi \u00e7a la r\u00e9alit\u00e9 du bapt\u00eame, r\u00e9unir &hellip; Continuer la lecture &rarr;","og_url":"https:\/\/gallican-montbrison.fr\/wp\/?p=9191","og_site_name":"Chapelle Saint Michel Archange Montbrison","article_publisher":"https:\/\/www.facebook.com\/people\/Eglise-Gallicane-Chapelle-Saint-Michel-Archange\/100064564306693\/","article_published_time":"2024-07-01T09:33:16+00:00","article_modified_time":"2024-07-01T09:46:44+00:00","og_image":[{"url":"https:\/\/gallican-montbrison.fr\/wp\/wp-content\/uploads\/2024\/07\/20240629_114252-1024x768.jpg","type":"","width":"","height":""}],"author":"Colette","twitter_card":"summary_large_image","twitter_misc":{"\u00c9crit par":"Colette","Dur\u00e9e de lecture estim\u00e9e":"2 minutes"},"schema":{"@context":"https:\/\/schema.org","@graph":[{"@type":"WebPage","@id":"https:\/\/gallican-montbrison.fr\/wp\/?p=9191","url":"https:\/\/gallican-montbrison.fr\/wp\/?p=9191","name":"Bapt\u00eames Lysandre & Lola (06.2024) - Chapelle Saint Michel Archange Montbrison","isPartOf":{"@id":"https:\/\/gallican-montbrison.fr\/wp\/#website"},"primaryImageOfPage":{"@id":"https:\/\/gallican-montbrison.fr\/wp\/?p=9191#primaryimage"},"image":{"@id":"https:\/\/gallican-montbrison.fr\/wp\/?p=9191#primaryimage"},"thumbnailUrl":"https:\/\/gallican-montbrison.fr\/wp\/wp-content\/uploads\/2024\/07\/20240629_114252-1024x768.jpg","datePublished":"2024-07-01T09:33:16+00:00","dateModified":"2024-07-01T09:46:44+00:00","author":{"@id":"https:\/\/gallican-montbrison.fr\/wp\/#\/schema\/person\/fc5571a40f7c79de2fb1b0cf72c089a4"},"breadcrumb":{"@id":"https:\/\/gallican-montbrison.fr\/wp\/?p=9191#breadcrumb"},"inLanguage":"fr-FR","potentialAction":[{"@type":"ReadAction","target":["https:\/\/gallican-montbrison.fr\/wp\/?p=9191"]}]},{"@type":"ImageObject","inLanguage":"fr-FR","@id":"https:\/\/gallican-montbrison.fr\/wp\/?p=9191#primaryimage","url":"https:\/\/gallican-montbrison.fr\/wp\/wp-content\/uploads\/2024\/07\/20240629_114252-scaled.jpg","contentUrl":"https:\/\/gallican-montbrison.fr\/wp\/wp-content\/uploads\/2024\/07\/20240629_114252-scaled.jpg","width":2560,"height":1920},{"@type":"BreadcrumbList","@id":"https:\/\/gallican-montbrison.fr\/wp\/?p=9191#breadcrumb","itemListElement":[{"@type":"ListItem","position":1,"name":"Accueil","item":"https:\/\/gallican-montbrison.fr\/wp"},{"@type":"ListItem","position":2,"name":"Bapt\u00eames Lysandre &#038; Lola (06.2024)"}]},{"@type":"WebSite","@id":"https:\/\/gallican-montbrison.fr\/wp\/#website","url":"https:\/\/gallican-montbrison.fr\/wp\/","name":"Chapelle Saint Michel Archange Montbrison","description":"Eglise Gallicane, Tradition Apostolique de Gazinet","potentialAction":[{"@type":"SearchAction","target":{"@type":"EntryPoint","urlTemplate":"https:\/\/gallican-montbrison.fr\/wp\/?s={search_term_string}"},"query-input":{"@type":"PropertyValueSpecification","valueRequired":true,"valueName":"search_term_string"}}],"inLanguage":"fr-FR"},{"@type":"Person","@id":"https:\/\/gallican-montbrison.fr\/wp\/#\/schema\/person\/fc5571a40f7c79de2fb1b0cf72c089a4","name":"Colette","url":"https:\/\/gallican-montbrison.fr\/wp\/?author=3"}]}},"_links":{"self":[{"href":"https:\/\/gallican-montbrison.fr\/wp\/index.php?rest_route=\/wp\/v2\/posts\/9191"}],"collection":[{"href":"https:\/\/gallican-montbrison.fr\/wp\/index.php?rest_route=\/wp\/v2\/posts"}],"about":[{"href":"https:\/\/gallican-montbrison.fr\/wp\/index.php?rest_route=\/wp\/v2\/types\/post"}],"author":[{"embeddable":true,"href":"https:\/\/gallican-montbrison.fr\/wp\/index.php?rest_route=\/wp\/v2\/users\/3"}],"replies":[{"embeddable":true,"href":"https:\/\/gallican-montbrison.fr\/wp\/index.php?rest_route=%2Fwp%2Fv2%2Fcomments&post=9191"}],"version-history":[{"count":3,"href":"https:\/\/gallican-montbrison.fr\/wp\/index.php?rest_route=\/wp\/v2\/posts\/9191\/revisions"}],"predecessor-version":[{"id":9200,"href":"https:\/\/gallican-montbrison.fr\/wp\/index.php?rest_route=\/wp\/v2\/posts\/9191\/revisions\/9200"}],"wp:attachment":[{"href":"https:\/\/gallican-montbrison.fr\/wp\/index.php?rest_route=%2Fwp%2Fv2%2Fmedia&parent=9191"}],"wp:term":[{"taxonomy":"category","embeddable":true,"href":"https:\/\/gallican-montbrison.fr\/wp\/index.php?rest_route=%2Fwp%2Fv2%2Fcategories&post=9191"},{"taxonomy":"post_tag","embeddable":true,"href":"https:\/\/gallican-montbrison.fr\/wp\/index.php?rest_route=%2Fwp%2Fv2%2Ftags&post=9191"}],"curies":[{"name":"wp","href":"https:\/\/api.w.org\/{rel}","templated":true}]}}