{"id":9356,"date":"2024-08-01T18:40:00","date_gmt":"2024-08-01T16:40:00","guid":{"rendered":"https:\/\/gallican-montbrison.fr\/wp\/?p=9356"},"modified":"2024-10-01T18:59:58","modified_gmt":"2024-10-01T16:59:58","slug":"presence-a-dieu-2","status":"publish","type":"post","link":"https:\/\/gallican-montbrison.fr\/wp\/?p=9356","title":{"rendered":"Pr\u00e9sent \u00e0 Dieu"},"content":{"rendered":"\n<p>Pr\u00e9sence \u00e0 Dieu<\/p>\n\n\n\n<pre class=\"wp-block-code\"><code>\"Plus que sur toute chose, veille sur ton c\u0153ur. \nC'est de lui que jaillit la Vie.\"  \n                                      livre des Proverbes (Pr 4.23)<\/code><\/pre>\n\n\n\n<p>C\u2019est en notre c\u0153ur que Dieu habite C\u2019est l\u00e0 que nous devons le chercher.<\/p>\n\n\n\n<pre class=\"wp-block-code\"><code>La pr\u00e9sence \u00e0 Dieu d\u00e9coule d'une volont\u00e9 \u00e0 tourner notre c\u0153ur vers Celui que nous savons \u00eatre notre Cr\u00e9ateur, notre P\u00e8re.<\/code><\/pre>\n\n\n\n<pre class=\"wp-block-code\"><code>et \u00eatre pr\u00e9sent \u00e0 notre c\u0153ur, c'est peu \u00e0 peu permettre \u00e0 notre \u00e2me de vivre son visage d\u2019\u00e9ternit\u00e9. \n\n    Faire \"le choix d'\u00eatre pr\u00e9sent \u00e0 notre c\u0153ur\" c'est essayer de transformer toutes nos petites \"mis\u00e8res\" en possibilit\u00e9 d'ouverture, en \u00e9coutes attentionn\u00e9es, en conseils avis\u00e9s, en occasion d'aimer... et demander \u00e0 Dieu l'aide n\u00e9cessaire pour y parvenir. \n    Faire \"le choix du c\u0153ur\" c'est profiter de chaque moment de joie, de confiance, d'unit\u00e9, de communion ... savoir les reconna\u00eetre comme des moments uniques de bonheur o\u00f9 Dieu est pr\u00e9sent.\n\n    La pri\u00e8re, l'oraison silencieuse, l'attention port\u00e9e \u00e0 la Parole sont autant de sources pour nous aider sur ce chemin. Chemin difficile car c'est un choix \u00e0 renouveler quotidiennement, un engagement volontaire de notre libert\u00e9 \u00e0 suivre cette voie.  \n    L'\u00eatre humain est g\u00e9n\u00e9ralement plus enclin \u00e0 juger ou \u00e0 ignorer qu'\u00e0 essayer de comprendre ou \u00e0 pardonner. C'est cela que nous devons redresser, ce \"pli\" que l'\u00eatre humain doit s'employer \u00e0  aplanir... comme celui sur le v\u00eatement encore et encore repass\u00e9 jusqu'\u00e0 n'\u00eatre plus qu'une trace \u00e0 peine visible.                        A l'obstination de ce travail sur soi, la pr\u00e9sence de Dieu \u00e0 nos c\u00f4t\u00e9s devient alors une r\u00e9alit\u00e9 concr\u00e8te et palpable, une relation, un \u00e9change de c\u0153ur \u00e0 c\u0153ur qui nous grandit.<\/code><\/pre>\n\n\n\n<p>\u00ab\u00a0l&rsquo;Eternel dit: Je marcherai avec toi et je te donnerai du repos\u00a0\u00bb         Exode 33,14<\/p>\n\n\n\n<p>Dame Colette +<\/p>\n\n\n\n<p><\/p>\n","protected":false},"excerpt":{"rendered":"<p>Pr\u00e9sence \u00e0 Dieu C\u2019est en notre c\u0153ur que Dieu habite C\u2019est l\u00e0 que nous devons le chercher. \u00ab\u00a0l&rsquo;Eternel dit: Je marcherai avec toi et je te donnerai du repos\u00a0\u00bb Exode 33,14 Dame Colette +<\/p>\n","protected":false},"author":3,"featured_media":0,"comment_status":"closed","ping_status":"open","sticky":false,"template":"","format":"standard","meta":{"footnotes":""},"categories":[11,5],"tags":[100,88,27,89,26,70,138,52,87,17,180,261],"class_list":["post-9356","post","type-post","status-publish","format-standard","hentry","category-articles-et-conferences","category-vie-de-la-chapelle","tag-bapteme","tag-benediction","tag-celebration","tag-ceremonie","tag-chapelle","tag-eglise","tag-eglise-gallicane","tag-evangile","tag-mariage","tag-oecumenisme-2","tag-remariage","tag-union"],"yoast_head":"<!-- This site is optimized with the Yoast SEO plugin v25.6 - https:\/\/yoast.com\/wordpress\/plugins\/seo\/ -->\n<title>Pr\u00e9sent \u00e0 Dieu - Chapelle Saint Michel Archange Montbrison<\/title>\n<meta name=\"robots\" content=\"index, follow, max-snippet:-1, max-image-preview:large, max-video-preview:-1\" \/>\n<link rel=\"canonical\" href=\"https:\/\/gallican-montbrison.fr\/wp\/?p=9356\" \/>\n<meta property=\"og:locale\" content=\"fr_FR\" \/>\n<meta property=\"og:type\" content=\"article\" \/>\n<meta property=\"og:title\" content=\"Pr\u00e9sent \u00e0 Dieu - Chapelle Saint Michel Archange Montbrison\" \/>\n<meta property=\"og:description\" content=\"Pr\u00e9sence \u00e0 Dieu C\u2019est en notre c\u0153ur que Dieu habite C\u2019est l\u00e0 que nous devons le chercher. \u00ab\u00a0l&rsquo;Eternel dit: Je marcherai avec toi et je te donnerai du repos\u00a0\u00bb Exode 33,14 Dame Colette +\" \/>\n<meta property=\"og:url\" content=\"https:\/\/gallican-montbrison.fr\/wp\/?p=9356\" \/>\n<meta property=\"og:site_name\" content=\"Chapelle Saint Michel Archange Montbrison\" \/>\n<meta property=\"article:publisher\" content=\"https:\/\/www.facebook.com\/people\/Eglise-Gallicane-Chapelle-Saint-Michel-Archange\/100064564306693\/\" \/>\n<meta property=\"article:published_time\" content=\"2024-08-01T16:40:00+00:00\" \/>\n<meta property=\"article:modified_time\" content=\"2024-10-01T16:59:58+00:00\" \/>\n<meta name=\"author\" content=\"Colette\" \/>\n<meta name=\"twitter:card\" content=\"summary_large_image\" \/>\n<meta name=\"twitter:label1\" content=\"\u00c9crit par\" \/>\n\t<meta name=\"twitter:data1\" content=\"Colette\" \/>\n\t<meta name=\"twitter:label2\" content=\"Dur\u00e9e de lecture estim\u00e9e\" \/>\n\t<meta name=\"twitter:data2\" content=\"1 minute\" \/>\n<script type=\"application\/ld+json\" class=\"yoast-schema-graph\">{\"@context\":\"https:\/\/schema.org\",\"@graph\":[{\"@type\":\"WebPage\",\"@id\":\"https:\/\/gallican-montbrison.fr\/wp\/?p=9356\",\"url\":\"https:\/\/gallican-montbrison.fr\/wp\/?p=9356\",\"name\":\"Pr\u00e9sent \u00e0 Dieu - Chapelle Saint Michel Archange Montbrison\",\"isPartOf\":{\"@id\":\"https:\/\/gallican-montbrison.fr\/wp\/#website\"},\"datePublished\":\"2024-08-01T16:40:00+00:00\",\"dateModified\":\"2024-10-01T16:59:58+00:00\",\"author\":{\"@id\":\"https:\/\/gallican-montbrison.fr\/wp\/#\/schema\/person\/fc5571a40f7c79de2fb1b0cf72c089a4\"},\"breadcrumb\":{\"@id\":\"https:\/\/gallican-montbrison.fr\/wp\/?p=9356#breadcrumb\"},\"inLanguage\":\"fr-FR\",\"potentialAction\":[{\"@type\":\"ReadAction\",\"target\":[\"https:\/\/gallican-montbrison.fr\/wp\/?p=9356\"]}]},{\"@type\":\"BreadcrumbList\",\"@id\":\"https:\/\/gallican-montbrison.fr\/wp\/?p=9356#breadcrumb\",\"itemListElement\":[{\"@type\":\"ListItem\",\"position\":1,\"name\":\"Accueil\",\"item\":\"https:\/\/gallican-montbrison.fr\/wp\"},{\"@type\":\"ListItem\",\"position\":2,\"name\":\"Pr\u00e9sent \u00e0 Dieu\"}]},{\"@type\":\"WebSite\",\"@id\":\"https:\/\/gallican-montbrison.fr\/wp\/#website\",\"url\":\"https:\/\/gallican-montbrison.fr\/wp\/\",\"name\":\"Chapelle Saint Michel Archange Montbrison\",\"description\":\"Eglise Gallicane, Tradition Apostolique de Gazinet\",\"potentialAction\":[{\"@type\":\"SearchAction\",\"target\":{\"@type\":\"EntryPoint\",\"urlTemplate\":\"https:\/\/gallican-montbrison.fr\/wp\/?s={search_term_string}\"},\"query-input\":{\"@type\":\"PropertyValueSpecification\",\"valueRequired\":true,\"valueName\":\"search_term_string\"}}],\"inLanguage\":\"fr-FR\"},{\"@type\":\"Person\",\"@id\":\"https:\/\/gallican-montbrison.fr\/wp\/#\/schema\/person\/fc5571a40f7c79de2fb1b0cf72c089a4\",\"name\":\"Colette\",\"url\":\"https:\/\/gallican-montbrison.fr\/wp\/?author=3\"}]}<\/script>\n<!-- \/ Yoast SEO plugin. -->","yoast_head_json":{"title":"Pr\u00e9sent \u00e0 Dieu - Chapelle Saint Michel Archange Montbrison","robots":{"index":"index","follow":"follow","max-snippet":"max-snippet:-1","max-image-preview":"max-image-preview:large","max-video-preview":"max-video-preview:-1"},"canonical":"https:\/\/gallican-montbrison.fr\/wp\/?p=9356","og_locale":"fr_FR","og_type":"article","og_title":"Pr\u00e9sent \u00e0 Dieu - Chapelle Saint Michel Archange Montbrison","og_description":"Pr\u00e9sence \u00e0 Dieu C\u2019est en notre c\u0153ur que Dieu habite C\u2019est l\u00e0 que nous devons le chercher. \u00ab\u00a0l&rsquo;Eternel dit: Je marcherai avec toi et je te donnerai du repos\u00a0\u00bb Exode 33,14 Dame Colette +","og_url":"https:\/\/gallican-montbrison.fr\/wp\/?p=9356","og_site_name":"Chapelle Saint Michel Archange Montbrison","article_publisher":"https:\/\/www.facebook.com\/people\/Eglise-Gallicane-Chapelle-Saint-Michel-Archange\/100064564306693\/","article_published_time":"2024-08-01T16:40:00+00:00","article_modified_time":"2024-10-01T16:59:58+00:00","author":"Colette","twitter_card":"summary_large_image","twitter_misc":{"\u00c9crit par":"Colette","Dur\u00e9e de lecture estim\u00e9e":"1 minute"},"schema":{"@context":"https:\/\/schema.org","@graph":[{"@type":"WebPage","@id":"https:\/\/gallican-montbrison.fr\/wp\/?p=9356","url":"https:\/\/gallican-montbrison.fr\/wp\/?p=9356","name":"Pr\u00e9sent \u00e0 Dieu - Chapelle Saint Michel Archange Montbrison","isPartOf":{"@id":"https:\/\/gallican-montbrison.fr\/wp\/#website"},"datePublished":"2024-08-01T16:40:00+00:00","dateModified":"2024-10-01T16:59:58+00:00","author":{"@id":"https:\/\/gallican-montbrison.fr\/wp\/#\/schema\/person\/fc5571a40f7c79de2fb1b0cf72c089a4"},"breadcrumb":{"@id":"https:\/\/gallican-montbrison.fr\/wp\/?p=9356#breadcrumb"},"inLanguage":"fr-FR","potentialAction":[{"@type":"ReadAction","target":["https:\/\/gallican-montbrison.fr\/wp\/?p=9356"]}]},{"@type":"BreadcrumbList","@id":"https:\/\/gallican-montbrison.fr\/wp\/?p=9356#breadcrumb","itemListElement":[{"@type":"ListItem","position":1,"name":"Accueil","item":"https:\/\/gallican-montbrison.fr\/wp"},{"@type":"ListItem","position":2,"name":"Pr\u00e9sent \u00e0 Dieu"}]},{"@type":"WebSite","@id":"https:\/\/gallican-montbrison.fr\/wp\/#website","url":"https:\/\/gallican-montbrison.fr\/wp\/","name":"Chapelle Saint Michel Archange Montbrison","description":"Eglise Gallicane, Tradition Apostolique de Gazinet","potentialAction":[{"@type":"SearchAction","target":{"@type":"EntryPoint","urlTemplate":"https:\/\/gallican-montbrison.fr\/wp\/?s={search_term_string}"},"query-input":{"@type":"PropertyValueSpecification","valueRequired":true,"valueName":"search_term_string"}}],"inLanguage":"fr-FR"},{"@type":"Person","@id":"https:\/\/gallican-montbrison.fr\/wp\/#\/schema\/person\/fc5571a40f7c79de2fb1b0cf72c089a4","name":"Colette","url":"https:\/\/gallican-montbrison.fr\/wp\/?author=3"}]}},"_links":{"self":[{"href":"https:\/\/gallican-montbrison.fr\/wp\/index.php?rest_route=\/wp\/v2\/posts\/9356"}],"collection":[{"href":"https:\/\/gallican-montbrison.fr\/wp\/index.php?rest_route=\/wp\/v2\/posts"}],"about":[{"href":"https:\/\/gallican-montbrison.fr\/wp\/index.php?rest_route=\/wp\/v2\/types\/post"}],"author":[{"embeddable":true,"href":"https:\/\/gallican-montbrison.fr\/wp\/index.php?rest_route=\/wp\/v2\/users\/3"}],"replies":[{"embeddable":true,"href":"https:\/\/gallican-montbrison.fr\/wp\/index.php?rest_route=%2Fwp%2Fv2%2Fcomments&post=9356"}],"version-history":[{"count":2,"href":"https:\/\/gallican-montbrison.fr\/wp\/index.php?rest_route=\/wp\/v2\/posts\/9356\/revisions"}],"predecessor-version":[{"id":9362,"href":"https:\/\/gallican-montbrison.fr\/wp\/index.php?rest_route=\/wp\/v2\/posts\/9356\/revisions\/9362"}],"wp:attachment":[{"href":"https:\/\/gallican-montbrison.fr\/wp\/index.php?rest_route=%2Fwp%2Fv2%2Fmedia&parent=9356"}],"wp:term":[{"taxonomy":"category","embeddable":true,"href":"https:\/\/gallican-montbrison.fr\/wp\/index.php?rest_route=%2Fwp%2Fv2%2Fcategories&post=9356"},{"taxonomy":"post_tag","embeddable":true,"href":"https:\/\/gallican-montbrison.fr\/wp\/index.php?rest_route=%2Fwp%2Fv2%2Ftags&post=9356"}],"curies":[{"name":"wp","href":"https:\/\/api.w.org\/{rel}","templated":true}]}}