{"id":9363,"date":"2024-10-03T19:42:49","date_gmt":"2024-10-03T17:42:49","guid":{"rendered":"https:\/\/gallican-montbrison.fr\/wp\/?p=9363"},"modified":"2025-03-24T12:15:40","modified_gmt":"2025-03-24T11:15:40","slug":"mariage-vaiana-baptiste-09-2024","status":"publish","type":"post","link":"https:\/\/gallican-montbrison.fr\/wp\/?p=9363","title":{"rendered":"Mariage Vaiana et Baptiste (09 2024)"},"content":{"rendered":"<div class=\"wp-block-image\">\n<figure class=\"alignleft size-large is-resized\"><a href=\"https:\/\/gallican-montbrison.fr\/wp\/wp-content\/uploads\/2024\/10\/BV09072024-371-copie-scaled.jpg\"><img loading=\"lazy\" decoding=\"async\" width=\"1024\" height=\"683\" src=\"https:\/\/gallican-montbrison.fr\/wp\/wp-content\/uploads\/2024\/10\/BV09072024-371-copie-1024x683.jpg\" alt=\"\" class=\"wp-image-9371\" style=\"width:312px;height:auto\" srcset=\"https:\/\/gallican-montbrison.fr\/wp\/wp-content\/uploads\/2024\/10\/BV09072024-371-copie-1024x683.jpg 1024w, https:\/\/gallican-montbrison.fr\/wp\/wp-content\/uploads\/2024\/10\/BV09072024-371-copie-300x200.jpg 300w, https:\/\/gallican-montbrison.fr\/wp\/wp-content\/uploads\/2024\/10\/BV09072024-371-copie-768x512.jpg 768w, https:\/\/gallican-montbrison.fr\/wp\/wp-content\/uploads\/2024\/10\/BV09072024-371-copie-1536x1024.jpg 1536w, https:\/\/gallican-montbrison.fr\/wp\/wp-content\/uploads\/2024\/10\/BV09072024-371-copie-2048x1365.jpg 2048w\" sizes=\"(max-width: 1024px) 100vw, 1024px\" \/><\/a><\/figure><\/div>\n\n\n<p>Baptiste et Vaiana se sont dits \u00ab\u00a0OUI\u00a0\u00bb ce week-end. Grand bonheur de les marier. <\/p>\n\n\n\n<p>P\u00e8re et Pr\u00eatre, double joie pour moi en ce jour. A la joie de b\u00e9nir un nouveau couple s&rsquo;ajoute ma tendresse paternelle et l&rsquo;affection que j&rsquo;ai pour eux.<\/p>\n\n\n\n<p>Un tr\u00e8s beau moment m\u00eame si la pluie s&rsquo;est invit\u00e9e .. pas grave, nous avons appris \u00e0 rire et \u00e0 danser sous la pluie !. Notre immense joie d&rsquo;unir Vaiana et Baptiste ne s&rsquo;est pas laiss\u00e9e assombrir par le temps .. on a fait la f\u00eate jusqu&rsquo;au bout de la nuit.<\/p>\n\n\n\n<figure class=\"wp-block-gallery has-nested-images columns-default is-cropped wp-block-gallery-1 is-layout-flex wp-block-gallery-is-layout-flex\">\n<figure class=\"wp-block-image size-large\"><a href=\"https:\/\/gallican-montbrison.fr\/wp\/wp-content\/uploads\/2024\/10\/18.jpg\"><img loading=\"lazy\" decoding=\"async\" width=\"1024\" height=\"683\" data-id=\"9366\" src=\"https:\/\/gallican-montbrison.fr\/wp\/wp-content\/uploads\/2024\/10\/18-1024x683.jpg\" alt=\"\" class=\"wp-image-9366\" srcset=\"https:\/\/gallican-montbrison.fr\/wp\/wp-content\/uploads\/2024\/10\/18-1024x683.jpg 1024w, https:\/\/gallican-montbrison.fr\/wp\/wp-content\/uploads\/2024\/10\/18-300x200.jpg 300w, https:\/\/gallican-montbrison.fr\/wp\/wp-content\/uploads\/2024\/10\/18-768x512.jpg 768w, https:\/\/gallican-montbrison.fr\/wp\/wp-content\/uploads\/2024\/10\/18.jpg 1440w\" sizes=\"(max-width: 1024px) 100vw, 1024px\" \/><\/a><\/figure>\n<\/figure>\n\n\n\n<figure class=\"wp-block-gallery has-nested-images columns-default is-cropped wp-block-gallery-2 is-layout-flex wp-block-gallery-is-layout-flex\">\n<figure class=\"wp-block-image size-large\"><a href=\"https:\/\/gallican-montbrison.fr\/wp\/wp-content\/uploads\/2024\/10\/BV09072024-295-copie-1-scaled.jpg\"><img loading=\"lazy\" decoding=\"async\" width=\"1024\" height=\"683\" data-id=\"9369\" src=\"https:\/\/gallican-montbrison.fr\/wp\/wp-content\/uploads\/2024\/10\/BV09072024-295-copie-1-1024x683.jpg\" alt=\"\" class=\"wp-image-9369\" srcset=\"https:\/\/gallican-montbrison.fr\/wp\/wp-content\/uploads\/2024\/10\/BV09072024-295-copie-1-1024x683.jpg 1024w, https:\/\/gallican-montbrison.fr\/wp\/wp-content\/uploads\/2024\/10\/BV09072024-295-copie-1-300x200.jpg 300w, https:\/\/gallican-montbrison.fr\/wp\/wp-content\/uploads\/2024\/10\/BV09072024-295-copie-1-768x512.jpg 768w, https:\/\/gallican-montbrison.fr\/wp\/wp-content\/uploads\/2024\/10\/BV09072024-295-copie-1-1536x1024.jpg 1536w, https:\/\/gallican-montbrison.fr\/wp\/wp-content\/uploads\/2024\/10\/BV09072024-295-copie-1-2048x1365.jpg 2048w\" sizes=\"(max-width: 1024px) 100vw, 1024px\" \/><\/a><\/figure>\n\n\n\n<figure class=\"wp-block-image size-large\"><a href=\"https:\/\/gallican-montbrison.fr\/wp\/wp-content\/uploads\/2024\/10\/BV09072024-303-copie-1-scaled.jpg\"><img loading=\"lazy\" decoding=\"async\" width=\"1024\" height=\"683\" data-id=\"9370\" src=\"https:\/\/gallican-montbrison.fr\/wp\/wp-content\/uploads\/2024\/10\/BV09072024-303-copie-1-1024x683.jpg\" alt=\"\" class=\"wp-image-9370\" srcset=\"https:\/\/gallican-montbrison.fr\/wp\/wp-content\/uploads\/2024\/10\/BV09072024-303-copie-1-1024x683.jpg 1024w, https:\/\/gallican-montbrison.fr\/wp\/wp-content\/uploads\/2024\/10\/BV09072024-303-copie-1-300x200.jpg 300w, https:\/\/gallican-montbrison.fr\/wp\/wp-content\/uploads\/2024\/10\/BV09072024-303-copie-1-768x512.jpg 768w, https:\/\/gallican-montbrison.fr\/wp\/wp-content\/uploads\/2024\/10\/BV09072024-303-copie-1-1536x1024.jpg 1536w, https:\/\/gallican-montbrison.fr\/wp\/wp-content\/uploads\/2024\/10\/BV09072024-303-copie-1-2048x1365.jpg 2048w\" sizes=\"(max-width: 1024px) 100vw, 1024px\" \/><\/a><\/figure>\n<\/figure>\n\n\n\n<figure class=\"wp-block-gallery has-nested-images columns-default is-cropped wp-block-gallery-3 is-layout-flex wp-block-gallery-is-layout-flex\">\n<figure class=\"wp-block-image size-large\"><a href=\"https:\/\/gallican-montbrison.fr\/wp\/wp-content\/uploads\/2024\/10\/BV09072024-346-copie-scaled.jpg\"><img loading=\"lazy\" decoding=\"async\" width=\"1024\" height=\"683\" data-id=\"9372\" src=\"https:\/\/gallican-montbrison.fr\/wp\/wp-content\/uploads\/2024\/10\/BV09072024-346-copie-1024x683.jpg\" alt=\"\" class=\"wp-image-9372\" srcset=\"https:\/\/gallican-montbrison.fr\/wp\/wp-content\/uploads\/2024\/10\/BV09072024-346-copie-1024x683.jpg 1024w, https:\/\/gallican-montbrison.fr\/wp\/wp-content\/uploads\/2024\/10\/BV09072024-346-copie-300x200.jpg 300w, https:\/\/gallican-montbrison.fr\/wp\/wp-content\/uploads\/2024\/10\/BV09072024-346-copie-768x512.jpg 768w, https:\/\/gallican-montbrison.fr\/wp\/wp-content\/uploads\/2024\/10\/BV09072024-346-copie-1536x1024.jpg 1536w, https:\/\/gallican-montbrison.fr\/wp\/wp-content\/uploads\/2024\/10\/BV09072024-346-copie-2048x1365.jpg 2048w\" sizes=\"(max-width: 1024px) 100vw, 1024px\" \/><\/a><\/figure>\n<\/figure>\n\n\n\n<p>Photographies: remerciements \u00e0 \u00ab\u00a0klem photographie\u00a0\u00bb pour son professionnalisme<\/p>\n\n\n\n<p><\/p>\n","protected":false},"excerpt":{"rendered":"<p>Baptiste et Vaiana se sont dits \u00ab\u00a0OUI\u00a0\u00bb ce week-end. Grand bonheur de les marier. P\u00e8re et Pr\u00eatre, double joie pour moi en ce jour. A la joie de b\u00e9nir un nouveau couple s&rsquo;ajoute ma tendresse paternelle et l&rsquo;affection que j&rsquo;ai &hellip; <a href=\"https:\/\/gallican-montbrison.fr\/wp\/?p=9363\">Continuer la lecture <span class=\"meta-nav\">&rarr;<\/span><\/a><\/p>\n","protected":false},"author":3,"featured_media":0,"comment_status":"closed","ping_status":"open","sticky":false,"template":"","format":"standard","meta":{"footnotes":""},"categories":[249,5],"tags":[],"class_list":["post-9363","post","type-post","status-publish","format-standard","hentry","category-sacrements","category-vie-de-la-chapelle"],"yoast_head":"<!-- This site is optimized with the Yoast SEO plugin v25.6 - https:\/\/yoast.com\/wordpress\/plugins\/seo\/ -->\n<title>Mariage Vaiana et Baptiste (09 2024) - Chapelle Saint Michel Archange Montbrison<\/title>\n<meta name=\"robots\" content=\"index, follow, max-snippet:-1, max-image-preview:large, max-video-preview:-1\" \/>\n<link rel=\"canonical\" href=\"https:\/\/gallican-montbrison.fr\/wp\/?p=9363\" \/>\n<meta property=\"og:locale\" content=\"fr_FR\" \/>\n<meta property=\"og:type\" content=\"article\" \/>\n<meta property=\"og:title\" content=\"Mariage Vaiana et Baptiste (09 2024) - Chapelle Saint Michel Archange Montbrison\" \/>\n<meta property=\"og:description\" content=\"Baptiste et Vaiana se sont dits \u00ab\u00a0OUI\u00a0\u00bb ce week-end. Grand bonheur de les marier. P\u00e8re et Pr\u00eatre, double joie pour moi en ce jour. A la joie de b\u00e9nir un nouveau couple s&rsquo;ajoute ma tendresse paternelle et l&rsquo;affection que j&rsquo;ai &hellip; Continuer la lecture &rarr;\" \/>\n<meta property=\"og:url\" content=\"https:\/\/gallican-montbrison.fr\/wp\/?p=9363\" \/>\n<meta property=\"og:site_name\" content=\"Chapelle Saint Michel Archange Montbrison\" \/>\n<meta property=\"article:publisher\" content=\"https:\/\/www.facebook.com\/people\/Eglise-Gallicane-Chapelle-Saint-Michel-Archange\/100064564306693\/\" \/>\n<meta property=\"article:published_time\" content=\"2024-10-03T17:42:49+00:00\" \/>\n<meta property=\"article:modified_time\" content=\"2025-03-24T11:15:40+00:00\" \/>\n<meta property=\"og:image\" content=\"https:\/\/gallican-montbrison.fr\/wp\/wp-content\/uploads\/2024\/10\/BV09072024-371-copie-scaled.jpg\" \/>\n\t<meta property=\"og:image:width\" content=\"2560\" \/>\n\t<meta property=\"og:image:height\" content=\"1707\" \/>\n\t<meta property=\"og:image:type\" content=\"image\/jpeg\" \/>\n<meta name=\"author\" content=\"Colette\" \/>\n<meta name=\"twitter:card\" content=\"summary_large_image\" \/>\n<meta name=\"twitter:label1\" content=\"\u00c9crit par\" \/>\n\t<meta name=\"twitter:data1\" content=\"Colette\" \/>\n\t<meta name=\"twitter:label2\" content=\"Dur\u00e9e de lecture estim\u00e9e\" \/>\n\t<meta name=\"twitter:data2\" content=\"2 minutes\" \/>\n<script type=\"application\/ld+json\" class=\"yoast-schema-graph\">{\"@context\":\"https:\/\/schema.org\",\"@graph\":[{\"@type\":\"WebPage\",\"@id\":\"https:\/\/gallican-montbrison.fr\/wp\/?p=9363\",\"url\":\"https:\/\/gallican-montbrison.fr\/wp\/?p=9363\",\"name\":\"Mariage Vaiana et Baptiste (09 2024) - Chapelle Saint Michel Archange Montbrison\",\"isPartOf\":{\"@id\":\"https:\/\/gallican-montbrison.fr\/wp\/#website\"},\"primaryImageOfPage\":{\"@id\":\"https:\/\/gallican-montbrison.fr\/wp\/?p=9363#primaryimage\"},\"image\":{\"@id\":\"https:\/\/gallican-montbrison.fr\/wp\/?p=9363#primaryimage\"},\"thumbnailUrl\":\"https:\/\/gallican-montbrison.fr\/wp\/wp-content\/uploads\/2024\/10\/BV09072024-371-copie-1024x683.jpg\",\"datePublished\":\"2024-10-03T17:42:49+00:00\",\"dateModified\":\"2025-03-24T11:15:40+00:00\",\"author\":{\"@id\":\"https:\/\/gallican-montbrison.fr\/wp\/#\/schema\/person\/fc5571a40f7c79de2fb1b0cf72c089a4\"},\"breadcrumb\":{\"@id\":\"https:\/\/gallican-montbrison.fr\/wp\/?p=9363#breadcrumb\"},\"inLanguage\":\"fr-FR\",\"potentialAction\":[{\"@type\":\"ReadAction\",\"target\":[\"https:\/\/gallican-montbrison.fr\/wp\/?p=9363\"]}]},{\"@type\":\"ImageObject\",\"inLanguage\":\"fr-FR\",\"@id\":\"https:\/\/gallican-montbrison.fr\/wp\/?p=9363#primaryimage\",\"url\":\"https:\/\/gallican-montbrison.fr\/wp\/wp-content\/uploads\/2024\/10\/BV09072024-371-copie-scaled.jpg\",\"contentUrl\":\"https:\/\/gallican-montbrison.fr\/wp\/wp-content\/uploads\/2024\/10\/BV09072024-371-copie-scaled.jpg\",\"width\":2560,\"height\":1707},{\"@type\":\"BreadcrumbList\",\"@id\":\"https:\/\/gallican-montbrison.fr\/wp\/?p=9363#breadcrumb\",\"itemListElement\":[{\"@type\":\"ListItem\",\"position\":1,\"name\":\"Accueil\",\"item\":\"https:\/\/gallican-montbrison.fr\/wp\"},{\"@type\":\"ListItem\",\"position\":2,\"name\":\"Mariage Vaiana et Baptiste (09 2024)\"}]},{\"@type\":\"WebSite\",\"@id\":\"https:\/\/gallican-montbrison.fr\/wp\/#website\",\"url\":\"https:\/\/gallican-montbrison.fr\/wp\/\",\"name\":\"Chapelle Saint Michel Archange Montbrison\",\"description\":\"Eglise Gallicane, Tradition Apostolique de Gazinet\",\"potentialAction\":[{\"@type\":\"SearchAction\",\"target\":{\"@type\":\"EntryPoint\",\"urlTemplate\":\"https:\/\/gallican-montbrison.fr\/wp\/?s={search_term_string}\"},\"query-input\":{\"@type\":\"PropertyValueSpecification\",\"valueRequired\":true,\"valueName\":\"search_term_string\"}}],\"inLanguage\":\"fr-FR\"},{\"@type\":\"Person\",\"@id\":\"https:\/\/gallican-montbrison.fr\/wp\/#\/schema\/person\/fc5571a40f7c79de2fb1b0cf72c089a4\",\"name\":\"Colette\",\"url\":\"https:\/\/gallican-montbrison.fr\/wp\/?author=3\"}]}<\/script>\n<!-- \/ Yoast SEO plugin. -->","yoast_head_json":{"title":"Mariage Vaiana et Baptiste (09 2024) - Chapelle Saint Michel Archange Montbrison","robots":{"index":"index","follow":"follow","max-snippet":"max-snippet:-1","max-image-preview":"max-image-preview:large","max-video-preview":"max-video-preview:-1"},"canonical":"https:\/\/gallican-montbrison.fr\/wp\/?p=9363","og_locale":"fr_FR","og_type":"article","og_title":"Mariage Vaiana et Baptiste (09 2024) - Chapelle Saint Michel Archange Montbrison","og_description":"Baptiste et Vaiana se sont dits \u00ab\u00a0OUI\u00a0\u00bb ce week-end. Grand bonheur de les marier. P\u00e8re et Pr\u00eatre, double joie pour moi en ce jour. A la joie de b\u00e9nir un nouveau couple s&rsquo;ajoute ma tendresse paternelle et l&rsquo;affection que j&rsquo;ai &hellip; Continuer la lecture &rarr;","og_url":"https:\/\/gallican-montbrison.fr\/wp\/?p=9363","og_site_name":"Chapelle Saint Michel Archange Montbrison","article_publisher":"https:\/\/www.facebook.com\/people\/Eglise-Gallicane-Chapelle-Saint-Michel-Archange\/100064564306693\/","article_published_time":"2024-10-03T17:42:49+00:00","article_modified_time":"2025-03-24T11:15:40+00:00","og_image":[{"width":2560,"height":1707,"url":"https:\/\/gallican-montbrison.fr\/wp\/wp-content\/uploads\/2024\/10\/BV09072024-371-copie-scaled.jpg","type":"image\/jpeg"}],"author":"Colette","twitter_card":"summary_large_image","twitter_misc":{"\u00c9crit par":"Colette","Dur\u00e9e de lecture estim\u00e9e":"2 minutes"},"schema":{"@context":"https:\/\/schema.org","@graph":[{"@type":"WebPage","@id":"https:\/\/gallican-montbrison.fr\/wp\/?p=9363","url":"https:\/\/gallican-montbrison.fr\/wp\/?p=9363","name":"Mariage Vaiana et Baptiste (09 2024) - Chapelle Saint Michel Archange Montbrison","isPartOf":{"@id":"https:\/\/gallican-montbrison.fr\/wp\/#website"},"primaryImageOfPage":{"@id":"https:\/\/gallican-montbrison.fr\/wp\/?p=9363#primaryimage"},"image":{"@id":"https:\/\/gallican-montbrison.fr\/wp\/?p=9363#primaryimage"},"thumbnailUrl":"https:\/\/gallican-montbrison.fr\/wp\/wp-content\/uploads\/2024\/10\/BV09072024-371-copie-1024x683.jpg","datePublished":"2024-10-03T17:42:49+00:00","dateModified":"2025-03-24T11:15:40+00:00","author":{"@id":"https:\/\/gallican-montbrison.fr\/wp\/#\/schema\/person\/fc5571a40f7c79de2fb1b0cf72c089a4"},"breadcrumb":{"@id":"https:\/\/gallican-montbrison.fr\/wp\/?p=9363#breadcrumb"},"inLanguage":"fr-FR","potentialAction":[{"@type":"ReadAction","target":["https:\/\/gallican-montbrison.fr\/wp\/?p=9363"]}]},{"@type":"ImageObject","inLanguage":"fr-FR","@id":"https:\/\/gallican-montbrison.fr\/wp\/?p=9363#primaryimage","url":"https:\/\/gallican-montbrison.fr\/wp\/wp-content\/uploads\/2024\/10\/BV09072024-371-copie-scaled.jpg","contentUrl":"https:\/\/gallican-montbrison.fr\/wp\/wp-content\/uploads\/2024\/10\/BV09072024-371-copie-scaled.jpg","width":2560,"height":1707},{"@type":"BreadcrumbList","@id":"https:\/\/gallican-montbrison.fr\/wp\/?p=9363#breadcrumb","itemListElement":[{"@type":"ListItem","position":1,"name":"Accueil","item":"https:\/\/gallican-montbrison.fr\/wp"},{"@type":"ListItem","position":2,"name":"Mariage Vaiana et Baptiste (09 2024)"}]},{"@type":"WebSite","@id":"https:\/\/gallican-montbrison.fr\/wp\/#website","url":"https:\/\/gallican-montbrison.fr\/wp\/","name":"Chapelle Saint Michel Archange Montbrison","description":"Eglise Gallicane, Tradition Apostolique de Gazinet","potentialAction":[{"@type":"SearchAction","target":{"@type":"EntryPoint","urlTemplate":"https:\/\/gallican-montbrison.fr\/wp\/?s={search_term_string}"},"query-input":{"@type":"PropertyValueSpecification","valueRequired":true,"valueName":"search_term_string"}}],"inLanguage":"fr-FR"},{"@type":"Person","@id":"https:\/\/gallican-montbrison.fr\/wp\/#\/schema\/person\/fc5571a40f7c79de2fb1b0cf72c089a4","name":"Colette","url":"https:\/\/gallican-montbrison.fr\/wp\/?author=3"}]}},"_links":{"self":[{"href":"https:\/\/gallican-montbrison.fr\/wp\/index.php?rest_route=\/wp\/v2\/posts\/9363"}],"collection":[{"href":"https:\/\/gallican-montbrison.fr\/wp\/index.php?rest_route=\/wp\/v2\/posts"}],"about":[{"href":"https:\/\/gallican-montbrison.fr\/wp\/index.php?rest_route=\/wp\/v2\/types\/post"}],"author":[{"embeddable":true,"href":"https:\/\/gallican-montbrison.fr\/wp\/index.php?rest_route=\/wp\/v2\/users\/3"}],"replies":[{"embeddable":true,"href":"https:\/\/gallican-montbrison.fr\/wp\/index.php?rest_route=%2Fwp%2Fv2%2Fcomments&post=9363"}],"version-history":[{"count":3,"href":"https:\/\/gallican-montbrison.fr\/wp\/index.php?rest_route=\/wp\/v2\/posts\/9363\/revisions"}],"predecessor-version":[{"id":9658,"href":"https:\/\/gallican-montbrison.fr\/wp\/index.php?rest_route=\/wp\/v2\/posts\/9363\/revisions\/9658"}],"wp:attachment":[{"href":"https:\/\/gallican-montbrison.fr\/wp\/index.php?rest_route=%2Fwp%2Fv2%2Fmedia&parent=9363"}],"wp:term":[{"taxonomy":"category","embeddable":true,"href":"https:\/\/gallican-montbrison.fr\/wp\/index.php?rest_route=%2Fwp%2Fv2%2Fcategories&post=9363"},{"taxonomy":"post_tag","embeddable":true,"href":"https:\/\/gallican-montbrison.fr\/wp\/index.php?rest_route=%2Fwp%2Fv2%2Ftags&post=9363"}],"curies":[{"name":"wp","href":"https:\/\/api.w.org\/{rel}","templated":true}]}}