{"id":9551,"date":"2025-01-17T17:45:44","date_gmt":"2025-01-17T16:45:44","guid":{"rendered":"https:\/\/gallican-montbrison.fr\/wp\/?p=9551"},"modified":"2025-01-17T17:47:07","modified_gmt":"2025-01-17T16:47:07","slug":"unite-des-chretiens-2025-ce-samedi","status":"publish","type":"post","link":"https:\/\/gallican-montbrison.fr\/wp\/?p=9551","title":{"rendered":"Unit\u00e9 des chr\u00e9tiens 2025 .. ce samedi"},"content":{"rendered":"\n<p class=\"has-blue-color has-text-color has-link-color has-large-font-size wp-elements-8719a39778cedc9d007cd225d425b9f7\">Rejoignez-nous &#8230;<\/p>\n\n\n\n<figure class=\"wp-block-image size-large\"><a href=\"https:\/\/gallican-montbrison.fr\/wp\/wp-content\/uploads\/2025\/01\/Celebration-unite-et-date.jpg\"><img loading=\"lazy\" decoding=\"async\" width=\"724\" height=\"1024\" src=\"https:\/\/gallican-montbrison.fr\/wp\/wp-content\/uploads\/2025\/01\/Celebration-unite-et-date-724x1024.jpg\" alt=\"\" class=\"wp-image-9552\" srcset=\"https:\/\/gallican-montbrison.fr\/wp\/wp-content\/uploads\/2025\/01\/Celebration-unite-et-date-724x1024.jpg 724w, https:\/\/gallican-montbrison.fr\/wp\/wp-content\/uploads\/2025\/01\/Celebration-unite-et-date-212x300.jpg 212w, https:\/\/gallican-montbrison.fr\/wp\/wp-content\/uploads\/2025\/01\/Celebration-unite-et-date-768x1086.jpg 768w, https:\/\/gallican-montbrison.fr\/wp\/wp-content\/uploads\/2025\/01\/Celebration-unite-et-date-1086x1536.jpg 1086w, https:\/\/gallican-montbrison.fr\/wp\/wp-content\/uploads\/2025\/01\/Celebration-unite-et-date.jpg 1414w\" sizes=\"(max-width: 724px) 100vw, 724px\" \/><\/a><\/figure>\n\n\n\n<p><\/p>\n\n\n\n<p class=\"has-blue-color has-text-color has-link-color has-small-font-size wp-elements-03b4a194ed59e579adcf0776e4d95a59\">Semaine de l\u2019Unit\u00e9 des Chr\u00e9tiens; Cette ann\u00e9e, la c\u00e9l\u00e9bration \u0153cum\u00e9nique a \u00e9t\u00e9 pr\u00e9par\u00e9e par la communaut\u00e9 de Bose, monast\u00e8re \u0153cum\u00e9nique du nord de l\u2019Italie. F\u00eatant &nbsp;les 1700 ans du concile de Nic\u00e9e, cette c\u00e9l\u00e9bration est centr\u00e9e sur le Credo de Nic\u00e9e, commun \u00e0 tous les chr\u00e9tiens.<\/p>\n\n\n\n<p class=\"has-blue-color has-text-color has-link-color has-small-font-size wp-elements-636fb55ec876bf1b169abc40ec83b3cd\">Au temple le pasteur David Veldhuizen (communaut\u00e9 protestante) nous accueille. Il coc\u00e9l\u00e8bre avec le p\u00e8re Robert Mure et la diaconesse Colette Mure (communaut\u00e9 gallicane), le p\u00e8re Norbert\u00a0 Peyssonneaux (communaut\u00e9 orthodoxe), don Martin, cur\u00e9 et Yves Paulignan, diacre, de la paroisse Ste Claire-Ste Th\u00e9r\u00e8se -en- Forez.<\/p>\n\n\n<div class=\"wp-block-image\">\n<figure class=\"aligncenter size-large is-resized\"><a href=\"https:\/\/gallican-montbrison.fr\/wp\/wp-content\/uploads\/2025\/01\/lunite-des-chretiens-2025.jpeg\"><img loading=\"lazy\" decoding=\"async\" width=\"1024\" height=\"576\" src=\"https:\/\/gallican-montbrison.fr\/wp\/wp-content\/uploads\/2025\/01\/lunite-des-chretiens-2025-1024x576.jpeg\" alt=\"\" class=\"wp-image-9553\" style=\"width:587px;height:auto\" srcset=\"https:\/\/gallican-montbrison.fr\/wp\/wp-content\/uploads\/2025\/01\/lunite-des-chretiens-2025-1024x576.jpeg 1024w, https:\/\/gallican-montbrison.fr\/wp\/wp-content\/uploads\/2025\/01\/lunite-des-chretiens-2025-300x169.jpeg 300w, https:\/\/gallican-montbrison.fr\/wp\/wp-content\/uploads\/2025\/01\/lunite-des-chretiens-2025-768x432.jpeg 768w, https:\/\/gallican-montbrison.fr\/wp\/wp-content\/uploads\/2025\/01\/lunite-des-chretiens-2025.jpeg 1280w\" sizes=\"(max-width: 1024px) 100vw, 1024px\" \/><\/a><\/figure><\/div>\n\n\n<p><\/p>\n","protected":false},"excerpt":{"rendered":"<p>Rejoignez-nous &#8230; Semaine de l\u2019Unit\u00e9 des Chr\u00e9tiens; Cette ann\u00e9e, la c\u00e9l\u00e9bration \u0153cum\u00e9nique a \u00e9t\u00e9 pr\u00e9par\u00e9e par la communaut\u00e9 de Bose, monast\u00e8re \u0153cum\u00e9nique du nord de l\u2019Italie. F\u00eatant &nbsp;les 1700 ans du concile de Nic\u00e9e, cette c\u00e9l\u00e9bration est centr\u00e9e sur le &hellip; <a href=\"https:\/\/gallican-montbrison.fr\/wp\/?p=9551\">Continuer la lecture <span class=\"meta-nav\">&rarr;<\/span><\/a><\/p>\n","protected":false},"author":3,"featured_media":0,"comment_status":"closed","ping_status":"open","sticky":false,"template":"","format":"standard","meta":{"footnotes":""},"categories":[3,5],"tags":[100,88,27,26,70,138,52,87,17,180],"class_list":["post-9551","post","type-post","status-publish","format-standard","hentry","category-oecumenisme","category-vie-de-la-chapelle","tag-bapteme","tag-benediction","tag-celebration","tag-chapelle","tag-eglise","tag-eglise-gallicane","tag-evangile","tag-mariage","tag-oecumenisme-2","tag-remariage"],"yoast_head":"<!-- This site is optimized with the Yoast SEO plugin v25.6 - https:\/\/yoast.com\/wordpress\/plugins\/seo\/ -->\n<title>Unit\u00e9 des chr\u00e9tiens 2025 .. ce samedi - Chapelle Saint Michel Archange Montbrison<\/title>\n<meta name=\"robots\" content=\"index, follow, max-snippet:-1, max-image-preview:large, max-video-preview:-1\" \/>\n<link rel=\"canonical\" href=\"https:\/\/gallican-montbrison.fr\/wp\/?p=9551\" \/>\n<meta property=\"og:locale\" content=\"fr_FR\" \/>\n<meta property=\"og:type\" content=\"article\" \/>\n<meta property=\"og:title\" content=\"Unit\u00e9 des chr\u00e9tiens 2025 .. ce samedi - Chapelle Saint Michel Archange Montbrison\" \/>\n<meta property=\"og:description\" content=\"Rejoignez-nous &#8230; Semaine de l\u2019Unit\u00e9 des Chr\u00e9tiens; Cette ann\u00e9e, la c\u00e9l\u00e9bration \u0153cum\u00e9nique a \u00e9t\u00e9 pr\u00e9par\u00e9e par la communaut\u00e9 de Bose, monast\u00e8re \u0153cum\u00e9nique du nord de l\u2019Italie. F\u00eatant &nbsp;les 1700 ans du concile de Nic\u00e9e, cette c\u00e9l\u00e9bration est centr\u00e9e sur le &hellip; Continuer la lecture &rarr;\" \/>\n<meta property=\"og:url\" content=\"https:\/\/gallican-montbrison.fr\/wp\/?p=9551\" \/>\n<meta property=\"og:site_name\" content=\"Chapelle Saint Michel Archange Montbrison\" \/>\n<meta property=\"article:publisher\" content=\"https:\/\/www.facebook.com\/people\/Eglise-Gallicane-Chapelle-Saint-Michel-Archange\/100064564306693\/\" \/>\n<meta property=\"article:published_time\" content=\"2025-01-17T16:45:44+00:00\" \/>\n<meta property=\"article:modified_time\" content=\"2025-01-17T16:47:07+00:00\" \/>\n<meta property=\"og:image\" content=\"https:\/\/gallican-montbrison.fr\/wp\/wp-content\/uploads\/2025\/01\/Celebration-unite-et-date.jpg\" \/>\n\t<meta property=\"og:image:width\" content=\"1414\" \/>\n\t<meta property=\"og:image:height\" content=\"2000\" \/>\n\t<meta property=\"og:image:type\" content=\"image\/jpeg\" \/>\n<meta name=\"author\" content=\"Colette\" \/>\n<meta name=\"twitter:card\" content=\"summary_large_image\" \/>\n<meta name=\"twitter:label1\" content=\"\u00c9crit par\" \/>\n\t<meta name=\"twitter:data1\" content=\"Colette\" \/>\n\t<meta name=\"twitter:label2\" content=\"Dur\u00e9e de lecture estim\u00e9e\" \/>\n\t<meta name=\"twitter:data2\" content=\"1 minute\" \/>\n<script type=\"application\/ld+json\" class=\"yoast-schema-graph\">{\"@context\":\"https:\/\/schema.org\",\"@graph\":[{\"@type\":\"WebPage\",\"@id\":\"https:\/\/gallican-montbrison.fr\/wp\/?p=9551\",\"url\":\"https:\/\/gallican-montbrison.fr\/wp\/?p=9551\",\"name\":\"Unit\u00e9 des chr\u00e9tiens 2025 .. ce samedi - Chapelle Saint Michel Archange Montbrison\",\"isPartOf\":{\"@id\":\"https:\/\/gallican-montbrison.fr\/wp\/#website\"},\"primaryImageOfPage\":{\"@id\":\"https:\/\/gallican-montbrison.fr\/wp\/?p=9551#primaryimage\"},\"image\":{\"@id\":\"https:\/\/gallican-montbrison.fr\/wp\/?p=9551#primaryimage\"},\"thumbnailUrl\":\"https:\/\/gallican-montbrison.fr\/wp\/wp-content\/uploads\/2025\/01\/Celebration-unite-et-date-724x1024.jpg\",\"datePublished\":\"2025-01-17T16:45:44+00:00\",\"dateModified\":\"2025-01-17T16:47:07+00:00\",\"author\":{\"@id\":\"https:\/\/gallican-montbrison.fr\/wp\/#\/schema\/person\/fc5571a40f7c79de2fb1b0cf72c089a4\"},\"breadcrumb\":{\"@id\":\"https:\/\/gallican-montbrison.fr\/wp\/?p=9551#breadcrumb\"},\"inLanguage\":\"fr-FR\",\"potentialAction\":[{\"@type\":\"ReadAction\",\"target\":[\"https:\/\/gallican-montbrison.fr\/wp\/?p=9551\"]}]},{\"@type\":\"ImageObject\",\"inLanguage\":\"fr-FR\",\"@id\":\"https:\/\/gallican-montbrison.fr\/wp\/?p=9551#primaryimage\",\"url\":\"https:\/\/gallican-montbrison.fr\/wp\/wp-content\/uploads\/2025\/01\/Celebration-unite-et-date.jpg\",\"contentUrl\":\"https:\/\/gallican-montbrison.fr\/wp\/wp-content\/uploads\/2025\/01\/Celebration-unite-et-date.jpg\",\"width\":1414,\"height\":2000},{\"@type\":\"BreadcrumbList\",\"@id\":\"https:\/\/gallican-montbrison.fr\/wp\/?p=9551#breadcrumb\",\"itemListElement\":[{\"@type\":\"ListItem\",\"position\":1,\"name\":\"Accueil\",\"item\":\"https:\/\/gallican-montbrison.fr\/wp\"},{\"@type\":\"ListItem\",\"position\":2,\"name\":\"Unit\u00e9 des chr\u00e9tiens 2025 .. ce samedi\"}]},{\"@type\":\"WebSite\",\"@id\":\"https:\/\/gallican-montbrison.fr\/wp\/#website\",\"url\":\"https:\/\/gallican-montbrison.fr\/wp\/\",\"name\":\"Chapelle Saint Michel Archange Montbrison\",\"description\":\"Eglise Gallicane, Tradition Apostolique de Gazinet\",\"potentialAction\":[{\"@type\":\"SearchAction\",\"target\":{\"@type\":\"EntryPoint\",\"urlTemplate\":\"https:\/\/gallican-montbrison.fr\/wp\/?s={search_term_string}\"},\"query-input\":{\"@type\":\"PropertyValueSpecification\",\"valueRequired\":true,\"valueName\":\"search_term_string\"}}],\"inLanguage\":\"fr-FR\"},{\"@type\":\"Person\",\"@id\":\"https:\/\/gallican-montbrison.fr\/wp\/#\/schema\/person\/fc5571a40f7c79de2fb1b0cf72c089a4\",\"name\":\"Colette\",\"url\":\"https:\/\/gallican-montbrison.fr\/wp\/?author=3\"}]}<\/script>\n<!-- \/ Yoast SEO plugin. -->","yoast_head_json":{"title":"Unit\u00e9 des chr\u00e9tiens 2025 .. ce samedi - Chapelle Saint Michel Archange Montbrison","robots":{"index":"index","follow":"follow","max-snippet":"max-snippet:-1","max-image-preview":"max-image-preview:large","max-video-preview":"max-video-preview:-1"},"canonical":"https:\/\/gallican-montbrison.fr\/wp\/?p=9551","og_locale":"fr_FR","og_type":"article","og_title":"Unit\u00e9 des chr\u00e9tiens 2025 .. ce samedi - Chapelle Saint Michel Archange Montbrison","og_description":"Rejoignez-nous &#8230; Semaine de l\u2019Unit\u00e9 des Chr\u00e9tiens; Cette ann\u00e9e, la c\u00e9l\u00e9bration \u0153cum\u00e9nique a \u00e9t\u00e9 pr\u00e9par\u00e9e par la communaut\u00e9 de Bose, monast\u00e8re \u0153cum\u00e9nique du nord de l\u2019Italie. F\u00eatant &nbsp;les 1700 ans du concile de Nic\u00e9e, cette c\u00e9l\u00e9bration est centr\u00e9e sur le &hellip; Continuer la lecture &rarr;","og_url":"https:\/\/gallican-montbrison.fr\/wp\/?p=9551","og_site_name":"Chapelle Saint Michel Archange Montbrison","article_publisher":"https:\/\/www.facebook.com\/people\/Eglise-Gallicane-Chapelle-Saint-Michel-Archange\/100064564306693\/","article_published_time":"2025-01-17T16:45:44+00:00","article_modified_time":"2025-01-17T16:47:07+00:00","og_image":[{"width":1414,"height":2000,"url":"https:\/\/gallican-montbrison.fr\/wp\/wp-content\/uploads\/2025\/01\/Celebration-unite-et-date.jpg","type":"image\/jpeg"}],"author":"Colette","twitter_card":"summary_large_image","twitter_misc":{"\u00c9crit par":"Colette","Dur\u00e9e de lecture estim\u00e9e":"1 minute"},"schema":{"@context":"https:\/\/schema.org","@graph":[{"@type":"WebPage","@id":"https:\/\/gallican-montbrison.fr\/wp\/?p=9551","url":"https:\/\/gallican-montbrison.fr\/wp\/?p=9551","name":"Unit\u00e9 des chr\u00e9tiens 2025 .. ce samedi - Chapelle Saint Michel Archange Montbrison","isPartOf":{"@id":"https:\/\/gallican-montbrison.fr\/wp\/#website"},"primaryImageOfPage":{"@id":"https:\/\/gallican-montbrison.fr\/wp\/?p=9551#primaryimage"},"image":{"@id":"https:\/\/gallican-montbrison.fr\/wp\/?p=9551#primaryimage"},"thumbnailUrl":"https:\/\/gallican-montbrison.fr\/wp\/wp-content\/uploads\/2025\/01\/Celebration-unite-et-date-724x1024.jpg","datePublished":"2025-01-17T16:45:44+00:00","dateModified":"2025-01-17T16:47:07+00:00","author":{"@id":"https:\/\/gallican-montbrison.fr\/wp\/#\/schema\/person\/fc5571a40f7c79de2fb1b0cf72c089a4"},"breadcrumb":{"@id":"https:\/\/gallican-montbrison.fr\/wp\/?p=9551#breadcrumb"},"inLanguage":"fr-FR","potentialAction":[{"@type":"ReadAction","target":["https:\/\/gallican-montbrison.fr\/wp\/?p=9551"]}]},{"@type":"ImageObject","inLanguage":"fr-FR","@id":"https:\/\/gallican-montbrison.fr\/wp\/?p=9551#primaryimage","url":"https:\/\/gallican-montbrison.fr\/wp\/wp-content\/uploads\/2025\/01\/Celebration-unite-et-date.jpg","contentUrl":"https:\/\/gallican-montbrison.fr\/wp\/wp-content\/uploads\/2025\/01\/Celebration-unite-et-date.jpg","width":1414,"height":2000},{"@type":"BreadcrumbList","@id":"https:\/\/gallican-montbrison.fr\/wp\/?p=9551#breadcrumb","itemListElement":[{"@type":"ListItem","position":1,"name":"Accueil","item":"https:\/\/gallican-montbrison.fr\/wp"},{"@type":"ListItem","position":2,"name":"Unit\u00e9 des chr\u00e9tiens 2025 .. ce samedi"}]},{"@type":"WebSite","@id":"https:\/\/gallican-montbrison.fr\/wp\/#website","url":"https:\/\/gallican-montbrison.fr\/wp\/","name":"Chapelle Saint Michel Archange Montbrison","description":"Eglise Gallicane, Tradition Apostolique de Gazinet","potentialAction":[{"@type":"SearchAction","target":{"@type":"EntryPoint","urlTemplate":"https:\/\/gallican-montbrison.fr\/wp\/?s={search_term_string}"},"query-input":{"@type":"PropertyValueSpecification","valueRequired":true,"valueName":"search_term_string"}}],"inLanguage":"fr-FR"},{"@type":"Person","@id":"https:\/\/gallican-montbrison.fr\/wp\/#\/schema\/person\/fc5571a40f7c79de2fb1b0cf72c089a4","name":"Colette","url":"https:\/\/gallican-montbrison.fr\/wp\/?author=3"}]}},"_links":{"self":[{"href":"https:\/\/gallican-montbrison.fr\/wp\/index.php?rest_route=\/wp\/v2\/posts\/9551"}],"collection":[{"href":"https:\/\/gallican-montbrison.fr\/wp\/index.php?rest_route=\/wp\/v2\/posts"}],"about":[{"href":"https:\/\/gallican-montbrison.fr\/wp\/index.php?rest_route=\/wp\/v2\/types\/post"}],"author":[{"embeddable":true,"href":"https:\/\/gallican-montbrison.fr\/wp\/index.php?rest_route=\/wp\/v2\/users\/3"}],"replies":[{"embeddable":true,"href":"https:\/\/gallican-montbrison.fr\/wp\/index.php?rest_route=%2Fwp%2Fv2%2Fcomments&post=9551"}],"version-history":[{"count":1,"href":"https:\/\/gallican-montbrison.fr\/wp\/index.php?rest_route=\/wp\/v2\/posts\/9551\/revisions"}],"predecessor-version":[{"id":9554,"href":"https:\/\/gallican-montbrison.fr\/wp\/index.php?rest_route=\/wp\/v2\/posts\/9551\/revisions\/9554"}],"wp:attachment":[{"href":"https:\/\/gallican-montbrison.fr\/wp\/index.php?rest_route=%2Fwp%2Fv2%2Fmedia&parent=9551"}],"wp:term":[{"taxonomy":"category","embeddable":true,"href":"https:\/\/gallican-montbrison.fr\/wp\/index.php?rest_route=%2Fwp%2Fv2%2Fcategories&post=9551"},{"taxonomy":"post_tag","embeddable":true,"href":"https:\/\/gallican-montbrison.fr\/wp\/index.php?rest_route=%2Fwp%2Fv2%2Ftags&post=9551"}],"curies":[{"name":"wp","href":"https:\/\/api.w.org\/{rel}","templated":true}]}}