{"id":9574,"date":"2025-01-28T22:52:02","date_gmt":"2025-01-28T21:52:02","guid":{"rendered":"https:\/\/gallican-montbrison.fr\/wp\/?p=9574"},"modified":"2025-01-28T22:53:56","modified_gmt":"2025-01-28T21:53:56","slug":"la-foi-guerit","status":"publish","type":"post","link":"https:\/\/gallican-montbrison.fr\/wp\/?p=9574","title":{"rendered":"La Foi gu\u00e9rit !"},"content":{"rendered":"\n<figure class=\"wp-block-audio\"><audio controls src=\"https:\/\/gallican-montbrison.fr\/wp\/wp-content\/uploads\/2025\/01\/5-homelie-3e-dim-ap-Epiphanie-2025.mp3\"><\/audio><\/figure>\n\n\n\n<p class=\"has-text-align-center\">Hom\u00e9lie 3e Dimanche apr\u00e8s l&rsquo;\u00e9piphanie<\/p>\n\n\n<div class=\"wp-block-image\">\n<figure class=\"alignleft size-full is-resized\"><a href=\"https:\/\/gallican-montbrison.fr\/wp\/wp-content\/uploads\/2025\/01\/centurion.jpg\"><img loading=\"lazy\" decoding=\"async\" width=\"752\" height=\"950\" src=\"https:\/\/gallican-montbrison.fr\/wp\/wp-content\/uploads\/2025\/01\/centurion.jpg\" alt=\"\" class=\"wp-image-9576\" style=\"width:252px;height:auto\" srcset=\"https:\/\/gallican-montbrison.fr\/wp\/wp-content\/uploads\/2025\/01\/centurion.jpg 752w, https:\/\/gallican-montbrison.fr\/wp\/wp-content\/uploads\/2025\/01\/centurion-237x300.jpg 237w\" sizes=\"(max-width: 752px) 100vw, 752px\" \/><\/a><\/figure><\/div>\n\n\n<p><strong>Ep\u00eetre: St Paul aux Romains (12,16-21)<\/strong><\/p>\n\n\n\n<p>Vivez en bon accord les uns avec les autres. N\u2019ayez pas la folie des grandeurs, mais acceptez des t\u00e2ches modestes. Ne vous prenez pas pour des sages.<\/p>\n\n\n\n<p>Ne rendez \u00e0 personne le mal pour le mal. Efforcez-vous de faire le bien devant tous les hommes.&nbsp;S\u2019il est possible, et dans la mesure o\u00f9 cela d\u00e9pend de vous, vivez en paix avec tous les hommes.&nbsp;Mes chers amis, ne vous vengez pas vous-m\u00eames, mais laissez agir la col\u00e8re de Dieu, car l\u2019\u00c9criture d\u00e9clare&nbsp;: \u00ab&nbsp;C\u2019est moi qui tirerai vengeance, c\u2019est moi qui paierai de retour,&nbsp;\u00bb dit le Seigneur.&nbsp;Et aussi&nbsp;: \u00ab&nbsp;Si ton ennemi a faim, donne-lui \u00e0 manger&nbsp;; s\u2019il a soif, donne-lui \u00e0 boire&nbsp;; car, en agissant ainsi, ce sera comme si tu amassais des charbons ardents sur sa t\u00eate.&nbsp;\u00bb&nbsp;Ne te laisse pas vaincre par le mal. Sois au contraire vainqueur du mal par le bien.<\/p>\n\n\n\n<p><strong>Evangile : St Matthieu (8, 1-13)<\/strong><\/p>\n\n\n\n<p>J\u00e9sus descendit de la montagne et une foule de gens le suivirent.&nbsp;Alors un l\u00e9preux s\u2019approcha, se mit \u00e0 genoux devant lui et dit&nbsp;: \u00ab&nbsp;Ma\u00eetre, si tu le veux, tu peux me rendre pur.&nbsp;\u00bb J\u00e9sus \u00e9tendit la main, le toucha et d\u00e9clara&nbsp;: \u00ab&nbsp;Je le veux, sois pur&nbsp;!&nbsp;\u00bb Aussit\u00f4t, l\u2019homme fut purifi\u00e9 de sa l\u00e8pre.&nbsp;Puis J\u00e9sus lui dit&nbsp;: \u00ab&nbsp;\u00c9coute bien&nbsp;: ne parle de cela \u00e0 personne. Mais va te faire examiner par le pr\u00eatre, puis offre le sacrifice que Mo\u00efse a ordonn\u00e9, pour prouver \u00e0 tous que tu es gu\u00e9ri.&nbsp;\u00bb<\/p>\n\n\n\n<p>Au moment o\u00f9 J\u00e9sus entrait dans Caperna\u00fcm, un capitaine romain s\u2019approcha et lui demanda son aide&nbsp;en ces termes&nbsp;: \u00ab&nbsp;Ma\u00eetre, mon serviteur est couch\u00e9 \u00e0 la maison, il est paralys\u00e9 et souffre terriblement.&nbsp;\u00bb&nbsp;J\u00e9sus lui dit&nbsp;: \u00ab&nbsp;J\u2019y vais et je le gu\u00e9rirai.&nbsp;\u00bb&nbsp;Mais le capitaine r\u00e9pondit&nbsp;: \u00ab&nbsp;Ma\u00eetre, je ne suis pas digne que tu entres dans ma maison. Mais il suffit que tu dises un mot et mon serviteur sera gu\u00e9ri.&nbsp;Je suis moi-m\u00eame soumis \u00e0 mes sup\u00e9rieurs et j\u2019ai des soldats sous mes ordres. Si je dis \u00e0 l\u2019un&nbsp;: \u00abVa&nbsp;!\u00bb, il va&nbsp;; si je dis \u00e0 un autre&nbsp;: \u00abViens&nbsp;!\u00bb, il vient&nbsp;; et si je dis \u00e0 mon serviteur&nbsp;: \u00abFais ceci&nbsp;!\u00bb, il le fait.&nbsp;\u00bb&nbsp;Quand J\u00e9sus entendit ces mots, il fut dans l\u2019admiration et dit \u00e0 ceux qui le suivaient&nbsp;: \u00ab&nbsp;Je vous le d\u00e9clare, c\u2019est la v\u00e9rit\u00e9&nbsp;: je n\u2019ai trouv\u00e9 une telle foi chez personne en Isra\u00ebl.&nbsp;&nbsp;Je vous l\u2019affirme, beaucoup viendront de l\u2019est et de l\u2019ouest et prendront place \u00e0 table dans le Royaume des cieux avec Abraham, Isaac et Jacob.&nbsp;Mais ceux qui \u00e9taient destin\u00e9s au Royaume seront jet\u00e9s dehors, dans le noir, o\u00f9 ils pleureront et grinceront des dents.&nbsp;\u00bb<\/p>\n\n\n\n<p>Puis J\u00e9sus dit au capitaine&nbsp;: \u00ab&nbsp;Retourne chez toi, Dieu t\u2019accorde ce que tu as demand\u00e9 avec foi&nbsp;!&nbsp;\u00bb Et le serviteur du capitaine fut gu\u00e9ri \u00e0 ce moment m\u00eame.<\/p>\n","protected":false},"excerpt":{"rendered":"<p>Hom\u00e9lie 3e Dimanche apr\u00e8s l&rsquo;\u00e9piphanie Ep\u00eetre: St Paul aux Romains (12,16-21) Vivez en bon accord les uns avec les autres. N\u2019ayez pas la folie des grandeurs, mais acceptez des t\u00e2ches modestes. Ne vous prenez pas pour des sages. Ne rendez &hellip; <a href=\"https:\/\/gallican-montbrison.fr\/wp\/?p=9574\">Continuer la lecture <span class=\"meta-nav\">&rarr;<\/span><\/a><\/p>\n","protected":false},"author":3,"featured_media":0,"comment_status":"closed","ping_status":"open","sticky":false,"template":"","format":"standard","meta":{"footnotes":""},"categories":[4,5],"tags":[100,88,27,26,70,138,52,87],"class_list":["post-9574","post","type-post","status-publish","format-standard","hentry","category-homelies","category-vie-de-la-chapelle","tag-bapteme","tag-benediction","tag-celebration","tag-chapelle","tag-eglise","tag-eglise-gallicane","tag-evangile","tag-mariage"],"yoast_head":"<!-- This site is optimized with the Yoast SEO plugin v25.6 - https:\/\/yoast.com\/wordpress\/plugins\/seo\/ -->\n<title>La Foi gu\u00e9rit ! - Chapelle Saint Michel Archange Montbrison<\/title>\n<meta name=\"robots\" content=\"index, follow, max-snippet:-1, max-image-preview:large, max-video-preview:-1\" \/>\n<link rel=\"canonical\" href=\"https:\/\/gallican-montbrison.fr\/wp\/?p=9574\" \/>\n<meta property=\"og:locale\" content=\"fr_FR\" \/>\n<meta property=\"og:type\" content=\"article\" \/>\n<meta property=\"og:title\" content=\"La Foi gu\u00e9rit ! - Chapelle Saint Michel Archange Montbrison\" \/>\n<meta property=\"og:description\" content=\"Hom\u00e9lie 3e Dimanche apr\u00e8s l&rsquo;\u00e9piphanie Ep\u00eetre: St Paul aux Romains (12,16-21) Vivez en bon accord les uns avec les autres. N\u2019ayez pas la folie des grandeurs, mais acceptez des t\u00e2ches modestes. Ne vous prenez pas pour des sages. Ne rendez &hellip; Continuer la lecture &rarr;\" \/>\n<meta property=\"og:url\" content=\"https:\/\/gallican-montbrison.fr\/wp\/?p=9574\" \/>\n<meta property=\"og:site_name\" content=\"Chapelle Saint Michel Archange Montbrison\" \/>\n<meta property=\"article:publisher\" content=\"https:\/\/www.facebook.com\/people\/Eglise-Gallicane-Chapelle-Saint-Michel-Archange\/100064564306693\/\" \/>\n<meta property=\"article:published_time\" content=\"2025-01-28T21:52:02+00:00\" \/>\n<meta property=\"article:modified_time\" content=\"2025-01-28T21:53:56+00:00\" \/>\n<meta property=\"og:image\" content=\"https:\/\/gallican-montbrison.fr\/wp\/wp-content\/uploads\/2025\/01\/centurion.jpg\" \/>\n\t<meta property=\"og:image:width\" content=\"752\" \/>\n\t<meta property=\"og:image:height\" content=\"950\" \/>\n\t<meta property=\"og:image:type\" content=\"image\/jpeg\" \/>\n<meta name=\"author\" content=\"Colette\" \/>\n<meta name=\"twitter:card\" content=\"summary_large_image\" \/>\n<meta name=\"twitter:label1\" content=\"\u00c9crit par\" \/>\n\t<meta name=\"twitter:data1\" content=\"Colette\" \/>\n\t<meta name=\"twitter:label2\" content=\"Dur\u00e9e de lecture estim\u00e9e\" \/>\n\t<meta name=\"twitter:data2\" content=\"3 minutes\" \/>\n<script type=\"application\/ld+json\" class=\"yoast-schema-graph\">{\"@context\":\"https:\/\/schema.org\",\"@graph\":[{\"@type\":\"WebPage\",\"@id\":\"https:\/\/gallican-montbrison.fr\/wp\/?p=9574\",\"url\":\"https:\/\/gallican-montbrison.fr\/wp\/?p=9574\",\"name\":\"La Foi gu\u00e9rit ! - Chapelle Saint Michel Archange Montbrison\",\"isPartOf\":{\"@id\":\"https:\/\/gallican-montbrison.fr\/wp\/#website\"},\"primaryImageOfPage\":{\"@id\":\"https:\/\/gallican-montbrison.fr\/wp\/?p=9574#primaryimage\"},\"image\":{\"@id\":\"https:\/\/gallican-montbrison.fr\/wp\/?p=9574#primaryimage\"},\"thumbnailUrl\":\"https:\/\/gallican-montbrison.fr\/wp\/wp-content\/uploads\/2025\/01\/centurion.jpg\",\"datePublished\":\"2025-01-28T21:52:02+00:00\",\"dateModified\":\"2025-01-28T21:53:56+00:00\",\"author\":{\"@id\":\"https:\/\/gallican-montbrison.fr\/wp\/#\/schema\/person\/fc5571a40f7c79de2fb1b0cf72c089a4\"},\"breadcrumb\":{\"@id\":\"https:\/\/gallican-montbrison.fr\/wp\/?p=9574#breadcrumb\"},\"inLanguage\":\"fr-FR\",\"potentialAction\":[{\"@type\":\"ReadAction\",\"target\":[\"https:\/\/gallican-montbrison.fr\/wp\/?p=9574\"]}]},{\"@type\":\"ImageObject\",\"inLanguage\":\"fr-FR\",\"@id\":\"https:\/\/gallican-montbrison.fr\/wp\/?p=9574#primaryimage\",\"url\":\"https:\/\/gallican-montbrison.fr\/wp\/wp-content\/uploads\/2025\/01\/centurion.jpg\",\"contentUrl\":\"https:\/\/gallican-montbrison.fr\/wp\/wp-content\/uploads\/2025\/01\/centurion.jpg\"},{\"@type\":\"BreadcrumbList\",\"@id\":\"https:\/\/gallican-montbrison.fr\/wp\/?p=9574#breadcrumb\",\"itemListElement\":[{\"@type\":\"ListItem\",\"position\":1,\"name\":\"Accueil\",\"item\":\"https:\/\/gallican-montbrison.fr\/wp\"},{\"@type\":\"ListItem\",\"position\":2,\"name\":\"La Foi gu\u00e9rit !\"}]},{\"@type\":\"WebSite\",\"@id\":\"https:\/\/gallican-montbrison.fr\/wp\/#website\",\"url\":\"https:\/\/gallican-montbrison.fr\/wp\/\",\"name\":\"Chapelle Saint Michel Archange Montbrison\",\"description\":\"Eglise Gallicane, Tradition Apostolique de Gazinet\",\"potentialAction\":[{\"@type\":\"SearchAction\",\"target\":{\"@type\":\"EntryPoint\",\"urlTemplate\":\"https:\/\/gallican-montbrison.fr\/wp\/?s={search_term_string}\"},\"query-input\":{\"@type\":\"PropertyValueSpecification\",\"valueRequired\":true,\"valueName\":\"search_term_string\"}}],\"inLanguage\":\"fr-FR\"},{\"@type\":\"Person\",\"@id\":\"https:\/\/gallican-montbrison.fr\/wp\/#\/schema\/person\/fc5571a40f7c79de2fb1b0cf72c089a4\",\"name\":\"Colette\",\"url\":\"https:\/\/gallican-montbrison.fr\/wp\/?author=3\"}]}<\/script>\n<!-- \/ Yoast SEO plugin. -->","yoast_head_json":{"title":"La Foi gu\u00e9rit ! - Chapelle Saint Michel Archange Montbrison","robots":{"index":"index","follow":"follow","max-snippet":"max-snippet:-1","max-image-preview":"max-image-preview:large","max-video-preview":"max-video-preview:-1"},"canonical":"https:\/\/gallican-montbrison.fr\/wp\/?p=9574","og_locale":"fr_FR","og_type":"article","og_title":"La Foi gu\u00e9rit ! - Chapelle Saint Michel Archange Montbrison","og_description":"Hom\u00e9lie 3e Dimanche apr\u00e8s l&rsquo;\u00e9piphanie Ep\u00eetre: St Paul aux Romains (12,16-21) Vivez en bon accord les uns avec les autres. N\u2019ayez pas la folie des grandeurs, mais acceptez des t\u00e2ches modestes. Ne vous prenez pas pour des sages. Ne rendez &hellip; Continuer la lecture &rarr;","og_url":"https:\/\/gallican-montbrison.fr\/wp\/?p=9574","og_site_name":"Chapelle Saint Michel Archange Montbrison","article_publisher":"https:\/\/www.facebook.com\/people\/Eglise-Gallicane-Chapelle-Saint-Michel-Archange\/100064564306693\/","article_published_time":"2025-01-28T21:52:02+00:00","article_modified_time":"2025-01-28T21:53:56+00:00","og_image":[{"width":752,"height":950,"url":"https:\/\/gallican-montbrison.fr\/wp\/wp-content\/uploads\/2025\/01\/centurion.jpg","type":"image\/jpeg"}],"author":"Colette","twitter_card":"summary_large_image","twitter_misc":{"\u00c9crit par":"Colette","Dur\u00e9e de lecture estim\u00e9e":"3 minutes"},"schema":{"@context":"https:\/\/schema.org","@graph":[{"@type":"WebPage","@id":"https:\/\/gallican-montbrison.fr\/wp\/?p=9574","url":"https:\/\/gallican-montbrison.fr\/wp\/?p=9574","name":"La Foi gu\u00e9rit ! - Chapelle Saint Michel Archange Montbrison","isPartOf":{"@id":"https:\/\/gallican-montbrison.fr\/wp\/#website"},"primaryImageOfPage":{"@id":"https:\/\/gallican-montbrison.fr\/wp\/?p=9574#primaryimage"},"image":{"@id":"https:\/\/gallican-montbrison.fr\/wp\/?p=9574#primaryimage"},"thumbnailUrl":"https:\/\/gallican-montbrison.fr\/wp\/wp-content\/uploads\/2025\/01\/centurion.jpg","datePublished":"2025-01-28T21:52:02+00:00","dateModified":"2025-01-28T21:53:56+00:00","author":{"@id":"https:\/\/gallican-montbrison.fr\/wp\/#\/schema\/person\/fc5571a40f7c79de2fb1b0cf72c089a4"},"breadcrumb":{"@id":"https:\/\/gallican-montbrison.fr\/wp\/?p=9574#breadcrumb"},"inLanguage":"fr-FR","potentialAction":[{"@type":"ReadAction","target":["https:\/\/gallican-montbrison.fr\/wp\/?p=9574"]}]},{"@type":"ImageObject","inLanguage":"fr-FR","@id":"https:\/\/gallican-montbrison.fr\/wp\/?p=9574#primaryimage","url":"https:\/\/gallican-montbrison.fr\/wp\/wp-content\/uploads\/2025\/01\/centurion.jpg","contentUrl":"https:\/\/gallican-montbrison.fr\/wp\/wp-content\/uploads\/2025\/01\/centurion.jpg"},{"@type":"BreadcrumbList","@id":"https:\/\/gallican-montbrison.fr\/wp\/?p=9574#breadcrumb","itemListElement":[{"@type":"ListItem","position":1,"name":"Accueil","item":"https:\/\/gallican-montbrison.fr\/wp"},{"@type":"ListItem","position":2,"name":"La Foi gu\u00e9rit !"}]},{"@type":"WebSite","@id":"https:\/\/gallican-montbrison.fr\/wp\/#website","url":"https:\/\/gallican-montbrison.fr\/wp\/","name":"Chapelle Saint Michel Archange Montbrison","description":"Eglise Gallicane, Tradition Apostolique de Gazinet","potentialAction":[{"@type":"SearchAction","target":{"@type":"EntryPoint","urlTemplate":"https:\/\/gallican-montbrison.fr\/wp\/?s={search_term_string}"},"query-input":{"@type":"PropertyValueSpecification","valueRequired":true,"valueName":"search_term_string"}}],"inLanguage":"fr-FR"},{"@type":"Person","@id":"https:\/\/gallican-montbrison.fr\/wp\/#\/schema\/person\/fc5571a40f7c79de2fb1b0cf72c089a4","name":"Colette","url":"https:\/\/gallican-montbrison.fr\/wp\/?author=3"}]}},"_links":{"self":[{"href":"https:\/\/gallican-montbrison.fr\/wp\/index.php?rest_route=\/wp\/v2\/posts\/9574"}],"collection":[{"href":"https:\/\/gallican-montbrison.fr\/wp\/index.php?rest_route=\/wp\/v2\/posts"}],"about":[{"href":"https:\/\/gallican-montbrison.fr\/wp\/index.php?rest_route=\/wp\/v2\/types\/post"}],"author":[{"embeddable":true,"href":"https:\/\/gallican-montbrison.fr\/wp\/index.php?rest_route=\/wp\/v2\/users\/3"}],"replies":[{"embeddable":true,"href":"https:\/\/gallican-montbrison.fr\/wp\/index.php?rest_route=%2Fwp%2Fv2%2Fcomments&post=9574"}],"version-history":[{"count":1,"href":"https:\/\/gallican-montbrison.fr\/wp\/index.php?rest_route=\/wp\/v2\/posts\/9574\/revisions"}],"predecessor-version":[{"id":9577,"href":"https:\/\/gallican-montbrison.fr\/wp\/index.php?rest_route=\/wp\/v2\/posts\/9574\/revisions\/9577"}],"wp:attachment":[{"href":"https:\/\/gallican-montbrison.fr\/wp\/index.php?rest_route=%2Fwp%2Fv2%2Fmedia&parent=9574"}],"wp:term":[{"taxonomy":"category","embeddable":true,"href":"https:\/\/gallican-montbrison.fr\/wp\/index.php?rest_route=%2Fwp%2Fv2%2Fcategories&post=9574"},{"taxonomy":"post_tag","embeddable":true,"href":"https:\/\/gallican-montbrison.fr\/wp\/index.php?rest_route=%2Fwp%2Fv2%2Ftags&post=9574"}],"curies":[{"name":"wp","href":"https:\/\/api.w.org\/{rel}","templated":true}]}}