{"id":9623,"date":"2025-03-14T12:38:50","date_gmt":"2025-03-14T11:38:50","guid":{"rendered":"https:\/\/gallican-montbrison.fr\/wp\/?p=9623"},"modified":"2025-08-16T12:42:20","modified_gmt":"2025-08-16T10:42:20","slug":"rcf-sur-paroles-eglise-chapelle","status":"publish","type":"post","link":"https:\/\/gallican-montbrison.fr\/wp\/?p=9623","title":{"rendered":"RCF :  \u00ab\u00a0Sur paroles\u00a0\u00bb Eglise &amp; chapelle"},"content":{"rendered":"<div class=\"wp-block-image\">\n<figure class=\"alignleft size-full is-resized\"><a href=\"https:\/\/gallican-montbrison.fr\/wp\/wp-content\/uploads\/2025\/03\/Capture-decran-2025-03-14-a-12.14.53.png\"><img loading=\"lazy\" decoding=\"async\" width=\"238\" height=\"130\" src=\"https:\/\/gallican-montbrison.fr\/wp\/wp-content\/uploads\/2025\/03\/Capture-decran-2025-03-14-a-12.14.53.png\" alt=\"\" class=\"wp-image-9624\" style=\"width:156px;height:auto\"\/><\/a><\/figure><\/div>\n\n\n<p>Une nouvelle fois la Radio Chr\u00e9tienne ind\u00e9pendante et oecum\u00e9nique RCF a souhait\u00e9 la pr\u00e9sence de P\u00e8re Robert pour son \u00e9mission \u00ab\u00a0Sur Paroles\u00a0\u00bb diffus\u00e9e chaque matin sur les ondes. Cette \u00e9mission met en lumi\u00e8re et retrace le parcours particulier des personnes interview\u00e9es.<\/p>\n\n\n\n<p>Robert a donc encore r\u00e9pondu pr\u00e9sent ! &#8230; nous sommes toujours l\u00e0 lorsqu&rsquo;il s&rsquo;agit de t\u00e9moigner de notre Eglise, de notre parcours de Foi et de notre chapelle. Cela permet d&rsquo;\u00e9largir le nombre de celles et ceux qui connaissent l&rsquo;Eglise et qui l&rsquo;appr\u00e9cient.<\/p>\n\n\n\n<figure class=\"wp-block-audio\"><audio controls src=\"https:\/\/gallican-montbrison.fr\/wp\/wp-content\/uploads\/2025\/03\/RCF-Sur-parole-13-03-2025.mp3\"><\/audio><\/figure>\n\n\n\n<figure class=\"wp-block-gallery has-nested-images columns-default is-cropped wp-block-gallery-1 is-layout-flex wp-block-gallery-is-layout-flex\">\n<figure class=\"wp-block-image size-large\"><a href=\"https:\/\/gallican-montbrison.fr\/wp\/wp-content\/uploads\/2025\/03\/Capture-decran-2025-03-14-a-12.14.30.png\"><img loading=\"lazy\" decoding=\"async\" width=\"1024\" height=\"616\" data-id=\"9625\" src=\"https:\/\/gallican-montbrison.fr\/wp\/wp-content\/uploads\/2025\/03\/Capture-decran-2025-03-14-a-12.14.30-1024x616.png\" alt=\"\" class=\"wp-image-9625\" srcset=\"https:\/\/gallican-montbrison.fr\/wp\/wp-content\/uploads\/2025\/03\/Capture-decran-2025-03-14-a-12.14.30-1024x616.png 1024w, https:\/\/gallican-montbrison.fr\/wp\/wp-content\/uploads\/2025\/03\/Capture-decran-2025-03-14-a-12.14.30-300x180.png 300w, https:\/\/gallican-montbrison.fr\/wp\/wp-content\/uploads\/2025\/03\/Capture-decran-2025-03-14-a-12.14.30-768x462.png 768w, https:\/\/gallican-montbrison.fr\/wp\/wp-content\/uploads\/2025\/03\/Capture-decran-2025-03-14-a-12.14.30-1536x924.png 1536w, https:\/\/gallican-montbrison.fr\/wp\/wp-content\/uploads\/2025\/03\/Capture-decran-2025-03-14-a-12.14.30-2048x1232.png 2048w\" sizes=\"(max-width: 1024px) 100vw, 1024px\" \/><\/a><\/figure>\n<\/figure>\n","protected":false},"excerpt":{"rendered":"<p>Une nouvelle fois la Radio Chr\u00e9tienne ind\u00e9pendante et oecum\u00e9nique RCF a souhait\u00e9 la pr\u00e9sence de P\u00e8re Robert pour son \u00e9mission \u00ab\u00a0Sur Paroles\u00a0\u00bb diffus\u00e9e chaque matin sur les ondes. Cette \u00e9mission met en lumi\u00e8re et retrace le parcours particulier des personnes &hellip; <a href=\"https:\/\/gallican-montbrison.fr\/wp\/?p=9623\">Continuer la lecture <span class=\"meta-nav\">&rarr;<\/span><\/a><\/p>\n","protected":false},"author":3,"featured_media":0,"comment_status":"closed","ping_status":"open","sticky":false,"template":"","format":"standard","meta":{"footnotes":""},"categories":[9,3,5],"tags":[100,88,27,26,70,138,52,87,17,180],"class_list":["post-9623","post","type-post","status-publish","format-standard","hentry","category-la-presse-en-parle","category-oecumenisme","category-vie-de-la-chapelle","tag-bapteme","tag-benediction","tag-celebration","tag-chapelle","tag-eglise","tag-eglise-gallicane","tag-evangile","tag-mariage","tag-oecumenisme-2","tag-remariage"],"yoast_head":"<!-- This site is optimized with the Yoast SEO plugin v25.6 - https:\/\/yoast.com\/wordpress\/plugins\/seo\/ -->\n<title>RCF : &quot;Sur paroles&quot; Eglise &amp; chapelle - Chapelle Saint Michel Archange Montbrison<\/title>\n<meta name=\"robots\" content=\"index, follow, max-snippet:-1, max-image-preview:large, max-video-preview:-1\" \/>\n<link rel=\"canonical\" href=\"https:\/\/gallican-montbrison.fr\/wp\/?p=9623\" \/>\n<meta property=\"og:locale\" content=\"fr_FR\" \/>\n<meta property=\"og:type\" content=\"article\" \/>\n<meta property=\"og:title\" content=\"RCF : &quot;Sur paroles&quot; Eglise &amp; chapelle - Chapelle Saint Michel Archange Montbrison\" \/>\n<meta property=\"og:description\" content=\"Une nouvelle fois la Radio Chr\u00e9tienne ind\u00e9pendante et oecum\u00e9nique RCF a souhait\u00e9 la pr\u00e9sence de P\u00e8re Robert pour son \u00e9mission \u00ab\u00a0Sur Paroles\u00a0\u00bb diffus\u00e9e chaque matin sur les ondes. Cette \u00e9mission met en lumi\u00e8re et retrace le parcours particulier des personnes &hellip; Continuer la lecture &rarr;\" \/>\n<meta property=\"og:url\" content=\"https:\/\/gallican-montbrison.fr\/wp\/?p=9623\" \/>\n<meta property=\"og:site_name\" content=\"Chapelle Saint Michel Archange Montbrison\" \/>\n<meta property=\"article:publisher\" content=\"https:\/\/www.facebook.com\/people\/Eglise-Gallicane-Chapelle-Saint-Michel-Archange\/100064564306693\/\" \/>\n<meta property=\"article:published_time\" content=\"2025-03-14T11:38:50+00:00\" \/>\n<meta property=\"article:modified_time\" content=\"2025-08-16T10:42:20+00:00\" \/>\n<meta property=\"og:image\" content=\"https:\/\/gallican-montbrison.fr\/wp\/wp-content\/uploads\/2025\/03\/Capture-decran-2025-03-14-a-12.14.53.png\" \/>\n\t<meta property=\"og:image:width\" content=\"238\" \/>\n\t<meta property=\"og:image:height\" content=\"130\" \/>\n\t<meta property=\"og:image:type\" content=\"image\/png\" \/>\n<meta name=\"author\" content=\"Colette\" \/>\n<meta name=\"twitter:card\" content=\"summary_large_image\" \/>\n<meta name=\"twitter:label1\" content=\"\u00c9crit par\" \/>\n\t<meta name=\"twitter:data1\" content=\"Colette\" \/>\n\t<meta name=\"twitter:label2\" content=\"Dur\u00e9e de lecture estim\u00e9e\" \/>\n\t<meta name=\"twitter:data2\" content=\"1 minute\" \/>\n<script type=\"application\/ld+json\" class=\"yoast-schema-graph\">{\"@context\":\"https:\/\/schema.org\",\"@graph\":[{\"@type\":\"WebPage\",\"@id\":\"https:\/\/gallican-montbrison.fr\/wp\/?p=9623\",\"url\":\"https:\/\/gallican-montbrison.fr\/wp\/?p=9623\",\"name\":\"RCF : \\\"Sur paroles\\\" Eglise &amp; chapelle - Chapelle Saint Michel Archange Montbrison\",\"isPartOf\":{\"@id\":\"https:\/\/gallican-montbrison.fr\/wp\/#website\"},\"primaryImageOfPage\":{\"@id\":\"https:\/\/gallican-montbrison.fr\/wp\/?p=9623#primaryimage\"},\"image\":{\"@id\":\"https:\/\/gallican-montbrison.fr\/wp\/?p=9623#primaryimage\"},\"thumbnailUrl\":\"https:\/\/gallican-montbrison.fr\/wp\/wp-content\/uploads\/2025\/03\/Capture-decran-2025-03-14-a-12.14.53.png\",\"datePublished\":\"2025-03-14T11:38:50+00:00\",\"dateModified\":\"2025-08-16T10:42:20+00:00\",\"author\":{\"@id\":\"https:\/\/gallican-montbrison.fr\/wp\/#\/schema\/person\/fc5571a40f7c79de2fb1b0cf72c089a4\"},\"breadcrumb\":{\"@id\":\"https:\/\/gallican-montbrison.fr\/wp\/?p=9623#breadcrumb\"},\"inLanguage\":\"fr-FR\",\"potentialAction\":[{\"@type\":\"ReadAction\",\"target\":[\"https:\/\/gallican-montbrison.fr\/wp\/?p=9623\"]}]},{\"@type\":\"ImageObject\",\"inLanguage\":\"fr-FR\",\"@id\":\"https:\/\/gallican-montbrison.fr\/wp\/?p=9623#primaryimage\",\"url\":\"https:\/\/gallican-montbrison.fr\/wp\/wp-content\/uploads\/2025\/03\/Capture-decran-2025-03-14-a-12.14.53.png\",\"contentUrl\":\"https:\/\/gallican-montbrison.fr\/wp\/wp-content\/uploads\/2025\/03\/Capture-decran-2025-03-14-a-12.14.53.png\"},{\"@type\":\"BreadcrumbList\",\"@id\":\"https:\/\/gallican-montbrison.fr\/wp\/?p=9623#breadcrumb\",\"itemListElement\":[{\"@type\":\"ListItem\",\"position\":1,\"name\":\"Accueil\",\"item\":\"https:\/\/gallican-montbrison.fr\/wp\"},{\"@type\":\"ListItem\",\"position\":2,\"name\":\"RCF : \u00ab\u00a0Sur paroles\u00a0\u00bb Eglise &amp; chapelle\"}]},{\"@type\":\"WebSite\",\"@id\":\"https:\/\/gallican-montbrison.fr\/wp\/#website\",\"url\":\"https:\/\/gallican-montbrison.fr\/wp\/\",\"name\":\"Chapelle Saint Michel Archange Montbrison\",\"description\":\"Eglise Gallicane, Tradition Apostolique de Gazinet\",\"potentialAction\":[{\"@type\":\"SearchAction\",\"target\":{\"@type\":\"EntryPoint\",\"urlTemplate\":\"https:\/\/gallican-montbrison.fr\/wp\/?s={search_term_string}\"},\"query-input\":{\"@type\":\"PropertyValueSpecification\",\"valueRequired\":true,\"valueName\":\"search_term_string\"}}],\"inLanguage\":\"fr-FR\"},{\"@type\":\"Person\",\"@id\":\"https:\/\/gallican-montbrison.fr\/wp\/#\/schema\/person\/fc5571a40f7c79de2fb1b0cf72c089a4\",\"name\":\"Colette\",\"url\":\"https:\/\/gallican-montbrison.fr\/wp\/?author=3\"}]}<\/script>\n<!-- \/ Yoast SEO plugin. -->","yoast_head_json":{"title":"RCF : \"Sur paroles\" Eglise &amp; chapelle - Chapelle Saint Michel Archange Montbrison","robots":{"index":"index","follow":"follow","max-snippet":"max-snippet:-1","max-image-preview":"max-image-preview:large","max-video-preview":"max-video-preview:-1"},"canonical":"https:\/\/gallican-montbrison.fr\/wp\/?p=9623","og_locale":"fr_FR","og_type":"article","og_title":"RCF : \"Sur paroles\" Eglise &amp; chapelle - Chapelle Saint Michel Archange Montbrison","og_description":"Une nouvelle fois la Radio Chr\u00e9tienne ind\u00e9pendante et oecum\u00e9nique RCF a souhait\u00e9 la pr\u00e9sence de P\u00e8re Robert pour son \u00e9mission \u00ab\u00a0Sur Paroles\u00a0\u00bb diffus\u00e9e chaque matin sur les ondes. Cette \u00e9mission met en lumi\u00e8re et retrace le parcours particulier des personnes &hellip; Continuer la lecture &rarr;","og_url":"https:\/\/gallican-montbrison.fr\/wp\/?p=9623","og_site_name":"Chapelle Saint Michel Archange Montbrison","article_publisher":"https:\/\/www.facebook.com\/people\/Eglise-Gallicane-Chapelle-Saint-Michel-Archange\/100064564306693\/","article_published_time":"2025-03-14T11:38:50+00:00","article_modified_time":"2025-08-16T10:42:20+00:00","og_image":[{"width":238,"height":130,"url":"https:\/\/gallican-montbrison.fr\/wp\/wp-content\/uploads\/2025\/03\/Capture-decran-2025-03-14-a-12.14.53.png","type":"image\/png"}],"author":"Colette","twitter_card":"summary_large_image","twitter_misc":{"\u00c9crit par":"Colette","Dur\u00e9e de lecture estim\u00e9e":"1 minute"},"schema":{"@context":"https:\/\/schema.org","@graph":[{"@type":"WebPage","@id":"https:\/\/gallican-montbrison.fr\/wp\/?p=9623","url":"https:\/\/gallican-montbrison.fr\/wp\/?p=9623","name":"RCF : \"Sur paroles\" Eglise &amp; chapelle - Chapelle Saint Michel Archange Montbrison","isPartOf":{"@id":"https:\/\/gallican-montbrison.fr\/wp\/#website"},"primaryImageOfPage":{"@id":"https:\/\/gallican-montbrison.fr\/wp\/?p=9623#primaryimage"},"image":{"@id":"https:\/\/gallican-montbrison.fr\/wp\/?p=9623#primaryimage"},"thumbnailUrl":"https:\/\/gallican-montbrison.fr\/wp\/wp-content\/uploads\/2025\/03\/Capture-decran-2025-03-14-a-12.14.53.png","datePublished":"2025-03-14T11:38:50+00:00","dateModified":"2025-08-16T10:42:20+00:00","author":{"@id":"https:\/\/gallican-montbrison.fr\/wp\/#\/schema\/person\/fc5571a40f7c79de2fb1b0cf72c089a4"},"breadcrumb":{"@id":"https:\/\/gallican-montbrison.fr\/wp\/?p=9623#breadcrumb"},"inLanguage":"fr-FR","potentialAction":[{"@type":"ReadAction","target":["https:\/\/gallican-montbrison.fr\/wp\/?p=9623"]}]},{"@type":"ImageObject","inLanguage":"fr-FR","@id":"https:\/\/gallican-montbrison.fr\/wp\/?p=9623#primaryimage","url":"https:\/\/gallican-montbrison.fr\/wp\/wp-content\/uploads\/2025\/03\/Capture-decran-2025-03-14-a-12.14.53.png","contentUrl":"https:\/\/gallican-montbrison.fr\/wp\/wp-content\/uploads\/2025\/03\/Capture-decran-2025-03-14-a-12.14.53.png"},{"@type":"BreadcrumbList","@id":"https:\/\/gallican-montbrison.fr\/wp\/?p=9623#breadcrumb","itemListElement":[{"@type":"ListItem","position":1,"name":"Accueil","item":"https:\/\/gallican-montbrison.fr\/wp"},{"@type":"ListItem","position":2,"name":"RCF : \u00ab\u00a0Sur paroles\u00a0\u00bb Eglise &amp; chapelle"}]},{"@type":"WebSite","@id":"https:\/\/gallican-montbrison.fr\/wp\/#website","url":"https:\/\/gallican-montbrison.fr\/wp\/","name":"Chapelle Saint Michel Archange Montbrison","description":"Eglise Gallicane, Tradition Apostolique de Gazinet","potentialAction":[{"@type":"SearchAction","target":{"@type":"EntryPoint","urlTemplate":"https:\/\/gallican-montbrison.fr\/wp\/?s={search_term_string}"},"query-input":{"@type":"PropertyValueSpecification","valueRequired":true,"valueName":"search_term_string"}}],"inLanguage":"fr-FR"},{"@type":"Person","@id":"https:\/\/gallican-montbrison.fr\/wp\/#\/schema\/person\/fc5571a40f7c79de2fb1b0cf72c089a4","name":"Colette","url":"https:\/\/gallican-montbrison.fr\/wp\/?author=3"}]}},"_links":{"self":[{"href":"https:\/\/gallican-montbrison.fr\/wp\/index.php?rest_route=\/wp\/v2\/posts\/9623"}],"collection":[{"href":"https:\/\/gallican-montbrison.fr\/wp\/index.php?rest_route=\/wp\/v2\/posts"}],"about":[{"href":"https:\/\/gallican-montbrison.fr\/wp\/index.php?rest_route=\/wp\/v2\/types\/post"}],"author":[{"embeddable":true,"href":"https:\/\/gallican-montbrison.fr\/wp\/index.php?rest_route=\/wp\/v2\/users\/3"}],"replies":[{"embeddable":true,"href":"https:\/\/gallican-montbrison.fr\/wp\/index.php?rest_route=%2Fwp%2Fv2%2Fcomments&post=9623"}],"version-history":[{"count":3,"href":"https:\/\/gallican-montbrison.fr\/wp\/index.php?rest_route=\/wp\/v2\/posts\/9623\/revisions"}],"predecessor-version":[{"id":9629,"href":"https:\/\/gallican-montbrison.fr\/wp\/index.php?rest_route=\/wp\/v2\/posts\/9623\/revisions\/9629"}],"wp:attachment":[{"href":"https:\/\/gallican-montbrison.fr\/wp\/index.php?rest_route=%2Fwp%2Fv2%2Fmedia&parent=9623"}],"wp:term":[{"taxonomy":"category","embeddable":true,"href":"https:\/\/gallican-montbrison.fr\/wp\/index.php?rest_route=%2Fwp%2Fv2%2Fcategories&post=9623"},{"taxonomy":"post_tag","embeddable":true,"href":"https:\/\/gallican-montbrison.fr\/wp\/index.php?rest_route=%2Fwp%2Fv2%2Ftags&post=9623"}],"curies":[{"name":"wp","href":"https:\/\/api.w.org\/{rel}","templated":true}]}}