{"id":9733,"date":"2025-05-05T11:42:46","date_gmt":"2025-05-05T09:42:46","guid":{"rendered":"https:\/\/gallican-montbrison.fr\/wp\/?p=9733"},"modified":"2025-05-05T11:44:21","modified_gmt":"2025-05-05T09:44:21","slug":"paques-christ-ressuscite-toujours-en-nos-coeurs","status":"publish","type":"post","link":"https:\/\/gallican-montbrison.fr\/wp\/?p=9733","title":{"rendered":"P\u00e2ques : Christ ressuscit\u00e9 &#8230; toujours en nos coeurs !"},"content":{"rendered":"<div class=\"wp-block-image\">\n<figure class=\"aligncenter size-full is-resized\"><a href=\"https:\/\/gallican-montbrison.fr\/wp\/wp-content\/uploads\/2025\/04\/Capture-decran-2023-03-31-a-09.40.29.jpg\"><img loading=\"lazy\" decoding=\"async\" width=\"630\" height=\"760\" src=\"https:\/\/gallican-montbrison.fr\/wp\/wp-content\/uploads\/2025\/04\/Capture-decran-2023-03-31-a-09.40.29.jpg\" alt=\"\" class=\"wp-image-9707\" style=\"width:213px;height:auto\" srcset=\"https:\/\/gallican-montbrison.fr\/wp\/wp-content\/uploads\/2025\/04\/Capture-decran-2023-03-31-a-09.40.29.jpg 630w, https:\/\/gallican-montbrison.fr\/wp\/wp-content\/uploads\/2025\/04\/Capture-decran-2023-03-31-a-09.40.29-249x300.jpg 249w\" sizes=\"(max-width: 630px) 100vw, 630px\" \/><\/a><\/figure><\/div>\n\n\n<figure class=\"wp-block-audio\"><audio controls src=\"https:\/\/gallican-montbrison.fr\/wp\/wp-content\/uploads\/2025\/05\/14-homelie-dim-Paques-2025.mp3\"><\/audio><\/figure>\n\n\n\n<p class=\"has-text-align-center\">Hom\u00e9lie Dimanche de P\u00e2ques 2025<\/p>\n\n\n<div class=\"wp-block-image\">\n<figure class=\"alignleft size-full is-resized\"><a href=\"https:\/\/gallican-montbrison.fr\/wp\/wp-content\/uploads\/2014\/03\/cierge-pascal.jpg\"><img loading=\"lazy\" decoding=\"async\" width=\"221\" height=\"350\" src=\"https:\/\/gallican-montbrison.fr\/wp\/wp-content\/uploads\/2014\/03\/cierge-pascal.jpg\" alt=\"\" class=\"wp-image-3235\" style=\"width:117px;height:auto\" srcset=\"https:\/\/gallican-montbrison.fr\/wp\/wp-content\/uploads\/2014\/03\/cierge-pascal.jpg 221w, https:\/\/gallican-montbrison.fr\/wp\/wp-content\/uploads\/2014\/03\/cierge-pascal-189x300.jpg 189w\" sizes=\"(max-width: 221px) 100vw, 221px\" \/><\/a><\/figure><\/div>\n\n\n<p><strong>Ep\u00eetre: St Paul aux Corinthiens 1, 5, 7-8<\/strong><\/p>\n\n\n\n<p>Mes fr\u00e8res, \u00e9liminez en vous ce vieux levain pour que vous deveniez semblables \u00e0 une p\u00e2te nouvelle et sans levain. Vous l\u2019\u00eates d\u00e9j\u00e0 en r\u00e9alit\u00e9 depuis que le Christ, notre agneau pascal, a \u00e9t\u00e9 sacrifi\u00e9.&nbsp;C\u00e9l\u00e9brons donc notre f\u00eate, non pas avec du pain fait avec le vieux levain du p\u00e9ch\u00e9 et de l\u2019immoralit\u00e9, mais avec le pain sans levain de la puret\u00e9 et de la v\u00e9rit\u00e9.<\/p>\n\n\n\n<p><strong>Evangile: St Marc 16, 1-7<\/strong><\/p>\n\n\n\n<p>Quand le jour du sabbat fut pass\u00e9, Marie de Magdala, Marie m\u00e8re de Jacques, et Salom\u00e9 achet\u00e8rent des huiles parfum\u00e9es pour aller embaumer le corps de J\u00e9sus.&nbsp;Tr\u00e8s t\u00f4t le dimanche matin, au lever du soleil, elles se rendirent au tombeau.&nbsp;Elles se disaient l\u2019une \u00e0 l\u2019autre&nbsp;: \u00ab&nbsp;Qui va rouler pour nous la pierre qui ferme l\u2019entr\u00e9e du tombeau&nbsp;?&nbsp;\u00bb&nbsp;Mais quand elles regard\u00e8rent, elles virent que la pierre, qui \u00e9tait tr\u00e8s grande, avait d\u00e9j\u00e0 \u00e9t\u00e9 roul\u00e9e de c\u00f4t\u00e9.&nbsp;Elles entr\u00e8rent alors dans le tombeau&nbsp;; elles virent l\u00e0 un jeune homme, assis \u00e0 droite, qui portait une robe blanche, et elles furent effray\u00e9es.&nbsp;Mais il leur dit&nbsp;: \u00ab&nbsp;Ne soyez pas effray\u00e9es&nbsp;; vous cherchez J\u00e9sus de Nazareth, celui qu\u2019on a clou\u00e9 sur la croix&nbsp;; il est revenu de la mort \u00e0 la vie, il n\u2019est pas ici. Regardez, voici l\u2019endroit o\u00f9 on l\u2019avait d\u00e9pos\u00e9.&nbsp;Allez maintenant dire ceci \u00e0 ses disciples, y compris \u00e0 Pierre&nbsp;: \u00abIl va vous attendre en Galil\u00e9e&nbsp;; c\u2019est l\u00e0 que vous le verrez, comme il vous l\u2019a dit\u00bb.<\/p>\n\n\n\n<p><\/p>\n","protected":false},"excerpt":{"rendered":"<p>Hom\u00e9lie Dimanche de P\u00e2ques 2025 Ep\u00eetre: St Paul aux Corinthiens 1, 5, 7-8 Mes fr\u00e8res, \u00e9liminez en vous ce vieux levain pour que vous deveniez semblables \u00e0 une p\u00e2te nouvelle et sans levain. Vous l\u2019\u00eates d\u00e9j\u00e0 en r\u00e9alit\u00e9 depuis que &hellip; <a href=\"https:\/\/gallican-montbrison.fr\/wp\/?p=9733\">Continuer la lecture <span class=\"meta-nav\">&rarr;<\/span><\/a><\/p>\n","protected":false},"author":3,"featured_media":0,"comment_status":"closed","ping_status":"open","sticky":false,"template":"","format":"standard","meta":{"footnotes":""},"categories":[4,5],"tags":[100,88,27,26,70,138,52,87,17,83,180],"class_list":["post-9733","post","type-post","status-publish","format-standard","hentry","category-homelies","category-vie-de-la-chapelle","tag-bapteme","tag-benediction","tag-celebration","tag-chapelle","tag-eglise","tag-eglise-gallicane","tag-evangile","tag-mariage","tag-oecumenisme-2","tag-paques","tag-remariage"],"yoast_head":"<!-- This site is optimized with the Yoast SEO plugin v25.6 - https:\/\/yoast.com\/wordpress\/plugins\/seo\/ -->\n<title>P\u00e2ques : Christ ressuscit\u00e9 ... toujours en nos coeurs ! - Chapelle Saint Michel Archange Montbrison<\/title>\n<meta name=\"robots\" content=\"index, follow, max-snippet:-1, max-image-preview:large, max-video-preview:-1\" \/>\n<link rel=\"canonical\" href=\"https:\/\/gallican-montbrison.fr\/wp\/?p=9733\" \/>\n<meta property=\"og:locale\" content=\"fr_FR\" \/>\n<meta property=\"og:type\" content=\"article\" \/>\n<meta property=\"og:title\" content=\"P\u00e2ques : Christ ressuscit\u00e9 ... toujours en nos coeurs ! - Chapelle Saint Michel Archange Montbrison\" \/>\n<meta property=\"og:description\" content=\"Hom\u00e9lie Dimanche de P\u00e2ques 2025 Ep\u00eetre: St Paul aux Corinthiens 1, 5, 7-8 Mes fr\u00e8res, \u00e9liminez en vous ce vieux levain pour que vous deveniez semblables \u00e0 une p\u00e2te nouvelle et sans levain. Vous l\u2019\u00eates d\u00e9j\u00e0 en r\u00e9alit\u00e9 depuis que &hellip; Continuer la lecture &rarr;\" \/>\n<meta property=\"og:url\" content=\"https:\/\/gallican-montbrison.fr\/wp\/?p=9733\" \/>\n<meta property=\"og:site_name\" content=\"Chapelle Saint Michel Archange Montbrison\" \/>\n<meta property=\"article:publisher\" content=\"https:\/\/www.facebook.com\/people\/Eglise-Gallicane-Chapelle-Saint-Michel-Archange\/100064564306693\/\" \/>\n<meta property=\"article:published_time\" content=\"2025-05-05T09:42:46+00:00\" \/>\n<meta property=\"article:modified_time\" content=\"2025-05-05T09:44:21+00:00\" \/>\n<meta property=\"og:image\" content=\"https:\/\/gallican-montbrison.fr\/wp\/wp-content\/uploads\/2025\/04\/Capture-decran-2023-03-31-a-09.40.29.jpg\" \/>\n\t<meta property=\"og:image:width\" content=\"630\" \/>\n\t<meta property=\"og:image:height\" content=\"760\" \/>\n\t<meta property=\"og:image:type\" content=\"image\/jpeg\" \/>\n<meta name=\"author\" content=\"Colette\" \/>\n<meta name=\"twitter:card\" content=\"summary_large_image\" \/>\n<meta name=\"twitter:label1\" content=\"\u00c9crit par\" \/>\n\t<meta name=\"twitter:data1\" content=\"Colette\" \/>\n\t<meta name=\"twitter:label2\" content=\"Dur\u00e9e de lecture estim\u00e9e\" \/>\n\t<meta name=\"twitter:data2\" content=\"2 minutes\" \/>\n<script type=\"application\/ld+json\" class=\"yoast-schema-graph\">{\"@context\":\"https:\/\/schema.org\",\"@graph\":[{\"@type\":\"WebPage\",\"@id\":\"https:\/\/gallican-montbrison.fr\/wp\/?p=9733\",\"url\":\"https:\/\/gallican-montbrison.fr\/wp\/?p=9733\",\"name\":\"P\u00e2ques : Christ ressuscit\u00e9 ... toujours en nos coeurs ! - Chapelle Saint Michel Archange Montbrison\",\"isPartOf\":{\"@id\":\"https:\/\/gallican-montbrison.fr\/wp\/#website\"},\"primaryImageOfPage\":{\"@id\":\"https:\/\/gallican-montbrison.fr\/wp\/?p=9733#primaryimage\"},\"image\":{\"@id\":\"https:\/\/gallican-montbrison.fr\/wp\/?p=9733#primaryimage\"},\"thumbnailUrl\":\"https:\/\/gallican-montbrison.fr\/wp\/wp-content\/uploads\/2025\/04\/Capture-decran-2023-03-31-a-09.40.29.jpg\",\"datePublished\":\"2025-05-05T09:42:46+00:00\",\"dateModified\":\"2025-05-05T09:44:21+00:00\",\"author\":{\"@id\":\"https:\/\/gallican-montbrison.fr\/wp\/#\/schema\/person\/fc5571a40f7c79de2fb1b0cf72c089a4\"},\"breadcrumb\":{\"@id\":\"https:\/\/gallican-montbrison.fr\/wp\/?p=9733#breadcrumb\"},\"inLanguage\":\"fr-FR\",\"potentialAction\":[{\"@type\":\"ReadAction\",\"target\":[\"https:\/\/gallican-montbrison.fr\/wp\/?p=9733\"]}]},{\"@type\":\"ImageObject\",\"inLanguage\":\"fr-FR\",\"@id\":\"https:\/\/gallican-montbrison.fr\/wp\/?p=9733#primaryimage\",\"url\":\"https:\/\/gallican-montbrison.fr\/wp\/wp-content\/uploads\/2025\/04\/Capture-decran-2023-03-31-a-09.40.29.jpg\",\"contentUrl\":\"https:\/\/gallican-montbrison.fr\/wp\/wp-content\/uploads\/2025\/04\/Capture-decran-2023-03-31-a-09.40.29.jpg\"},{\"@type\":\"BreadcrumbList\",\"@id\":\"https:\/\/gallican-montbrison.fr\/wp\/?p=9733#breadcrumb\",\"itemListElement\":[{\"@type\":\"ListItem\",\"position\":1,\"name\":\"Accueil\",\"item\":\"https:\/\/gallican-montbrison.fr\/wp\"},{\"@type\":\"ListItem\",\"position\":2,\"name\":\"P\u00e2ques : Christ ressuscit\u00e9 &#8230; toujours en nos coeurs !\"}]},{\"@type\":\"WebSite\",\"@id\":\"https:\/\/gallican-montbrison.fr\/wp\/#website\",\"url\":\"https:\/\/gallican-montbrison.fr\/wp\/\",\"name\":\"Chapelle Saint Michel Archange Montbrison\",\"description\":\"Eglise Gallicane, Tradition Apostolique de Gazinet\",\"potentialAction\":[{\"@type\":\"SearchAction\",\"target\":{\"@type\":\"EntryPoint\",\"urlTemplate\":\"https:\/\/gallican-montbrison.fr\/wp\/?s={search_term_string}\"},\"query-input\":{\"@type\":\"PropertyValueSpecification\",\"valueRequired\":true,\"valueName\":\"search_term_string\"}}],\"inLanguage\":\"fr-FR\"},{\"@type\":\"Person\",\"@id\":\"https:\/\/gallican-montbrison.fr\/wp\/#\/schema\/person\/fc5571a40f7c79de2fb1b0cf72c089a4\",\"name\":\"Colette\",\"url\":\"https:\/\/gallican-montbrison.fr\/wp\/?author=3\"}]}<\/script>\n<!-- \/ Yoast SEO plugin. -->","yoast_head_json":{"title":"P\u00e2ques : Christ ressuscit\u00e9 ... toujours en nos coeurs ! - Chapelle Saint Michel Archange Montbrison","robots":{"index":"index","follow":"follow","max-snippet":"max-snippet:-1","max-image-preview":"max-image-preview:large","max-video-preview":"max-video-preview:-1"},"canonical":"https:\/\/gallican-montbrison.fr\/wp\/?p=9733","og_locale":"fr_FR","og_type":"article","og_title":"P\u00e2ques : Christ ressuscit\u00e9 ... toujours en nos coeurs ! - Chapelle Saint Michel Archange Montbrison","og_description":"Hom\u00e9lie Dimanche de P\u00e2ques 2025 Ep\u00eetre: St Paul aux Corinthiens 1, 5, 7-8 Mes fr\u00e8res, \u00e9liminez en vous ce vieux levain pour que vous deveniez semblables \u00e0 une p\u00e2te nouvelle et sans levain. Vous l\u2019\u00eates d\u00e9j\u00e0 en r\u00e9alit\u00e9 depuis que &hellip; Continuer la lecture &rarr;","og_url":"https:\/\/gallican-montbrison.fr\/wp\/?p=9733","og_site_name":"Chapelle Saint Michel Archange Montbrison","article_publisher":"https:\/\/www.facebook.com\/people\/Eglise-Gallicane-Chapelle-Saint-Michel-Archange\/100064564306693\/","article_published_time":"2025-05-05T09:42:46+00:00","article_modified_time":"2025-05-05T09:44:21+00:00","og_image":[{"width":630,"height":760,"url":"https:\/\/gallican-montbrison.fr\/wp\/wp-content\/uploads\/2025\/04\/Capture-decran-2023-03-31-a-09.40.29.jpg","type":"image\/jpeg"}],"author":"Colette","twitter_card":"summary_large_image","twitter_misc":{"\u00c9crit par":"Colette","Dur\u00e9e de lecture estim\u00e9e":"2 minutes"},"schema":{"@context":"https:\/\/schema.org","@graph":[{"@type":"WebPage","@id":"https:\/\/gallican-montbrison.fr\/wp\/?p=9733","url":"https:\/\/gallican-montbrison.fr\/wp\/?p=9733","name":"P\u00e2ques : Christ ressuscit\u00e9 ... toujours en nos coeurs ! - Chapelle Saint Michel Archange Montbrison","isPartOf":{"@id":"https:\/\/gallican-montbrison.fr\/wp\/#website"},"primaryImageOfPage":{"@id":"https:\/\/gallican-montbrison.fr\/wp\/?p=9733#primaryimage"},"image":{"@id":"https:\/\/gallican-montbrison.fr\/wp\/?p=9733#primaryimage"},"thumbnailUrl":"https:\/\/gallican-montbrison.fr\/wp\/wp-content\/uploads\/2025\/04\/Capture-decran-2023-03-31-a-09.40.29.jpg","datePublished":"2025-05-05T09:42:46+00:00","dateModified":"2025-05-05T09:44:21+00:00","author":{"@id":"https:\/\/gallican-montbrison.fr\/wp\/#\/schema\/person\/fc5571a40f7c79de2fb1b0cf72c089a4"},"breadcrumb":{"@id":"https:\/\/gallican-montbrison.fr\/wp\/?p=9733#breadcrumb"},"inLanguage":"fr-FR","potentialAction":[{"@type":"ReadAction","target":["https:\/\/gallican-montbrison.fr\/wp\/?p=9733"]}]},{"@type":"ImageObject","inLanguage":"fr-FR","@id":"https:\/\/gallican-montbrison.fr\/wp\/?p=9733#primaryimage","url":"https:\/\/gallican-montbrison.fr\/wp\/wp-content\/uploads\/2025\/04\/Capture-decran-2023-03-31-a-09.40.29.jpg","contentUrl":"https:\/\/gallican-montbrison.fr\/wp\/wp-content\/uploads\/2025\/04\/Capture-decran-2023-03-31-a-09.40.29.jpg"},{"@type":"BreadcrumbList","@id":"https:\/\/gallican-montbrison.fr\/wp\/?p=9733#breadcrumb","itemListElement":[{"@type":"ListItem","position":1,"name":"Accueil","item":"https:\/\/gallican-montbrison.fr\/wp"},{"@type":"ListItem","position":2,"name":"P\u00e2ques : Christ ressuscit\u00e9 &#8230; toujours en nos coeurs !"}]},{"@type":"WebSite","@id":"https:\/\/gallican-montbrison.fr\/wp\/#website","url":"https:\/\/gallican-montbrison.fr\/wp\/","name":"Chapelle Saint Michel Archange Montbrison","description":"Eglise Gallicane, Tradition Apostolique de Gazinet","potentialAction":[{"@type":"SearchAction","target":{"@type":"EntryPoint","urlTemplate":"https:\/\/gallican-montbrison.fr\/wp\/?s={search_term_string}"},"query-input":{"@type":"PropertyValueSpecification","valueRequired":true,"valueName":"search_term_string"}}],"inLanguage":"fr-FR"},{"@type":"Person","@id":"https:\/\/gallican-montbrison.fr\/wp\/#\/schema\/person\/fc5571a40f7c79de2fb1b0cf72c089a4","name":"Colette","url":"https:\/\/gallican-montbrison.fr\/wp\/?author=3"}]}},"_links":{"self":[{"href":"https:\/\/gallican-montbrison.fr\/wp\/index.php?rest_route=\/wp\/v2\/posts\/9733"}],"collection":[{"href":"https:\/\/gallican-montbrison.fr\/wp\/index.php?rest_route=\/wp\/v2\/posts"}],"about":[{"href":"https:\/\/gallican-montbrison.fr\/wp\/index.php?rest_route=\/wp\/v2\/types\/post"}],"author":[{"embeddable":true,"href":"https:\/\/gallican-montbrison.fr\/wp\/index.php?rest_route=\/wp\/v2\/users\/3"}],"replies":[{"embeddable":true,"href":"https:\/\/gallican-montbrison.fr\/wp\/index.php?rest_route=%2Fwp%2Fv2%2Fcomments&post=9733"}],"version-history":[{"count":3,"href":"https:\/\/gallican-montbrison.fr\/wp\/index.php?rest_route=\/wp\/v2\/posts\/9733\/revisions"}],"predecessor-version":[{"id":9737,"href":"https:\/\/gallican-montbrison.fr\/wp\/index.php?rest_route=\/wp\/v2\/posts\/9733\/revisions\/9737"}],"wp:attachment":[{"href":"https:\/\/gallican-montbrison.fr\/wp\/index.php?rest_route=%2Fwp%2Fv2%2Fmedia&parent=9733"}],"wp:term":[{"taxonomy":"category","embeddable":true,"href":"https:\/\/gallican-montbrison.fr\/wp\/index.php?rest_route=%2Fwp%2Fv2%2Fcategories&post=9733"},{"taxonomy":"post_tag","embeddable":true,"href":"https:\/\/gallican-montbrison.fr\/wp\/index.php?rest_route=%2Fwp%2Fv2%2Ftags&post=9733"}],"curies":[{"name":"wp","href":"https:\/\/api.w.org\/{rel}","templated":true}]}}