{"id":9754,"date":"2025-05-11T22:25:32","date_gmt":"2025-05-11T20:25:32","guid":{"rendered":"https:\/\/gallican-montbrison.fr\/wp\/?p=9754"},"modified":"2025-06-10T12:21:27","modified_gmt":"2025-06-10T10:21:27","slug":"repas-partage","status":"publish","type":"post","link":"https:\/\/gallican-montbrison.fr\/wp\/?p=9754","title":{"rendered":"Repas partag\u00e9 Dimanche 11 Mai 2025"},"content":{"rendered":"\n<p>Nous voir 2 fois par an pour \u00ab\u00a0La Semaine de l&rsquo;Unit\u00e9 des Chr\u00e9tiens\u00a0\u00bb et pour \u00ab\u00a0la Nuit des Veilleurs\u00a0\u00bb &#8230; nous semblait trop peu maintenant. .. et puis cette ann\u00e9e, signe du calendrier, nous avons tous c\u00e9l\u00e9br\u00e9 P\u00e2ques le m\u00eame jour.<\/p>\n\n\n\n<p>Les 4 communaut\u00e9s chr\u00e9tiennes de Montbrison ont donc d\u00e9cid\u00e9 ensemble de se retrouver une fois de plus au cours de l&rsquo;ann\u00e9e 2025. C&rsquo;est une id\u00e9e qui germait depuis d\u00e9j\u00e0 quelques temps.<\/p>\n\n\n\n<p>Ce fut ce Dimanche 11 Mai autour d&rsquo;un \u00ab\u00a0repas partag\u00e9\u00a0\u00bb avec les paroissiens et les religieux de chaque communaut\u00e9. Nous avons v\u00e9cu ensemble un moment diff\u00e9rent, un temps convivial tr\u00e8s r\u00e9ussi que tout le monde a appr\u00e9ci\u00e9. Il faut dire que depuis le temps que nous vivons l&rsquo;oecum\u00e9nisme \u00e0 Montbrison, tout le monde se connait bien et s&rsquo;appr\u00e9cie. Nos diff\u00e9rences nous enrichissent au lieu de nous diviser.<\/p>\n\n\n\n<p>Don Martin, Cur\u00e9, et la Paroisse Ste Claire-Ste Th\u00e9r\u00e8se-en-Forez, nous ont invit\u00e9s et tr\u00e8s bien accueillis en leurs locaux tous neufs. La chorale oecum\u00e9nique a soutenu ce moment par des chants d&rsquo;Unit\u00e9 au cours du repas. Une centaine de personnes, toutes communaut\u00e9s confondues ont r\u00e9pondu pr\u00e9sentes. Une belle r\u00e9ussite !<\/p>\n\n\n\n<figure class=\"wp-block-gallery has-nested-images columns-default is-cropped wp-block-gallery-1 is-layout-flex wp-block-gallery-is-layout-flex\">\n<figure class=\"wp-block-image\"><img loading=\"lazy\" decoding=\"async\" width=\"2560\" height=\"1920\" data-id=\"9758\" src=\"https:\/\/gallican-montbrison.fr\/wp\/wp-content\/uploads\/2025\/05\/IMG_1699-scaled.jpg\" alt=\"\" class=\"wp-image-9758\" srcset=\"https:\/\/gallican-montbrison.fr\/wp\/wp-content\/uploads\/2025\/05\/IMG_1699-scaled.jpg 2560w, https:\/\/gallican-montbrison.fr\/wp\/wp-content\/uploads\/2025\/05\/IMG_1699-300x225.jpg 300w, https:\/\/gallican-montbrison.fr\/wp\/wp-content\/uploads\/2025\/05\/IMG_1699-1024x768.jpg 1024w, https:\/\/gallican-montbrison.fr\/wp\/wp-content\/uploads\/2025\/05\/IMG_1699-768x576.jpg 768w, https:\/\/gallican-montbrison.fr\/wp\/wp-content\/uploads\/2025\/05\/IMG_1699-1536x1152.jpg 1536w, https:\/\/gallican-montbrison.fr\/wp\/wp-content\/uploads\/2025\/05\/IMG_1699-2048x1536.jpg 2048w\" sizes=\"(max-width: 2560px) 100vw, 2560px\" \/><\/figure>\n\n\n\n<figure class=\"wp-block-image\"><img loading=\"lazy\" decoding=\"async\" width=\"2560\" height=\"1920\" data-id=\"9757\" src=\"https:\/\/gallican-montbrison.fr\/wp\/wp-content\/uploads\/2025\/05\/1000028851-scaled.jpg\" alt=\"\" class=\"wp-image-9757\" srcset=\"https:\/\/gallican-montbrison.fr\/wp\/wp-content\/uploads\/2025\/05\/1000028851-scaled.jpg 2560w, https:\/\/gallican-montbrison.fr\/wp\/wp-content\/uploads\/2025\/05\/1000028851-300x225.jpg 300w, https:\/\/gallican-montbrison.fr\/wp\/wp-content\/uploads\/2025\/05\/1000028851-1024x768.jpg 1024w, https:\/\/gallican-montbrison.fr\/wp\/wp-content\/uploads\/2025\/05\/1000028851-768x576.jpg 768w, https:\/\/gallican-montbrison.fr\/wp\/wp-content\/uploads\/2025\/05\/1000028851-1536x1152.jpg 1536w, https:\/\/gallican-montbrison.fr\/wp\/wp-content\/uploads\/2025\/05\/1000028851-2048x1536.jpg 2048w\" sizes=\"(max-width: 2560px) 100vw, 2560px\" \/><\/figure>\n<\/figure>\n\n\n\n<p><\/p>\n","protected":false},"excerpt":{"rendered":"<p>Nous voir 2 fois par an pour \u00ab\u00a0La Semaine de l&rsquo;Unit\u00e9 des Chr\u00e9tiens\u00a0\u00bb et pour \u00ab\u00a0la Nuit des Veilleurs\u00a0\u00bb &#8230; nous semblait trop peu maintenant. .. et puis cette ann\u00e9e, signe du calendrier, nous avons tous c\u00e9l\u00e9br\u00e9 P\u00e2ques le m\u00eame &hellip; <a href=\"https:\/\/gallican-montbrison.fr\/wp\/?p=9754\">Continuer la lecture <span class=\"meta-nav\">&rarr;<\/span><\/a><\/p>\n","protected":false},"author":3,"featured_media":0,"comment_status":"closed","ping_status":"open","sticky":false,"template":"","format":"standard","meta":{"footnotes":""},"categories":[3,5],"tags":[26,70,138,17],"class_list":["post-9754","post","type-post","status-publish","format-standard","hentry","category-oecumenisme","category-vie-de-la-chapelle","tag-chapelle","tag-eglise","tag-eglise-gallicane","tag-oecumenisme-2"],"yoast_head":"<!-- This site is optimized with the Yoast SEO plugin v25.6 - https:\/\/yoast.com\/wordpress\/plugins\/seo\/ -->\n<title>Repas partag\u00e9 Dimanche 11 Mai 2025 - Chapelle Saint Michel Archange Montbrison<\/title>\n<meta name=\"robots\" content=\"index, follow, max-snippet:-1, max-image-preview:large, max-video-preview:-1\" \/>\n<link rel=\"canonical\" href=\"https:\/\/gallican-montbrison.fr\/wp\/?p=9754\" \/>\n<meta property=\"og:locale\" content=\"fr_FR\" \/>\n<meta property=\"og:type\" content=\"article\" \/>\n<meta property=\"og:title\" content=\"Repas partag\u00e9 Dimanche 11 Mai 2025 - Chapelle Saint Michel Archange Montbrison\" \/>\n<meta property=\"og:description\" content=\"Nous voir 2 fois par an pour \u00ab\u00a0La Semaine de l&rsquo;Unit\u00e9 des Chr\u00e9tiens\u00a0\u00bb et pour \u00ab\u00a0la Nuit des Veilleurs\u00a0\u00bb &#8230; nous semblait trop peu maintenant. .. et puis cette ann\u00e9e, signe du calendrier, nous avons tous c\u00e9l\u00e9br\u00e9 P\u00e2ques le m\u00eame &hellip; Continuer la lecture &rarr;\" \/>\n<meta property=\"og:url\" content=\"https:\/\/gallican-montbrison.fr\/wp\/?p=9754\" \/>\n<meta property=\"og:site_name\" content=\"Chapelle Saint Michel Archange Montbrison\" \/>\n<meta property=\"article:publisher\" content=\"https:\/\/www.facebook.com\/people\/Eglise-Gallicane-Chapelle-Saint-Michel-Archange\/100064564306693\/\" \/>\n<meta property=\"article:published_time\" content=\"2025-05-11T20:25:32+00:00\" \/>\n<meta property=\"article:modified_time\" content=\"2025-06-10T10:21:27+00:00\" \/>\n<meta property=\"og:image\" content=\"https:\/\/gallican-montbrison.fr\/wp\/wp-content\/uploads\/2025\/05\/IMG_1699-scaled.jpg\" \/>\n\t<meta property=\"og:image:width\" content=\"2560\" \/>\n\t<meta property=\"og:image:height\" content=\"1920\" \/>\n\t<meta property=\"og:image:type\" content=\"image\/jpeg\" \/>\n<meta name=\"author\" content=\"Colette\" \/>\n<meta name=\"twitter:card\" content=\"summary_large_image\" \/>\n<meta name=\"twitter:label1\" content=\"\u00c9crit par\" \/>\n\t<meta name=\"twitter:data1\" content=\"Colette\" \/>\n\t<meta name=\"twitter:label2\" content=\"Dur\u00e9e de lecture estim\u00e9e\" \/>\n\t<meta name=\"twitter:data2\" content=\"2 minutes\" \/>\n<script type=\"application\/ld+json\" class=\"yoast-schema-graph\">{\"@context\":\"https:\/\/schema.org\",\"@graph\":[{\"@type\":\"WebPage\",\"@id\":\"https:\/\/gallican-montbrison.fr\/wp\/?p=9754\",\"url\":\"https:\/\/gallican-montbrison.fr\/wp\/?p=9754\",\"name\":\"Repas partag\u00e9 Dimanche 11 Mai 2025 - Chapelle Saint Michel Archange Montbrison\",\"isPartOf\":{\"@id\":\"https:\/\/gallican-montbrison.fr\/wp\/#website\"},\"primaryImageOfPage\":{\"@id\":\"https:\/\/gallican-montbrison.fr\/wp\/?p=9754#primaryimage\"},\"image\":{\"@id\":\"https:\/\/gallican-montbrison.fr\/wp\/?p=9754#primaryimage\"},\"thumbnailUrl\":\"https:\/\/gallican-montbrison.fr\/wp\/wp-content\/uploads\/2025\/05\/IMG_1699-scaled.jpg\",\"datePublished\":\"2025-05-11T20:25:32+00:00\",\"dateModified\":\"2025-06-10T10:21:27+00:00\",\"author\":{\"@id\":\"https:\/\/gallican-montbrison.fr\/wp\/#\/schema\/person\/fc5571a40f7c79de2fb1b0cf72c089a4\"},\"breadcrumb\":{\"@id\":\"https:\/\/gallican-montbrison.fr\/wp\/?p=9754#breadcrumb\"},\"inLanguage\":\"fr-FR\",\"potentialAction\":[{\"@type\":\"ReadAction\",\"target\":[\"https:\/\/gallican-montbrison.fr\/wp\/?p=9754\"]}]},{\"@type\":\"ImageObject\",\"inLanguage\":\"fr-FR\",\"@id\":\"https:\/\/gallican-montbrison.fr\/wp\/?p=9754#primaryimage\",\"url\":\"https:\/\/gallican-montbrison.fr\/wp\/wp-content\/uploads\/2025\/05\/IMG_1699-scaled.jpg\",\"contentUrl\":\"https:\/\/gallican-montbrison.fr\/wp\/wp-content\/uploads\/2025\/05\/IMG_1699-scaled.jpg\",\"width\":2560,\"height\":1920},{\"@type\":\"BreadcrumbList\",\"@id\":\"https:\/\/gallican-montbrison.fr\/wp\/?p=9754#breadcrumb\",\"itemListElement\":[{\"@type\":\"ListItem\",\"position\":1,\"name\":\"Accueil\",\"item\":\"https:\/\/gallican-montbrison.fr\/wp\"},{\"@type\":\"ListItem\",\"position\":2,\"name\":\"Repas partag\u00e9 Dimanche 11 Mai 2025\"}]},{\"@type\":\"WebSite\",\"@id\":\"https:\/\/gallican-montbrison.fr\/wp\/#website\",\"url\":\"https:\/\/gallican-montbrison.fr\/wp\/\",\"name\":\"Chapelle Saint Michel Archange Montbrison\",\"description\":\"Eglise Gallicane, Tradition Apostolique de Gazinet\",\"potentialAction\":[{\"@type\":\"SearchAction\",\"target\":{\"@type\":\"EntryPoint\",\"urlTemplate\":\"https:\/\/gallican-montbrison.fr\/wp\/?s={search_term_string}\"},\"query-input\":{\"@type\":\"PropertyValueSpecification\",\"valueRequired\":true,\"valueName\":\"search_term_string\"}}],\"inLanguage\":\"fr-FR\"},{\"@type\":\"Person\",\"@id\":\"https:\/\/gallican-montbrison.fr\/wp\/#\/schema\/person\/fc5571a40f7c79de2fb1b0cf72c089a4\",\"name\":\"Colette\",\"url\":\"https:\/\/gallican-montbrison.fr\/wp\/?author=3\"}]}<\/script>\n<!-- \/ Yoast SEO plugin. -->","yoast_head_json":{"title":"Repas partag\u00e9 Dimanche 11 Mai 2025 - Chapelle Saint Michel Archange Montbrison","robots":{"index":"index","follow":"follow","max-snippet":"max-snippet:-1","max-image-preview":"max-image-preview:large","max-video-preview":"max-video-preview:-1"},"canonical":"https:\/\/gallican-montbrison.fr\/wp\/?p=9754","og_locale":"fr_FR","og_type":"article","og_title":"Repas partag\u00e9 Dimanche 11 Mai 2025 - Chapelle Saint Michel Archange Montbrison","og_description":"Nous voir 2 fois par an pour \u00ab\u00a0La Semaine de l&rsquo;Unit\u00e9 des Chr\u00e9tiens\u00a0\u00bb et pour \u00ab\u00a0la Nuit des Veilleurs\u00a0\u00bb &#8230; nous semblait trop peu maintenant. .. et puis cette ann\u00e9e, signe du calendrier, nous avons tous c\u00e9l\u00e9br\u00e9 P\u00e2ques le m\u00eame &hellip; Continuer la lecture &rarr;","og_url":"https:\/\/gallican-montbrison.fr\/wp\/?p=9754","og_site_name":"Chapelle Saint Michel Archange Montbrison","article_publisher":"https:\/\/www.facebook.com\/people\/Eglise-Gallicane-Chapelle-Saint-Michel-Archange\/100064564306693\/","article_published_time":"2025-05-11T20:25:32+00:00","article_modified_time":"2025-06-10T10:21:27+00:00","og_image":[{"width":2560,"height":1920,"url":"https:\/\/gallican-montbrison.fr\/wp\/wp-content\/uploads\/2025\/05\/IMG_1699-scaled.jpg","type":"image\/jpeg"}],"author":"Colette","twitter_card":"summary_large_image","twitter_misc":{"\u00c9crit par":"Colette","Dur\u00e9e de lecture estim\u00e9e":"2 minutes"},"schema":{"@context":"https:\/\/schema.org","@graph":[{"@type":"WebPage","@id":"https:\/\/gallican-montbrison.fr\/wp\/?p=9754","url":"https:\/\/gallican-montbrison.fr\/wp\/?p=9754","name":"Repas partag\u00e9 Dimanche 11 Mai 2025 - Chapelle Saint Michel Archange Montbrison","isPartOf":{"@id":"https:\/\/gallican-montbrison.fr\/wp\/#website"},"primaryImageOfPage":{"@id":"https:\/\/gallican-montbrison.fr\/wp\/?p=9754#primaryimage"},"image":{"@id":"https:\/\/gallican-montbrison.fr\/wp\/?p=9754#primaryimage"},"thumbnailUrl":"https:\/\/gallican-montbrison.fr\/wp\/wp-content\/uploads\/2025\/05\/IMG_1699-scaled.jpg","datePublished":"2025-05-11T20:25:32+00:00","dateModified":"2025-06-10T10:21:27+00:00","author":{"@id":"https:\/\/gallican-montbrison.fr\/wp\/#\/schema\/person\/fc5571a40f7c79de2fb1b0cf72c089a4"},"breadcrumb":{"@id":"https:\/\/gallican-montbrison.fr\/wp\/?p=9754#breadcrumb"},"inLanguage":"fr-FR","potentialAction":[{"@type":"ReadAction","target":["https:\/\/gallican-montbrison.fr\/wp\/?p=9754"]}]},{"@type":"ImageObject","inLanguage":"fr-FR","@id":"https:\/\/gallican-montbrison.fr\/wp\/?p=9754#primaryimage","url":"https:\/\/gallican-montbrison.fr\/wp\/wp-content\/uploads\/2025\/05\/IMG_1699-scaled.jpg","contentUrl":"https:\/\/gallican-montbrison.fr\/wp\/wp-content\/uploads\/2025\/05\/IMG_1699-scaled.jpg","width":2560,"height":1920},{"@type":"BreadcrumbList","@id":"https:\/\/gallican-montbrison.fr\/wp\/?p=9754#breadcrumb","itemListElement":[{"@type":"ListItem","position":1,"name":"Accueil","item":"https:\/\/gallican-montbrison.fr\/wp"},{"@type":"ListItem","position":2,"name":"Repas partag\u00e9 Dimanche 11 Mai 2025"}]},{"@type":"WebSite","@id":"https:\/\/gallican-montbrison.fr\/wp\/#website","url":"https:\/\/gallican-montbrison.fr\/wp\/","name":"Chapelle Saint Michel Archange Montbrison","description":"Eglise Gallicane, Tradition Apostolique de Gazinet","potentialAction":[{"@type":"SearchAction","target":{"@type":"EntryPoint","urlTemplate":"https:\/\/gallican-montbrison.fr\/wp\/?s={search_term_string}"},"query-input":{"@type":"PropertyValueSpecification","valueRequired":true,"valueName":"search_term_string"}}],"inLanguage":"fr-FR"},{"@type":"Person","@id":"https:\/\/gallican-montbrison.fr\/wp\/#\/schema\/person\/fc5571a40f7c79de2fb1b0cf72c089a4","name":"Colette","url":"https:\/\/gallican-montbrison.fr\/wp\/?author=3"}]}},"_links":{"self":[{"href":"https:\/\/gallican-montbrison.fr\/wp\/index.php?rest_route=\/wp\/v2\/posts\/9754"}],"collection":[{"href":"https:\/\/gallican-montbrison.fr\/wp\/index.php?rest_route=\/wp\/v2\/posts"}],"about":[{"href":"https:\/\/gallican-montbrison.fr\/wp\/index.php?rest_route=\/wp\/v2\/types\/post"}],"author":[{"embeddable":true,"href":"https:\/\/gallican-montbrison.fr\/wp\/index.php?rest_route=\/wp\/v2\/users\/3"}],"replies":[{"embeddable":true,"href":"https:\/\/gallican-montbrison.fr\/wp\/index.php?rest_route=%2Fwp%2Fv2%2Fcomments&post=9754"}],"version-history":[{"count":3,"href":"https:\/\/gallican-montbrison.fr\/wp\/index.php?rest_route=\/wp\/v2\/posts\/9754\/revisions"}],"predecessor-version":[{"id":9826,"href":"https:\/\/gallican-montbrison.fr\/wp\/index.php?rest_route=\/wp\/v2\/posts\/9754\/revisions\/9826"}],"wp:attachment":[{"href":"https:\/\/gallican-montbrison.fr\/wp\/index.php?rest_route=%2Fwp%2Fv2%2Fmedia&parent=9754"}],"wp:term":[{"taxonomy":"category","embeddable":true,"href":"https:\/\/gallican-montbrison.fr\/wp\/index.php?rest_route=%2Fwp%2Fv2%2Fcategories&post=9754"},{"taxonomy":"post_tag","embeddable":true,"href":"https:\/\/gallican-montbrison.fr\/wp\/index.php?rest_route=%2Fwp%2Fv2%2Ftags&post=9754"}],"curies":[{"name":"wp","href":"https:\/\/api.w.org\/{rel}","templated":true}]}}