{"id":9997,"date":"2025-10-26T21:22:10","date_gmt":"2025-10-26T20:22:10","guid":{"rendered":"https:\/\/gallican-montbrison.fr\/wp\/?p=9997"},"modified":"2025-10-26T21:23:37","modified_gmt":"2025-10-26T20:23:37","slug":"la-foi","status":"publish","type":"post","link":"https:\/\/gallican-montbrison.fr\/wp\/?p=9997","title":{"rendered":"La Foi &#8230;"},"content":{"rendered":"\n<figure class=\"wp-block-audio\"><audio controls src=\"https:\/\/gallican-montbrison.fr\/wp\/wp-content\/uploads\/2025\/10\/26-homelie-20e-dim-ap-Pentecote-2025.mp3\"><\/audio><\/figure>\n\n\n\n<p class=\"has-text-align-center\">Hom\u00e9lie du 20e Dimanche apr\u00e8s Pentec\u00f4te<\/p>\n\n\n<div class=\"wp-block-image\">\n<figure class=\"alignleft size-full is-resized\"><a href=\"https:\/\/gallican-montbrison.fr\/wp\/wp-content\/uploads\/2025\/10\/guerison.jpeg\"><img loading=\"lazy\" decoding=\"async\" width=\"636\" height=\"612\" src=\"https:\/\/gallican-montbrison.fr\/wp\/wp-content\/uploads\/2025\/10\/guerison.jpeg\" alt=\"\" class=\"wp-image-9999\" style=\"width:239px;height:auto\" srcset=\"https:\/\/gallican-montbrison.fr\/wp\/wp-content\/uploads\/2025\/10\/guerison.jpeg 636w, https:\/\/gallican-montbrison.fr\/wp\/wp-content\/uploads\/2025\/10\/guerison-300x289.jpeg 300w\" sizes=\"(max-width: 636px) 100vw, 636px\" \/><\/a><\/figure><\/div>\n\n\n<p><strong>Epitre : St Paul aux Eph\u00e9siens 5, 15 \u00e0 21<\/strong><\/p>\n\n\n\n<p>Ainsi prenez bien garde \u00e0 votre mani\u00e8re de vivre. Ne vous conduisez pas comme des ignorants mais comme des sages. Faites un bon usage de toute occasion qui se pr\u00e9sente \u00e0 vous, car les jours que nous vivons sont mauvais. Ne soyez donc pas d\u00e9raisonnables, mais efforcez-vous de comprendre ce que le Seigneur attend de vous.<\/p>\n\n\n\n<p>Ne vous enivrez pas&nbsp;: l\u2019abus de vin ne peut que vous mener au d\u00e9sordre&nbsp;; mais soyez remplis de l\u2019Esprit Saint. Encouragez-vous les uns les autres par des psaumes, des hymnes et de saints cantiques inspir\u00e9s par l\u2019Esprit&nbsp;; chantez des cantiques et des psaumes pour louer le Seigneur de tout votre coeur. Remerciez Dieu le P\u00e8re en tout temps et pour tout, au nom de notre Seigneur J\u00e9sus-Christ.<\/p>\n\n\n\n<p>Soumettez-vous les uns aux autres \u00e0 cause du respect que vous avez pour le Christ.<\/p>\n\n\n\n<p><strong>Evangile: St Jean 4, 46 \u00e0 53<\/strong><\/p>\n\n\n\n<p>J\u00e9sus revint alors \u00e0 Cana de Galil\u00e9e, o\u00f9 il avait chang\u00e9 de l\u2019eau en vin. Il y avait l\u00e0 un haut fonctionnaire du roi, qui avait un fils malade \u00e0 Capharna\u00fcm. Quand il apprit que J\u00e9sus \u00e9tait arriv\u00e9 de Jud\u00e9e en Galil\u00e9e, il alla le trouver et le pria de se rendre \u00e0 Capharna\u00fcm pour gu\u00e9rir son fils, qui \u00e9tait mourant.&nbsp;<\/p>\n\n\n\n<p>J\u00e9sus lui dit&nbsp;: \u00ab&nbsp;Vous serez toujours incapables de croire si vous ne voyez pas des signes miraculeux et des prodiges&nbsp;!&nbsp;\u00bb Le fonctionnaire lui r\u00e9pondit&nbsp;: \u00ab&nbsp;Ma\u00eetre, viens chez moi avant que mon enfant soit mort.&nbsp;\u00bb J\u00e9sus lui dit&nbsp;: \u00ab&nbsp;Retourne chez toi, ton fils a repris vie.&nbsp;\u00bb L\u2019homme crut ce que J\u00e9sus lui disait et partit. Il \u00e9tait sur le chemin du retour, quand ses serviteurs vinrent \u00e0 sa rencontre et lui dirent&nbsp;: \u00ab&nbsp;Ton enfant a repris vie&nbsp;!&nbsp;\u00bb Il leur demanda \u00e0 quelle heure son fils s\u2019\u00e9tait senti mieux, et ils lui r\u00e9pondirent&nbsp;: \u00ab&nbsp;Il \u00e9tait une heure de l\u2019apr\u00e8s-midi, hier, quand la fi\u00e8vre l\u2019a quitt\u00e9.&nbsp;\u00bb Le p\u00e8re se rendit compte que c\u2019\u00e9tait l\u2019heure m\u00eame o\u00f9 J\u00e9sus lui avait dit&nbsp;: \u00ab&nbsp;Ton fils a repris vie&nbsp;\u00bb.<\/p>\n\n\n\n<p>Alors lui et toute sa famille crurent en J\u00e9sus.<\/p>\n","protected":false},"excerpt":{"rendered":"<p>Hom\u00e9lie du 20e Dimanche apr\u00e8s Pentec\u00f4te Epitre : St Paul aux Eph\u00e9siens 5, 15 \u00e0 21 Ainsi prenez bien garde \u00e0 votre mani\u00e8re de vivre. Ne vous conduisez pas comme des ignorants mais comme des sages. Faites un bon usage &hellip; <a href=\"https:\/\/gallican-montbrison.fr\/wp\/?p=9997\">Continuer la lecture <span class=\"meta-nav\">&rarr;<\/span><\/a><\/p>\n","protected":false},"author":3,"featured_media":0,"comment_status":"closed","ping_status":"open","sticky":false,"template":"","format":"standard","meta":{"footnotes":""},"categories":[4,5],"tags":[100,88,27,26,70,138,52,6,17,180],"class_list":["post-9997","post","type-post","status-publish","format-standard","hentry","category-homelies","category-vie-de-la-chapelle","tag-bapteme","tag-benediction","tag-celebration","tag-chapelle","tag-eglise","tag-eglise-gallicane","tag-evangile","tag-messe","tag-oecumenisme-2","tag-remariage"],"yoast_head":"<!-- This site is optimized with the Yoast SEO plugin v25.6 - https:\/\/yoast.com\/wordpress\/plugins\/seo\/ -->\n<title>La Foi ... - Chapelle Saint Michel Archange Montbrison<\/title>\n<meta name=\"robots\" content=\"index, follow, max-snippet:-1, max-image-preview:large, max-video-preview:-1\" \/>\n<link rel=\"canonical\" href=\"https:\/\/gallican-montbrison.fr\/wp\/?p=9997\" \/>\n<meta property=\"og:locale\" content=\"fr_FR\" \/>\n<meta property=\"og:type\" content=\"article\" \/>\n<meta property=\"og:title\" content=\"La Foi ... - Chapelle Saint Michel Archange Montbrison\" \/>\n<meta property=\"og:description\" content=\"Hom\u00e9lie du 20e Dimanche apr\u00e8s Pentec\u00f4te Epitre : St Paul aux Eph\u00e9siens 5, 15 \u00e0 21 Ainsi prenez bien garde \u00e0 votre mani\u00e8re de vivre. Ne vous conduisez pas comme des ignorants mais comme des sages. Faites un bon usage &hellip; Continuer la lecture &rarr;\" \/>\n<meta property=\"og:url\" content=\"https:\/\/gallican-montbrison.fr\/wp\/?p=9997\" \/>\n<meta property=\"og:site_name\" content=\"Chapelle Saint Michel Archange Montbrison\" \/>\n<meta property=\"article:publisher\" content=\"https:\/\/www.facebook.com\/people\/Eglise-Gallicane-Chapelle-Saint-Michel-Archange\/100064564306693\/\" \/>\n<meta property=\"article:published_time\" content=\"2025-10-26T20:22:10+00:00\" \/>\n<meta property=\"article:modified_time\" content=\"2025-10-26T20:23:37+00:00\" \/>\n<meta property=\"og:image\" content=\"https:\/\/gallican-montbrison.fr\/wp\/wp-content\/uploads\/2025\/10\/guerison.jpeg\" \/>\n\t<meta property=\"og:image:width\" content=\"636\" \/>\n\t<meta property=\"og:image:height\" content=\"612\" \/>\n\t<meta property=\"og:image:type\" content=\"image\/jpeg\" \/>\n<meta name=\"author\" content=\"Colette\" \/>\n<meta name=\"twitter:card\" content=\"summary_large_image\" \/>\n<meta name=\"twitter:label1\" content=\"\u00c9crit par\" \/>\n\t<meta name=\"twitter:data1\" content=\"Colette\" \/>\n\t<meta name=\"twitter:label2\" content=\"Dur\u00e9e de lecture estim\u00e9e\" \/>\n\t<meta name=\"twitter:data2\" content=\"3 minutes\" \/>\n<script type=\"application\/ld+json\" class=\"yoast-schema-graph\">{\"@context\":\"https:\/\/schema.org\",\"@graph\":[{\"@type\":\"WebPage\",\"@id\":\"https:\/\/gallican-montbrison.fr\/wp\/?p=9997\",\"url\":\"https:\/\/gallican-montbrison.fr\/wp\/?p=9997\",\"name\":\"La Foi ... - Chapelle Saint Michel Archange Montbrison\",\"isPartOf\":{\"@id\":\"https:\/\/gallican-montbrison.fr\/wp\/#website\"},\"primaryImageOfPage\":{\"@id\":\"https:\/\/gallican-montbrison.fr\/wp\/?p=9997#primaryimage\"},\"image\":{\"@id\":\"https:\/\/gallican-montbrison.fr\/wp\/?p=9997#primaryimage\"},\"thumbnailUrl\":\"https:\/\/gallican-montbrison.fr\/wp\/wp-content\/uploads\/2025\/10\/guerison.jpeg\",\"datePublished\":\"2025-10-26T20:22:10+00:00\",\"dateModified\":\"2025-10-26T20:23:37+00:00\",\"author\":{\"@id\":\"https:\/\/gallican-montbrison.fr\/wp\/#\/schema\/person\/fc5571a40f7c79de2fb1b0cf72c089a4\"},\"breadcrumb\":{\"@id\":\"https:\/\/gallican-montbrison.fr\/wp\/?p=9997#breadcrumb\"},\"inLanguage\":\"fr-FR\",\"potentialAction\":[{\"@type\":\"ReadAction\",\"target\":[\"https:\/\/gallican-montbrison.fr\/wp\/?p=9997\"]}]},{\"@type\":\"ImageObject\",\"inLanguage\":\"fr-FR\",\"@id\":\"https:\/\/gallican-montbrison.fr\/wp\/?p=9997#primaryimage\",\"url\":\"https:\/\/gallican-montbrison.fr\/wp\/wp-content\/uploads\/2025\/10\/guerison.jpeg\",\"contentUrl\":\"https:\/\/gallican-montbrison.fr\/wp\/wp-content\/uploads\/2025\/10\/guerison.jpeg\"},{\"@type\":\"BreadcrumbList\",\"@id\":\"https:\/\/gallican-montbrison.fr\/wp\/?p=9997#breadcrumb\",\"itemListElement\":[{\"@type\":\"ListItem\",\"position\":1,\"name\":\"Accueil\",\"item\":\"https:\/\/gallican-montbrison.fr\/wp\"},{\"@type\":\"ListItem\",\"position\":2,\"name\":\"La Foi &#8230;\"}]},{\"@type\":\"WebSite\",\"@id\":\"https:\/\/gallican-montbrison.fr\/wp\/#website\",\"url\":\"https:\/\/gallican-montbrison.fr\/wp\/\",\"name\":\"Chapelle Saint Michel Archange Montbrison\",\"description\":\"Eglise Gallicane, Tradition Apostolique de Gazinet\",\"potentialAction\":[{\"@type\":\"SearchAction\",\"target\":{\"@type\":\"EntryPoint\",\"urlTemplate\":\"https:\/\/gallican-montbrison.fr\/wp\/?s={search_term_string}\"},\"query-input\":{\"@type\":\"PropertyValueSpecification\",\"valueRequired\":true,\"valueName\":\"search_term_string\"}}],\"inLanguage\":\"fr-FR\"},{\"@type\":\"Person\",\"@id\":\"https:\/\/gallican-montbrison.fr\/wp\/#\/schema\/person\/fc5571a40f7c79de2fb1b0cf72c089a4\",\"name\":\"Colette\",\"url\":\"https:\/\/gallican-montbrison.fr\/wp\/?author=3\"}]}<\/script>\n<!-- \/ Yoast SEO plugin. -->","yoast_head_json":{"title":"La Foi ... - Chapelle Saint Michel Archange Montbrison","robots":{"index":"index","follow":"follow","max-snippet":"max-snippet:-1","max-image-preview":"max-image-preview:large","max-video-preview":"max-video-preview:-1"},"canonical":"https:\/\/gallican-montbrison.fr\/wp\/?p=9997","og_locale":"fr_FR","og_type":"article","og_title":"La Foi ... - Chapelle Saint Michel Archange Montbrison","og_description":"Hom\u00e9lie du 20e Dimanche apr\u00e8s Pentec\u00f4te Epitre : St Paul aux Eph\u00e9siens 5, 15 \u00e0 21 Ainsi prenez bien garde \u00e0 votre mani\u00e8re de vivre. Ne vous conduisez pas comme des ignorants mais comme des sages. Faites un bon usage &hellip; Continuer la lecture &rarr;","og_url":"https:\/\/gallican-montbrison.fr\/wp\/?p=9997","og_site_name":"Chapelle Saint Michel Archange Montbrison","article_publisher":"https:\/\/www.facebook.com\/people\/Eglise-Gallicane-Chapelle-Saint-Michel-Archange\/100064564306693\/","article_published_time":"2025-10-26T20:22:10+00:00","article_modified_time":"2025-10-26T20:23:37+00:00","og_image":[{"width":636,"height":612,"url":"https:\/\/gallican-montbrison.fr\/wp\/wp-content\/uploads\/2025\/10\/guerison.jpeg","type":"image\/jpeg"}],"author":"Colette","twitter_card":"summary_large_image","twitter_misc":{"\u00c9crit par":"Colette","Dur\u00e9e de lecture estim\u00e9e":"3 minutes"},"schema":{"@context":"https:\/\/schema.org","@graph":[{"@type":"WebPage","@id":"https:\/\/gallican-montbrison.fr\/wp\/?p=9997","url":"https:\/\/gallican-montbrison.fr\/wp\/?p=9997","name":"La Foi ... - Chapelle Saint Michel Archange Montbrison","isPartOf":{"@id":"https:\/\/gallican-montbrison.fr\/wp\/#website"},"primaryImageOfPage":{"@id":"https:\/\/gallican-montbrison.fr\/wp\/?p=9997#primaryimage"},"image":{"@id":"https:\/\/gallican-montbrison.fr\/wp\/?p=9997#primaryimage"},"thumbnailUrl":"https:\/\/gallican-montbrison.fr\/wp\/wp-content\/uploads\/2025\/10\/guerison.jpeg","datePublished":"2025-10-26T20:22:10+00:00","dateModified":"2025-10-26T20:23:37+00:00","author":{"@id":"https:\/\/gallican-montbrison.fr\/wp\/#\/schema\/person\/fc5571a40f7c79de2fb1b0cf72c089a4"},"breadcrumb":{"@id":"https:\/\/gallican-montbrison.fr\/wp\/?p=9997#breadcrumb"},"inLanguage":"fr-FR","potentialAction":[{"@type":"ReadAction","target":["https:\/\/gallican-montbrison.fr\/wp\/?p=9997"]}]},{"@type":"ImageObject","inLanguage":"fr-FR","@id":"https:\/\/gallican-montbrison.fr\/wp\/?p=9997#primaryimage","url":"https:\/\/gallican-montbrison.fr\/wp\/wp-content\/uploads\/2025\/10\/guerison.jpeg","contentUrl":"https:\/\/gallican-montbrison.fr\/wp\/wp-content\/uploads\/2025\/10\/guerison.jpeg"},{"@type":"BreadcrumbList","@id":"https:\/\/gallican-montbrison.fr\/wp\/?p=9997#breadcrumb","itemListElement":[{"@type":"ListItem","position":1,"name":"Accueil","item":"https:\/\/gallican-montbrison.fr\/wp"},{"@type":"ListItem","position":2,"name":"La Foi &#8230;"}]},{"@type":"WebSite","@id":"https:\/\/gallican-montbrison.fr\/wp\/#website","url":"https:\/\/gallican-montbrison.fr\/wp\/","name":"Chapelle Saint Michel Archange Montbrison","description":"Eglise Gallicane, Tradition Apostolique de Gazinet","potentialAction":[{"@type":"SearchAction","target":{"@type":"EntryPoint","urlTemplate":"https:\/\/gallican-montbrison.fr\/wp\/?s={search_term_string}"},"query-input":{"@type":"PropertyValueSpecification","valueRequired":true,"valueName":"search_term_string"}}],"inLanguage":"fr-FR"},{"@type":"Person","@id":"https:\/\/gallican-montbrison.fr\/wp\/#\/schema\/person\/fc5571a40f7c79de2fb1b0cf72c089a4","name":"Colette","url":"https:\/\/gallican-montbrison.fr\/wp\/?author=3"}]}},"_links":{"self":[{"href":"https:\/\/gallican-montbrison.fr\/wp\/index.php?rest_route=\/wp\/v2\/posts\/9997"}],"collection":[{"href":"https:\/\/gallican-montbrison.fr\/wp\/index.php?rest_route=\/wp\/v2\/posts"}],"about":[{"href":"https:\/\/gallican-montbrison.fr\/wp\/index.php?rest_route=\/wp\/v2\/types\/post"}],"author":[{"embeddable":true,"href":"https:\/\/gallican-montbrison.fr\/wp\/index.php?rest_route=\/wp\/v2\/users\/3"}],"replies":[{"embeddable":true,"href":"https:\/\/gallican-montbrison.fr\/wp\/index.php?rest_route=%2Fwp%2Fv2%2Fcomments&post=9997"}],"version-history":[{"count":1,"href":"https:\/\/gallican-montbrison.fr\/wp\/index.php?rest_route=\/wp\/v2\/posts\/9997\/revisions"}],"predecessor-version":[{"id":10000,"href":"https:\/\/gallican-montbrison.fr\/wp\/index.php?rest_route=\/wp\/v2\/posts\/9997\/revisions\/10000"}],"wp:attachment":[{"href":"https:\/\/gallican-montbrison.fr\/wp\/index.php?rest_route=%2Fwp%2Fv2%2Fmedia&parent=9997"}],"wp:term":[{"taxonomy":"category","embeddable":true,"href":"https:\/\/gallican-montbrison.fr\/wp\/index.php?rest_route=%2Fwp%2Fv2%2Fcategories&post=9997"},{"taxonomy":"post_tag","embeddable":true,"href":"https:\/\/gallican-montbrison.fr\/wp\/index.php?rest_route=%2Fwp%2Fv2%2Ftags&post=9997"}],"curies":[{"name":"wp","href":"https:\/\/api.w.org\/{rel}","templated":true}]}}